{"id":3344,"date":"2019-09-30T22:10:21","date_gmt":"2019-10-01T03:10:21","guid":{"rendered":"https:\/\/www.greenpeace.org\/mexico\/?p=3344"},"modified":"2025-08-18T01:02:41","modified_gmt":"2025-08-18T06:02:41","slug":"como-logro-greta-thunberg-viajar-sin-emisiones","status":"publish","type":"post","link":"https:\/\/www.greenpeace.org\/mexico\/blog\/3344\/como-logro-greta-thunberg-viajar-sin-emisiones\/","title":{"rendered":"\u00bfC\u00f3mo logr\u00f3 Greta Thunberg viajar sin emisiones?"},"content":{"rendered":"\n<figure class=\"wp-block-image alignnone\"><img loading=\"lazy\" decoding=\"async\" width=\"800\" height=\"502\" src=\"https:\/\/www.greenpeace.org\/static\/planet4-mexico-stateless\/2019\/09\/5890e43c-greta_thunberg_01.jpg\" title=\"Retrato de Greta Thunberg durante una huelga por el clima.\" alt=\"Retrato de Greta Thunberg durante una huelga por el clima.\" class=\"wp-image-3348\" srcset=\"https:\/\/www.greenpeace.org\/static\/planet4-mexico-stateless\/2019\/09\/5890e43c-greta_thunberg_01.jpg 800w, https:\/\/www.greenpeace.org\/static\/planet4-mexico-stateless\/2019\/09\/5890e43c-greta_thunberg_01-300x188.jpg 300w, https:\/\/www.greenpeace.org\/static\/planet4-mexico-stateless\/2019\/09\/5890e43c-greta_thunberg_01-768x482.jpg 768w, https:\/\/www.greenpeace.org\/static\/planet4-mexico-stateless\/2019\/09\/5890e43c-greta_thunberg_01-510x320.jpg 510w\" sizes=\"auto, (max-width: 800px) 100vw, 800px\" \/><figcaption class=\"wp-element-caption\">Greta Thunberg y las huelgas estudiantiles <\/figcaption><\/figure>\n\n<p><strong>Greta Thunberg es una activista ambiental de 16 a\u00f1os que se ha convertido en un s\u00edmbolo mundial de la lucha contra el cambio clim\u00e1tico<\/strong>. Apareci\u00f3 en mayo en la portada de la revista <em>Times<\/em> nombrada \u201cl\u00edder de la pr\u00f3xima generaci\u00f3n\u201d, as\u00ed como una de las 100 personas m\u00e1s influyentes a nivel mundial.&nbsp;<\/p>\n\n<p>Su m\u00e1s reciente intervenci\u00f3n en la ONU ha incomodado a los poderes del mundo, con un discurso firme y claro, tan dram\u00e1tico y alarmante como la situaci\u00f3n en la que se encuentra el planeta con la crisis del cambio clim\u00e1tico, sus palabras opacaron la recurrente ret\u00f3rica vac\u00eda de los l\u00edderes pol\u00edticos mundiales.&nbsp;<\/p>\n\n<p>\u201cNos piden esperanza a los j\u00f3venes, c\u00f3mo se atreven. La gente sufre, se muere, ecosistemas completos se colapsan, estamos en el inicio de una extinci\u00f3n masiva, y de lo \u00fanico que hablan es de dinero y cuentos de hadas del eterno crecimiento econ\u00f3mico. C\u00f3mo se atreven.\u201d<\/p>\n\n<figure class=\"wp-block-image alignnone\"><img loading=\"lazy\" decoding=\"async\" width=\"1024\" height=\"683\" src=\"https:\/\/www.greenpeace.org\/static\/planet4-mexico-stateless\/2019\/09\/ed75c554-greta-thunberg-onu-1024x683.jpg\" title=\"Retrato de Greta Thunberg en las Naciones Unidas.\" alt=\"Retrato de Greta Thunberg en las Naciones Unidas.\" class=\"wp-image-3346\" srcset=\"https:\/\/www.greenpeace.org\/static\/planet4-mexico-stateless\/2019\/09\/ed75c554-greta-thunberg-onu.jpg 1024w, https:\/\/www.greenpeace.org\/static\/planet4-mexico-stateless\/2019\/09\/ed75c554-greta-thunberg-onu-300x200.jpg 300w, https:\/\/www.greenpeace.org\/static\/planet4-mexico-stateless\/2019\/09\/ed75c554-greta-thunberg-onu-768x512.jpg 768w, https:\/\/www.greenpeace.org\/static\/planet4-mexico-stateless\/2019\/09\/ed75c554-greta-thunberg-onu-510x340.jpg 510w\" sizes=\"auto, (max-width: 1024px) 100vw, 1024px\" \/><figcaption class=\"wp-element-caption\">Greta Thunberg<\/figcaption><\/figure>\n\n<p>\u201cUstedes nos est\u00e1n fallando, pero los j\u00f3venes hemos comenzado a entender su traici\u00f3n. Los ojos de todas las generaciones futuras est\u00e1n sobre ustedes, y si deciden fallarnos, nunca los perdonaremos. El mundo est\u00e1 despertando, y el cambio est\u00e1 sucediendo, les guste o no\u201d<\/p>\n\n<p>Inici\u00f3 el movimiento de Huelga Escolar por el Clima <em>Friday for future<\/em> (Viernes para el futuro) haciendo un plant\u00f3n afuera del parlamento sueco durante su turno escolar cada viernes, demandando acciones radicales para revertir el calentamiento global antropog\u00e9nico. A este movimiento se unieron infantes, as\u00ed como j\u00f3venes y adultos de diversas ciudades de todo el mundo para protestar contra las autoridades pol\u00edticas y su inacci\u00f3n ante el cambio clim\u00e1tico.&nbsp;<\/p>\n\n<h2 class=\"wp-block-heading\">\u00bfC\u00f3mo viaj\u00f3 de Estocolmo a Nueva York libre de emisiones?<\/h2>\n\n<p>Recientemente Greta viaj\u00f3 en velero desde Estocolmo, Suecia, hasta Nueva York, EUA para llegar a la Cumbre Mundial por el Cambio Clim\u00e1tico. Firme en sus palabras y congruente con sus acciones hizo un viaje de cero emisi\u00f3n de carbono que inici\u00f3 el 14 de agosto y concluy\u00f3 el 28 del mismo mes. Greta se re\u00fasa a viajar en avi\u00f3n, ya que este medio de transporte genera un alto impacto ambiental por sus motores de combusti\u00f3n. En Suecia existe una campa\u00f1a llamada <em>Flygscam<\/em>, la verg\u00fcenza de volar.&nbsp;<\/p>\n\n<figure class=\"wp-block-image aligncenter\"><img decoding=\"async\" src=\"https:\/\/www.greenpeace.org\/static\/planet4-mexico-stateless\/2019\/09\/d8a13275-greta-thunberg-y-malizia-ii.jpg\" title=\"Retrato de Greta Thunberg en Malizia II<div class=\"credit icon-left\"> \u00a9 The New York Times<\/div>&#8221; alt=&#8221;Retrato de Greta Thunberg en Malizia II<div class=\"credit icon-left\"> \u00a9 The New York Times<\/div>&#8221; class=&#8221;wp-image-3350&#8243;\/><figcaption class=\"wp-element-caption\">Greta Thunberg en Malizia II<div class=\"credit icon-left\"> \u00a9 The New York Times<\/div><\/figcaption><\/figure>\n\n<p>Malizia II es el nombre del velero en el que esta joven ha emprendido parte de sus haza\u00f1as. Es un velero monocasco dise\u00f1ado para regatas que alcanza velocidades de 40 nudos, unos 74 Km por hora, siendo la manera m\u00e1s veloz, y la \u00fanica de cero emisiones de carbono ya que genera su propia energ\u00eda a trav\u00e9s de paneles solares y turbinas subacu\u00e1ticas.&nbsp;&nbsp;<\/p>\n\n<p>Greta es ejemplo para millones de personas, es la muestra del hartazgo prematuro de una generaci\u00f3n que ve con terror la realidad que les rodea. Ha sido cuestionada por la condici\u00f3n de autismo que sufre, el S\u00edndrome de Assperger no es una enfermedad, y las personas que lo padecen suelen tener un pensamiento abstracto muy superior al com\u00fan, as\u00ed como una capacidad de compromiso inquebrantable que no cesa hasta concluir lo emprendido.&nbsp;<\/p>\n\n<p>Para enfrentar la crisis del cambio clim\u00e1tico est\u00e1 claro que las acciones que individualmente o en grupo emprendamos tienen importancia, y cualquier cambio que llevemos a cabo en la reducci\u00f3n de nuestro impacto ambiental es imprescindible. Dejar la comodidad de lado para utilizar transporte sustentable, reciclar y reutilizar son principios importantes, adem\u00e1s de participar en econom\u00edas locales para impulsar el desarrollo de peque\u00f1os productores en vez de grandes monopolios.<\/p>\n\n<figure class=\"wp-block-image alignnone\"><img loading=\"lazy\" decoding=\"async\" width=\"1024\" height=\"683\" src=\"https:\/\/www.greenpeace.org\/static\/planet4-mexico-stateless\/2019\/09\/dc2a012a-huelgas-estudiantiles-1024x683.jpg\" title=\"Fotograf\u00eda de las huelgas estudiantiles por el cambio clim\u00e1tico, se observan j\u00f3venes con pancartas.\" alt=\"Fotograf\u00eda de las huelgas estudiantiles por el cambio clim\u00e1tico, se observan j\u00f3venes con pancartas.\" class=\"wp-image-3347\" srcset=\"https:\/\/www.greenpeace.org\/static\/planet4-mexico-stateless\/2019\/09\/dc2a012a-huelgas-estudiantiles.jpg 1024w, https:\/\/www.greenpeace.org\/static\/planet4-mexico-stateless\/2019\/09\/dc2a012a-huelgas-estudiantiles-300x200.jpg 300w, https:\/\/www.greenpeace.org\/static\/planet4-mexico-stateless\/2019\/09\/dc2a012a-huelgas-estudiantiles-768x512.jpg 768w, https:\/\/www.greenpeace.org\/static\/planet4-mexico-stateless\/2019\/09\/dc2a012a-huelgas-estudiantiles-510x340.jpg 510w\" sizes=\"auto, (max-width: 1024px) 100vw, 1024px\" \/><figcaption class=\"wp-element-caption\">Huelgas estudiantiles por el cambio clim\u00e1tico<\/figcaption><\/figure>\n\n<p>A la par de esas acciones debemos exigir que los gobiernos y las grandes industrias hagan lo necesario para contrarrestar el da\u00f1o que le hemos hecho al planeta. El causante principal es el capitalismo, por ello los gobiernos deben dejar de ser omisos y hacer lo imperativo, ya que son las cadenas de producci\u00f3n industrial y de consumo masivo las que mayor impacto ambiental provocan. Bajo el rapaz inter\u00e9s econ\u00f3mico el equilibrio medioambiental est\u00e1 trastocado.&nbsp;<\/p>\n\n<p>En el Foro Econ\u00f3mico Mundial que se celebr\u00f3 en Davos, Suiza, Greta Thunberg dijo: <em><strong>\u201cQuiero que entren en p\u00e1nico, que sientan el miedo que siento todos los d\u00edas, quiero que act\u00faen como lo har\u00edan en una crisis, que reaccionen como si su casa estuviera en llamas, porque lo est\u00e1.\u201d<\/strong><\/em><\/p>\n<div class=\"mceTemp\">\u00a0<\/div>\n<p>\u00a0<\/p>\n<p>\u00a0<\/p>\n\t\t\t<section\n\t\t\tclass=\"boxout post-1823 \"\n\t\t\t\n\t\t>\n\t\t\t<a\n\t\t\t\tdata-ga-category=\"Take Action Boxout\"\n\t\t\t\tdata-ga-action=\"Image\"\n\t\t\t\tdata-ga-label=\"n\/a\"\n\t\t\t\tclass=\"cover-card-overlay\"\n\t\t\t\thref=\"https:\/\/www.greenpeace.org\/mexico\/participa\/transporte-sin-contaminacion\/\" \n\t\t\t><\/a>\n\t\t\t\t\t\t\t<img\n\t\t\t\t\t\tsrc=\"https:\/\/www.greenpeace.org\/static\/planet4-mexico-stateless\/2018\/12\/68b48d0d-gp0strohv-1024x683.jpg\"\n\t\t\t\t\t\tsrcset=\"https:\/\/www.greenpeace.org\/static\/planet4-mexico-stateless\/2018\/12\/68b48d0d-gp0strohv-300x200.jpg 300w, https:\/\/www.greenpeace.org\/static\/planet4-mexico-stateless\/2018\/12\/68b48d0d-gp0strohv-768x512.jpg 768w, https:\/\/www.greenpeace.org\/static\/planet4-mexico-stateless\/2018\/12\/68b48d0d-gp0strohv-1024x683.jpg 1024w, https:\/\/www.greenpeace.org\/static\/planet4-mexico-stateless\/2018\/12\/68b48d0d-gp0strohv-510x340.jpg 510w, https:\/\/www.greenpeace.org\/static\/planet4-mexico-stateless\/2018\/12\/68b48d0d-gp0strohv.jpg 1200w\"\n\t\t\t\t\t\tsizes=\"(min-width: 1000px) 358px, (min-width: 780px) 313px, 88px\"\n\t\t\t\t\t\talt=\"Urban Revolution Viaduct Protest in Mexico. \u00a9 Argelia Zacatzi\" title=\"Urban Revolution Viaduct Protest in Mexico. \u00a9 Argelia Zacatzi\"\n\t\t\t\t\/>\n            \t\t\t<div class=\"boxout-content\">\n\t\t\t\t\t\t\t\t\t<a\n\t\t\t\t\t\tclass=\"boxout-heading medium\"\n\t\t\t\t\t\tdata-ga-category=\"Take Action Boxout\"\n\t\t\t\t\t\tdata-ga-action=\"Title\"\n\t\t\t\t\t\tdata-ga-label=\"n\/a\"\n\t\t\t\t\t\thref=\"https:\/\/www.greenpeace.org\/mexico\/participa\/transporte-sin-contaminacion\/\"\n\t\t\t\t\t\t\n\t\t\t\t\t>\n\t\t\t\t\t\tExige transporte seguro y sin contaminaci\u00f3n del aire\n\t\t\t\t\t<\/a>\n\t\t\t\t\t\t\t\t\t\t\t\t\t<p class=\"boxout-excerpt\">Exijamos m\u00e1s y mejor transporte que nos ayude a mejorar el aire que respiramos en nuestras ciudades<\/p>\n\t\t\t\t                                    <a\n                        class=\"btn btn-primary\"\n                        data-ga-category=\"Take Action Boxout\"\n                        data-ga-action=\"Call to Action\"\n                        data-ga-label=\"n\/a\"\n                        href=\"https:\/\/www.greenpeace.org\/mexico\/participa\/transporte-sin-contaminacion\/\"\n                        \n                    >\n                        Participa\n                    <\/a>\n                \t\t\t<\/div>\n\t\t\t\t\t<\/section>\n\t\n<p><\/p>\n","protected":false},"excerpt":{"rendered":"<p>Greta Thunberg viaj\u00f3 de Estocolmo a Nueva York en velero sin emisiones, mostrando c\u00f3mo reducir el impacto ambiental y luchar contra el cambio clim\u00e1tico.<\/p>\n","protected":false},"author":21,"featured_media":3348,"comment_status":"open","ping_status":"open","sticky":false,"template":"","format":"standard","meta":{"ep_exclude_from_search":false,"p4_og_title":"\u00bfC\u00f3mo logr\u00f3 Greta Thunberg viajar sin emisiones?","p4_og_description":"Greta Thunberg viaj\u00f3 de Estocolmo a Nueva York en velero sin emisiones, mostrando c\u00f3mo reducir el impacto ambiental y luchar contra el cambio clim\u00e1tico.","p4_og_image":"https:\/\/www.greenpeace.org\/static\/planet4-mexico-stateless\/2019\/09\/5890e43c-greta_thunberg_01.jpg","p4_og_image_id":"3348","p4_seo_canonical_url":"","p4_campaign_name":"not set","p4_local_project":"","p4_basket_name":"not set","p4_department":"","footnotes":""},"categories":[46],"tags":[21,47],"p4-page-type":[14],"class_list":["post-3344","post","type-post","status-publish","format-standard","has-post-thumbnail","hentry","category-por-definir","tag-activismo","tag-cambio-climatico","p4-page-type-blog"],"_links":{"self":[{"href":"https:\/\/www.greenpeace.org\/mexico\/wp-json\/wp\/v2\/posts\/3344","targetHints":{"allow":["GET"]}}],"collection":[{"href":"https:\/\/www.greenpeace.org\/mexico\/wp-json\/wp\/v2\/posts"}],"about":[{"href":"https:\/\/www.greenpeace.org\/mexico\/wp-json\/wp\/v2\/types\/post"}],"author":[{"embeddable":true,"href":"https:\/\/www.greenpeace.org\/mexico\/wp-json\/wp\/v2\/users\/21"}],"replies":[{"embeddable":true,"href":"https:\/\/www.greenpeace.org\/mexico\/wp-json\/wp\/v2\/comments?post=3344"}],"version-history":[{"count":8,"href":"https:\/\/www.greenpeace.org\/mexico\/wp-json\/wp\/v2\/posts\/3344\/revisions"}],"predecessor-version":[{"id":60499,"href":"https:\/\/www.greenpeace.org\/mexico\/wp-json\/wp\/v2\/posts\/3344\/revisions\/60499"}],"wp:featuredmedia":[{"embeddable":true,"href":"https:\/\/www.greenpeace.org\/mexico\/wp-json\/wp\/v2\/media\/3348"}],"wp:attachment":[{"href":"https:\/\/www.greenpeace.org\/mexico\/wp-json\/wp\/v2\/media?parent=3344"}],"wp:term":[{"taxonomy":"category","embeddable":true,"href":"https:\/\/www.greenpeace.org\/mexico\/wp-json\/wp\/v2\/categories?post=3344"},{"taxonomy":"post_tag","embeddable":true,"href":"https:\/\/www.greenpeace.org\/mexico\/wp-json\/wp\/v2\/tags?post=3344"},{"taxonomy":"p4-page-type","embeddable":true,"href":"https:\/\/www.greenpeace.org\/mexico\/wp-json\/wp\/v2\/p4-page-type?post=3344"}],"curies":[{"name":"wp","href":"https:\/\/api.w.org\/{rel}","templated":true}]}}