{"id":3363,"date":"2019-10-02T21:53:48","date_gmt":"2019-10-03T02:53:48","guid":{"rendered":"https:\/\/www.greenpeace.org\/mexico\/?p=3363"},"modified":"2025-08-18T00:49:14","modified_gmt":"2025-08-18T05:49:14","slug":"rosa-parks-un-simbolo-del-activismo-no-violento","status":"publish","type":"post","link":"https:\/\/www.greenpeace.org\/mexico\/blog\/3363\/rosa-parks-un-simbolo-del-activismo-no-violento\/","title":{"rendered":"Rosa Parks, un s\u00edmbolo del activismo no violento"},"content":{"rendered":"\n<p><strong>Rosa Parks es uno de los iconos mundiales del activismo<\/strong><strong> no violento<\/strong>.&nbsp; Con una simple acci\u00f3n deton\u00f3 una lucha que represent\u00f3 un parteaguas en el tema de segregaci\u00f3n racial a nivel mundial y hoy en el D\u00eda Mundial de la No Violencia queremos rTodo sucedi\u00f3 de regreso a casa en el transporte p\u00fablico despu\u00e9s de una jornada laboral intensa en la f\u00e1brica de ropa donde laboraba.<\/p>\n\n<figure class=\"wp-block-image aligncenter\"><img loading=\"lazy\" decoding=\"async\" width=\"550\" height=\"417\" src=\"https:\/\/www.greenpeace.org\/static\/planet4-mexico-stateless\/2019\/10\/0ad22716-rosa_parks_bus.jpg\" title=\"Retrato de Rosa Parks en el bus.\" alt=\"Retrato de Rosa Parks en el bus.\" class=\"wp-image-3366\" srcset=\"https:\/\/www.greenpeace.org\/static\/planet4-mexico-stateless\/2019\/10\/0ad22716-rosa_parks_bus.jpg 550w, https:\/\/www.greenpeace.org\/static\/planet4-mexico-stateless\/2019\/10\/0ad22716-rosa_parks_bus-300x227.jpg 300w, https:\/\/www.greenpeace.org\/static\/planet4-mexico-stateless\/2019\/10\/0ad22716-rosa_parks_bus-448x340.jpg 448w\" sizes=\"auto, (max-width: 550px) 100vw, 550px\" \/><figcaption class=\"wp-element-caption\">Rosa Parks en el bus<\/figcaption><\/figure>\n\n<p>Para esos a\u00f1os, mediados del siglo XX, s\u00f3lo los blancos pod\u00edan sentarse en las primeras filas del transporte p\u00fablico, los blancos ten\u00edan la exclusividad adem\u00e1s de tener preferencia en cualquier lugar ocupado por un afroamericano. Dos colores: blanco y negro, as\u00ed de absurdo.<\/p>\n\n<p>El 1ero de diciembre de 1955 en Montgomery (Alabama, E.U.) Rosa Parks dijo NO a la petici\u00f3n de ceder su lugar a alguien blanco, entre el cansancio del trabajo y el hartazgo de los malos tratos no hubo espacio para un d\u00eda m\u00e1s de discriminaci\u00f3n. Ante su negativa fue encarcelada, enjuiciada y condenada por ir en contra de una orden municipal. Sus compa\u00f1eros y compa\u00f1eras de la asociaci\u00f3n en la que trabajaba a favor de los derechos civiles afroamericanos se organizaron y comenzaron las diferentes manifestaciones.&nbsp;<\/p>\n\n<p>La primera acci\u00f3n masiva organizada y no violenta fue convocar a toda la comunidad negra a no usar los autobuses, invit\u00e1ndolos a caminar y usar otros medios de transporte, insistiendo en que ni aun los menores o los adultos mayores pod\u00edan usarlo. Fue un primer lunes de protesta que se prolong\u00f3 por 381 d\u00edas. La comunidad que m\u00e1s usaba el transporte p\u00fablico era la comunidad negra, esa acci\u00f3n no violenta prolongada, ese boicot a ese transporte p\u00fablico y en contra de la orden municipal de segregaci\u00f3n, moviliz\u00f3 alrededor de 42 mil personas. Podemos imaginar la p\u00e9rdida econ\u00f3mica que represent\u00f3 para la empresa transportista.&nbsp;<\/p>\n\n<figure class=\"wp-block-image alignnone\"><img loading=\"lazy\" decoding=\"async\" width=\"1024\" height=\"767\" src=\"https:\/\/www.greenpeace.org\/static\/planet4-mexico-stateless\/2019\/10\/4599c483-rosa_parks_transporte-1024x767.jpg\" title=\"Estatua de Rosa Parks en museo de derechos humanos.\" alt=\"Estatua de Rosa Parks en museo de derechos humanos.\" class=\"wp-image-3367\" srcset=\"https:\/\/www.greenpeace.org\/static\/planet4-mexico-stateless\/2019\/10\/4599c483-rosa_parks_transporte-1024x767.jpg 1024w, https:\/\/www.greenpeace.org\/static\/planet4-mexico-stateless\/2019\/10\/4599c483-rosa_parks_transporte-300x225.jpg 300w, https:\/\/www.greenpeace.org\/static\/planet4-mexico-stateless\/2019\/10\/4599c483-rosa_parks_transporte-768x575.jpg 768w, https:\/\/www.greenpeace.org\/static\/planet4-mexico-stateless\/2019\/10\/4599c483-rosa_parks_transporte-1823x1366.jpg 1823w, https:\/\/www.greenpeace.org\/static\/planet4-mexico-stateless\/2019\/10\/4599c483-rosa_parks_transporte-454x340.jpg 454w\" sizes=\"auto, (max-width: 1024px) 100vw, 1024px\" \/><figcaption class=\"wp-element-caption\">Estatua de Rosa Parks en museo de derechos humanos<\/figcaption><\/figure>\n\n<p>Las autoridades jam\u00e1s imaginaron que las familias apoyaran el no usar ese medio por tanto tiempo, se organizaron compartiendo taxis, camionetas, coches, caminando y teniendo a la bicicleta como aliada. Un a\u00f1o despu\u00e9s, en el mes de noviembre, el Tribunal Supremo de los Estados Unidos declaraba inconstitucional la segregaci\u00f3n racial en los autobuses.&nbsp;<\/p>\n\n<p>Cabe mencionar que la segregaci\u00f3n en otros \u00e1mbitos como cafeter\u00edas, cines, playas o ba\u00f1os se prolong\u00f3 por varios a\u00f1os m\u00e1s. Hasta que en 1964 y luego de protestas en todo el territorio norteamericano, al fin se prohibi\u00f3 la discriminaci\u00f3n de la comunidad negra en lugares p\u00fablicos, en el gobierno o en cualquier tipo de empleo. En 1965 fue abolida la esclavitud.<\/p>\n\n<p>Desafortunadamente en la actualidad algunos pa\u00edses a\u00fan ponen en pr\u00e1ctica la segregaci\u00f3n racial por diferentes motivos, por ello es imprescindible que hoy, en conmemoraci\u00f3n del #D\u00edaDeLaNoViolencia se visibilicen historias como la de Rosa Parks que lograron cambiar el rumbo de la historia. Tambi\u00e9n es importante hacer visibles las luchas civiles no violentas exitosas, en tiempos donde las agresiones f\u00edsicas y psicol\u00f3gicas a menores y mujeres se han disparado de manera alarmante.<\/p>\n\n<figure class=\"wp-block-image aligncenter\"><img loading=\"lazy\" decoding=\"async\" width=\"526\" height=\"636\" src=\"https:\/\/www.greenpeace.org\/static\/planet4-mexico-stateless\/2019\/10\/9a465810-rosa_parks.jpg\" title=\"Retrato en Blanco y Ngero de Rosa Parks\" alt=\"Retrato en Blanco y Ngero de Rosa Parks\" class=\"wp-image-3365\" srcset=\"https:\/\/www.greenpeace.org\/static\/planet4-mexico-stateless\/2019\/10\/9a465810-rosa_parks.jpg 526w, https:\/\/www.greenpeace.org\/static\/planet4-mexico-stateless\/2019\/10\/9a465810-rosa_parks-248x300.jpg 248w, https:\/\/www.greenpeace.org\/static\/planet4-mexico-stateless\/2019\/10\/9a465810-rosa_parks-281x340.jpg 281w\" sizes=\"auto, (max-width: 526px) 100vw, 526px\" \/><\/figure>\n\n<p>El activismo radical no violento para generar cambios es posible, es necesario estar informados, organizarnos y trabajar mucho. Unidos podemos hacerlo. El mundo requiere muchas se\u00f1oras Parks que nos recuerden que es posible mejorar el rumbo de la sociedad respetando nuestras diferencias y respetando nuestro hogar llamado planeta tierra.<\/p>\n<p>\u00a0<\/p>\n<p>\u00a0<\/p>\n\t\t\t<section\n\t\t\tclass=\"boxout post-1823 \"\n\t\t\t\n\t\t>\n\t\t\t<a\n\t\t\t\tdata-ga-category=\"Take Action Boxout\"\n\t\t\t\tdata-ga-action=\"Image\"\n\t\t\t\tdata-ga-label=\"n\/a\"\n\t\t\t\tclass=\"cover-card-overlay\"\n\t\t\t\thref=\"https:\/\/www.greenpeace.org\/mexico\/participa\/transporte-sin-contaminacion\/\" \n\t\t\t><\/a>\n\t\t\t\t\t\t\t<img\n\t\t\t\t\t\tsrc=\"https:\/\/www.greenpeace.org\/static\/planet4-mexico-stateless\/2018\/12\/68b48d0d-gp0strohv-1024x683.jpg\"\n\t\t\t\t\t\tsrcset=\"https:\/\/www.greenpeace.org\/static\/planet4-mexico-stateless\/2018\/12\/68b48d0d-gp0strohv-300x200.jpg 300w, https:\/\/www.greenpeace.org\/static\/planet4-mexico-stateless\/2018\/12\/68b48d0d-gp0strohv-768x512.jpg 768w, https:\/\/www.greenpeace.org\/static\/planet4-mexico-stateless\/2018\/12\/68b48d0d-gp0strohv-1024x683.jpg 1024w, https:\/\/www.greenpeace.org\/static\/planet4-mexico-stateless\/2018\/12\/68b48d0d-gp0strohv-510x340.jpg 510w, https:\/\/www.greenpeace.org\/static\/planet4-mexico-stateless\/2018\/12\/68b48d0d-gp0strohv.jpg 1200w\"\n\t\t\t\t\t\tsizes=\"(min-width: 1000px) 358px, (min-width: 780px) 313px, 88px\"\n\t\t\t\t\t\talt=\"Urban Revolution Viaduct Protest in Mexico. \u00a9 Argelia Zacatzi\" title=\"Urban Revolution Viaduct Protest in Mexico. \u00a9 Argelia Zacatzi\"\n\t\t\t\t\/>\n            \t\t\t<div class=\"boxout-content\">\n\t\t\t\t\t\t\t\t\t<a\n\t\t\t\t\t\tclass=\"boxout-heading medium\"\n\t\t\t\t\t\tdata-ga-category=\"Take Action Boxout\"\n\t\t\t\t\t\tdata-ga-action=\"Title\"\n\t\t\t\t\t\tdata-ga-label=\"n\/a\"\n\t\t\t\t\t\thref=\"https:\/\/www.greenpeace.org\/mexico\/participa\/transporte-sin-contaminacion\/\"\n\t\t\t\t\t\t\n\t\t\t\t\t>\n\t\t\t\t\t\tExige transporte seguro y sin contaminaci\u00f3n del aire\n\t\t\t\t\t<\/a>\n\t\t\t\t\t\t\t\t\t\t\t\t\t<p class=\"boxout-excerpt\">Exijamos m\u00e1s y mejor transporte que nos ayude a mejorar el aire que respiramos en nuestras ciudades<\/p>\n\t\t\t\t                                    <a\n                        class=\"btn btn-primary\"\n                        data-ga-category=\"Take Action Boxout\"\n                        data-ga-action=\"Call to Action\"\n                        data-ga-label=\"n\/a\"\n                        href=\"https:\/\/www.greenpeace.org\/mexico\/participa\/transporte-sin-contaminacion\/\"\n                        \n                    >\n                        Participa\n                    <\/a>\n                \t\t\t<\/div>\n\t\t\t\t\t<\/section>\n\t\n<p><\/p>\n","protected":false},"excerpt":{"rendered":"<p>Rosa Parks es uno de los iconos mundiales del activismo no violento.\u00a0 Con una simple acci\u00f3n desde el transporte p\u00fablico, deton\u00f3 una lucha que represent\u00f3 un parteaguas en el tema de segregaci\u00f3n racial.<\/p>\n","protected":false},"author":21,"featured_media":3366,"comment_status":"open","ping_status":"open","sticky":false,"template":"","format":"standard","meta":{"ep_exclude_from_search":false,"p4_og_title":"Rosa Parks, un s\u00edmbolo del activismo no violento","p4_og_description":"Rosa Parks es uno de los iconos mundiales del activismo no violento.\u00a0 Con una simple acci\u00f3n desde el transporte p\u00fablico, deton\u00f3 una lucha que represent\u00f3 un parteaguas en el tema de segregaci\u00f3n racial.","p4_og_image":"https:\/\/www.greenpeace.org\/static\/planet4-mexico-stateless\/2019\/10\/0ad22716-rosa_parks_bus.jpg","p4_og_image_id":"3366","p4_seo_canonical_url":"","p4_campaign_name":"not set","p4_local_project":"","p4_basket_name":"not set","p4_department":"","footnotes":""},"categories":[46],"tags":[21],"p4-page-type":[14],"class_list":["post-3363","post","type-post","status-publish","format-standard","has-post-thumbnail","hentry","category-por-definir","tag-activismo","p4-page-type-blog"],"_links":{"self":[{"href":"https:\/\/www.greenpeace.org\/mexico\/wp-json\/wp\/v2\/posts\/3363","targetHints":{"allow":["GET"]}}],"collection":[{"href":"https:\/\/www.greenpeace.org\/mexico\/wp-json\/wp\/v2\/posts"}],"about":[{"href":"https:\/\/www.greenpeace.org\/mexico\/wp-json\/wp\/v2\/types\/post"}],"author":[{"embeddable":true,"href":"https:\/\/www.greenpeace.org\/mexico\/wp-json\/wp\/v2\/users\/21"}],"replies":[{"embeddable":true,"href":"https:\/\/www.greenpeace.org\/mexico\/wp-json\/wp\/v2\/comments?post=3363"}],"version-history":[{"count":3,"href":"https:\/\/www.greenpeace.org\/mexico\/wp-json\/wp\/v2\/posts\/3363\/revisions"}],"predecessor-version":[{"id":60492,"href":"https:\/\/www.greenpeace.org\/mexico\/wp-json\/wp\/v2\/posts\/3363\/revisions\/60492"}],"wp:featuredmedia":[{"embeddable":true,"href":"https:\/\/www.greenpeace.org\/mexico\/wp-json\/wp\/v2\/media\/3366"}],"wp:attachment":[{"href":"https:\/\/www.greenpeace.org\/mexico\/wp-json\/wp\/v2\/media?parent=3363"}],"wp:term":[{"taxonomy":"category","embeddable":true,"href":"https:\/\/www.greenpeace.org\/mexico\/wp-json\/wp\/v2\/categories?post=3363"},{"taxonomy":"post_tag","embeddable":true,"href":"https:\/\/www.greenpeace.org\/mexico\/wp-json\/wp\/v2\/tags?post=3363"},{"taxonomy":"p4-page-type","embeddable":true,"href":"https:\/\/www.greenpeace.org\/mexico\/wp-json\/wp\/v2\/p4-page-type?post=3363"}],"curies":[{"name":"wp","href":"https:\/\/api.w.org\/{rel}","templated":true}]}}