{"id":3369,"date":"2019-10-04T10:21:23","date_gmt":"2019-10-04T15:21:23","guid":{"rendered":"https:\/\/www.greenpeace.org\/mexico\/?p=3369"},"modified":"2025-08-18T00:45:22","modified_gmt":"2025-08-18T05:45:22","slug":"como-afecta-la-contaminacion-del-aire-a-tu-mascota","status":"publish","type":"post","link":"https:\/\/www.greenpeace.org\/mexico\/blog\/3369\/como-afecta-la-contaminacion-del-aire-a-tu-mascota\/","title":{"rendered":"\u00bfC\u00f3mo afecta la contaminaci\u00f3n del aire a tu mascota?"},"content":{"rendered":"\n<p>Sabemos que la contaminaci\u00f3n nos afecta a todos y tomamos medidas para protegernos. <strong>Nuestras <\/strong><strong>mascotas no est\u00e1n exentas al da\u00f1o que \u00e9sta provoca en el organismo.<\/strong><\/p>\n\n<figure class=\"wp-block-image alignnone size-large\"><img loading=\"lazy\" decoding=\"async\" width=\"1024\" height=\"683\" src=\"https:\/\/www.greenpeace.org\/static\/planet4-mexico-stateless\/2025\/08\/aa5fcfd3-mascota-perro-animal-1024x683.jpg\" title=\"Fotograf\u00eda de un perro muy cerca de la c\u00e1mara.\" alt=\"Fotograf\u00eda de un perro muy cerca de la c\u00e1mara.\" class=\"wp-image-60488\" srcset=\"https:\/\/www.greenpeace.org\/static\/planet4-mexico-stateless\/2025\/08\/aa5fcfd3-mascota-perro-animal-1024x683.jpg 1024w, https:\/\/www.greenpeace.org\/static\/planet4-mexico-stateless\/2025\/08\/aa5fcfd3-mascota-perro-animal-300x200.jpg 300w, https:\/\/www.greenpeace.org\/static\/planet4-mexico-stateless\/2025\/08\/aa5fcfd3-mascota-perro-animal-768x512.jpg 768w, https:\/\/www.greenpeace.org\/static\/planet4-mexico-stateless\/2025\/08\/aa5fcfd3-mascota-perro-animal-510x340.jpg 510w, https:\/\/www.greenpeace.org\/static\/planet4-mexico-stateless\/2025\/08\/aa5fcfd3-mascota-perro-animal.jpg 1200w\" sizes=\"auto, (max-width: 1024px) 100vw, 1024px\" \/><figcaption class=\"wp-element-caption\">\n<\/figcaption><figcaption><div class=\"credit icon-left\"> \u00a9 Greenpeace<\/div><\/figcaption><\/figure>\n\n<p>L<strong>a <\/strong><strong>contaminaci\u00f3n del aire<\/strong><strong> causa complicaciones respiratorias en perros y gatos, sufriendo afectaciones en pulmones y mucosas que pueden resultar en p\u00e9rdida del olfato<\/strong>, un sentido fundamental, ya que es a partir del sentido olfatorio que se comunican entre ellos, reconociendo jerarqu\u00edas y estados de salud.<br><br>Hay razas m\u00e1s propensas a sufrir crisis respiratorias, las llamadas branquiocef\u00e1licas: b\u00f3xer, bulldog, boston, pug, pekin\u00e9s. Son las m\u00e1s delicadas y susceptibles a sufrir por la contaminaci\u00f3n. El asma en los gatos es una condici\u00f3n que se puede agravar por la contaminaci\u00f3n en el aire.<\/p>\n\n<p>Nuestros fieles amigos tambi\u00e9n pueden sufrir conjuntivitis y resequedad ocular, y ante cualquier cambio en su comportamiento o apariencia: que se les reseque la nariz, decaimiento del \u00e1nimo, fatiga, falta de apetito, etc\u00e9tera, es importante consultar a su veterinario para mejorar su salud.<\/p>\n\n<figure class=\"wp-block-image alignnone size-large\"><img loading=\"lazy\" decoding=\"async\" width=\"1024\" height=\"573\" src=\"https:\/\/www.greenpeace.org\/static\/planet4-mexico-stateless\/2025\/08\/65cb866b-perro-animal-1024x573.jpg\" title=\"Fotograf\u00eda de 3 perros descansando sobre el pasto.\" alt=\"Fotograf\u00eda de 3 perros descansando sobre el pasto.\" class=\"wp-image-60489\" srcset=\"https:\/\/www.greenpeace.org\/static\/planet4-mexico-stateless\/2025\/08\/65cb866b-perro-animal-1024x573.jpg 1024w, https:\/\/www.greenpeace.org\/static\/planet4-mexico-stateless\/2025\/08\/65cb866b-perro-animal-300x168.jpg 300w, https:\/\/www.greenpeace.org\/static\/planet4-mexico-stateless\/2025\/08\/65cb866b-perro-animal-768x429.jpg 768w, https:\/\/www.greenpeace.org\/static\/planet4-mexico-stateless\/2025\/08\/65cb866b-perro-animal-510x285.jpg 510w, https:\/\/www.greenpeace.org\/static\/planet4-mexico-stateless\/2025\/08\/65cb866b-perro-animal.jpg 1200w\" sizes=\"auto, (max-width: 1024px) 100vw, 1024px\" \/><figcaption class=\"wp-element-caption\">Mascotas y contaminaci\u00f3n<div class=\"credit icon-left\"> \u00a9 Tim Aubry \/ Greenpeace<\/div><\/figcaption><\/figure>\n\n<p>En contingencia ambiental tambi\u00e9n nuestras mascotas deben acatar las medidas de emergencia. Tendr\u00e1s que evitar que hagan ejercicio, si est\u00e1n acostumbrados a salir para hacer sus necesidades que esos paseos sean muy cortos, no mayores a cinco minutos, no sobra decir que aunque vayan con prisa no olvides recoger sus heces.<br><br>Es importante que duerman a resguardo, no en el patio sino en interior con las ventanas cerradas. Que sus platos de comida y agua no est\u00e9n en contacto con la lluvia o el aire del exterior, ya que las part\u00edculas contaminantes se transportan en el agua y el aire principalmente.&nbsp;<\/p>\n\n<p>Para nosotros ellos son una fiel compa\u00f1\u00eda, son parte de la familia, y nosotros para ellos somos parte de su manada, y por la manada dan su vida, as\u00ed que nos corresponde cuidar la suya.<\/p>\n\n<p class=\"has-green-800-color has-text-color has-link-color wp-elements-a56c55f610f34d4ccdc5bea3029d5dc2\"><strong>\u00danete y exige transporte seguro, eficiente y sin contaminaci\u00f3n. Firma aqu\u00ed:<\/strong><\/p>\n<h3>\u00a0<\/h3>\n<p>&lt;!&#8211;[if lte IE 8]&gt;<script charset=\"utf-8\" type=\"text\/javascript\" src=\"\/\/js.hsforms.net\/forms\/v2-legacy.js\"<\/script><![endif]--><script charset=\"utf-8\" type=\"text\/javascript\" src=\"\/\/js.hsforms.net\/forms\/v2.js\"><\/script><script>hbspt.forms.create({portalId: \"2617486\",formId: \"191beebe-6de0-49a9-9455-820ec9fc431b\",sfdcCampaignId: \"7011P000000tqJcQAI\"});<\/script><\/p>\n\t\t\t<section\n\t\t\tclass=\"boxout post-1823 \"\n\t\t\t\n\t\t>\n\t\t\t<a\n\t\t\t\tdata-ga-category=\"Take Action Boxout\"\n\t\t\t\tdata-ga-action=\"Image\"\n\t\t\t\tdata-ga-label=\"n\/a\"\n\t\t\t\tclass=\"cover-card-overlay\"\n\t\t\t\thref=\"https:\/\/www.greenpeace.org\/mexico\/participa\/transporte-sin-contaminacion\/\" \n\t\t\t><\/a>\n\t\t\t\t\t\t\t<img\n\t\t\t\t\t\tsrc=\"https:\/\/www.greenpeace.org\/static\/planet4-mexico-stateless\/2018\/12\/68b48d0d-gp0strohv-1024x683.jpg\"\n\t\t\t\t\t\tsrcset=\"https:\/\/www.greenpeace.org\/static\/planet4-mexico-stateless\/2018\/12\/68b48d0d-gp0strohv-300x200.jpg 300w, https:\/\/www.greenpeace.org\/static\/planet4-mexico-stateless\/2018\/12\/68b48d0d-gp0strohv-768x512.jpg 768w, https:\/\/www.greenpeace.org\/static\/planet4-mexico-stateless\/2018\/12\/68b48d0d-gp0strohv-1024x683.jpg 1024w, https:\/\/www.greenpeace.org\/static\/planet4-mexico-stateless\/2018\/12\/68b48d0d-gp0strohv-510x340.jpg 510w, https:\/\/www.greenpeace.org\/static\/planet4-mexico-stateless\/2018\/12\/68b48d0d-gp0strohv.jpg 1200w\"\n\t\t\t\t\t\tsizes=\"(min-width: 1000px) 358px, (min-width: 780px) 313px, 88px\"\n\t\t\t\t\t\talt=\"Urban Revolution Viaduct Protest in Mexico. \u00a9 Argelia Zacatzi\" title=\"Urban Revolution Viaduct Protest in Mexico. \u00a9 Argelia Zacatzi\"\n\t\t\t\t\/>\n            \t\t\t<div class=\"boxout-content\">\n\t\t\t\t\t\t\t\t\t<a\n\t\t\t\t\t\tclass=\"boxout-heading medium\"\n\t\t\t\t\t\tdata-ga-category=\"Take Action Boxout\"\n\t\t\t\t\t\tdata-ga-action=\"Title\"\n\t\t\t\t\t\tdata-ga-label=\"n\/a\"\n\t\t\t\t\t\thref=\"https:\/\/www.greenpeace.org\/mexico\/participa\/transporte-sin-contaminacion\/\"\n\t\t\t\t\t\t\n\t\t\t\t\t>\n\t\t\t\t\t\tExige transporte seguro y sin contaminaci\u00f3n del aire\n\t\t\t\t\t<\/a>\n\t\t\t\t\t\t\t\t\t\t\t\t\t<p class=\"boxout-excerpt\">Exijamos m\u00e1s y mejor transporte que nos ayude a mejorar el aire que respiramos en nuestras ciudades<\/p>\n\t\t\t\t                                    <a\n                        class=\"btn btn-primary\"\n                        data-ga-category=\"Take Action Boxout\"\n                        data-ga-action=\"Call to Action\"\n                        data-ga-label=\"n\/a\"\n                        href=\"https:\/\/www.greenpeace.org\/mexico\/participa\/transporte-sin-contaminacion\/\"\n                        \n                    >\n                        Participa\n                    <\/a>\n                \t\t\t<\/div>\n\t\t\t\t\t<\/section>\n\t","protected":false},"excerpt":{"rendered":"<p>\u00bfSab\u00edas que a tus mascotas tambi\u00e9n les afecta la contaminaci\u00f3n del aire? Te contamos c\u00f3mo y qu\u00e9 puedes hacer para cuidarlos. <\/p>\n","protected":false},"author":21,"featured_media":60488,"comment_status":"open","ping_status":"open","sticky":false,"template":"","format":"standard","meta":{"ep_exclude_from_search":false,"p4_og_title":"\u00bfC\u00f3mo afecta la contaminaci\u00f3n del aire a tu mascota?","p4_og_description":"\u00bfSab\u00edas que a tus mascotas tambi\u00e9n les afecta la contaminaci\u00f3n del aire? Te contamos c\u00f3mo y qu\u00e9 puedes hacer para cuidarlos.","p4_og_image":"https:\/\/www.greenpeace.org\/static\/planet4-mexico-stateless\/2025\/08\/aa5fcfd3-mascota-perro-animal.jpg","p4_og_image_id":"60488","p4_seo_canonical_url":"","p4_campaign_name":"not set","p4_local_project":"","p4_basket_name":"not set","p4_department":"","footnotes":""},"categories":[39],"tags":[47,42],"p4-page-type":[14],"class_list":["post-3369","post","type-post","status-publish","format-standard","has-post-thumbnail","hentry","category-clima-y-energia","tag-cambio-climatico","tag-animales-en-peligro","p4-page-type-blog"],"_links":{"self":[{"href":"https:\/\/www.greenpeace.org\/mexico\/wp-json\/wp\/v2\/posts\/3369","targetHints":{"allow":["GET"]}}],"collection":[{"href":"https:\/\/www.greenpeace.org\/mexico\/wp-json\/wp\/v2\/posts"}],"about":[{"href":"https:\/\/www.greenpeace.org\/mexico\/wp-json\/wp\/v2\/types\/post"}],"author":[{"embeddable":true,"href":"https:\/\/www.greenpeace.org\/mexico\/wp-json\/wp\/v2\/users\/21"}],"replies":[{"embeddable":true,"href":"https:\/\/www.greenpeace.org\/mexico\/wp-json\/wp\/v2\/comments?post=3369"}],"version-history":[{"count":6,"href":"https:\/\/www.greenpeace.org\/mexico\/wp-json\/wp\/v2\/posts\/3369\/revisions"}],"predecessor-version":[{"id":60490,"href":"https:\/\/www.greenpeace.org\/mexico\/wp-json\/wp\/v2\/posts\/3369\/revisions\/60490"}],"wp:featuredmedia":[{"embeddable":true,"href":"https:\/\/www.greenpeace.org\/mexico\/wp-json\/wp\/v2\/media\/60488"}],"wp:attachment":[{"href":"https:\/\/www.greenpeace.org\/mexico\/wp-json\/wp\/v2\/media?parent=3369"}],"wp:term":[{"taxonomy":"category","embeddable":true,"href":"https:\/\/www.greenpeace.org\/mexico\/wp-json\/wp\/v2\/categories?post=3369"},{"taxonomy":"post_tag","embeddable":true,"href":"https:\/\/www.greenpeace.org\/mexico\/wp-json\/wp\/v2\/tags?post=3369"},{"taxonomy":"p4-page-type","embeddable":true,"href":"https:\/\/www.greenpeace.org\/mexico\/wp-json\/wp\/v2\/p4-page-type?post=3369"}],"curies":[{"name":"wp","href":"https:\/\/api.w.org\/{rel}","templated":true}]}}