{"id":3483,"date":"2019-11-05T15:28:57","date_gmt":"2019-11-05T20:28:57","guid":{"rendered":"https:\/\/www.greenpeace.org\/mexico\/?p=3483"},"modified":"2025-08-15T08:41:02","modified_gmt":"2025-08-15T13:41:02","slug":"que-ha-pasado-con-la-prohibicion-de-plasticos-en-mexico","status":"publish","type":"post","link":"https:\/\/www.greenpeace.org\/mexico\/blog\/3483\/que-ha-pasado-con-la-prohibicion-de-plasticos-en-mexico\/","title":{"rendered":"\u00bfQu\u00e9 ha pasado con la prohibici\u00f3n de pl\u00e1sticos en M\u00e9xico?"},"content":{"rendered":"\n<p>El Senado de la Rep\u00fablica tiene la oportunidad de tomar una decisi\u00f3n que podr\u00eda cambiar el futuro del planeta y la protecci\u00f3n del medio ambiente en M\u00e9xico. La clave para tomar la mejor decisi\u00f3n est\u00e1 en escuchar a la ciudadan\u00eda.&nbsp;<\/p>\n\n<p>Este cinco de noviembre, legisladoras y legisladores de distintos partidos pol\u00edticos se sumaron a una iniciativa de reformas a la Ley General para la Prevenci\u00f3n y Gesti\u00f3n<\/p>\n\n<p>Integral de los Residuos (LGPGIR), surgida de la ciudadan\u00eda, la comunidad cient\u00edfica y organizaciones sociales que integran la Alianza M\u00e9xico Sin Pl\u00e1sticos (AMSP).<\/p>\n\n<figure class=\"wp-block-image size-large\"><img loading=\"lazy\" decoding=\"async\" width=\"1024\" height=\"683\" src=\"https:\/\/www.greenpeace.org\/static\/planet4-mexico-stateless\/2025\/06\/43bb6049-banquete-plasticos-senado-1024x683.jpg\" title=\"Fotograf\u00eda de inflable de pez cargando una bolsa de pl\u00e1stico gigante que dice &quot;Legisla hoy, o como pl\u00e1stico ma\u00f1ana&quot;\" alt=\"Fotograf\u00eda de inflable de pez cargando una bolsa de pl\u00e1stico gigante que dice &quot;Legisla hoy, o como pl\u00e1stico ma\u00f1ana&quot;\" class=\"wp-image-57152\" srcset=\"https:\/\/www.greenpeace.org\/static\/planet4-mexico-stateless\/2025\/06\/43bb6049-banquete-plasticos-senado-1024x683.jpg 1024w, https:\/\/www.greenpeace.org\/static\/planet4-mexico-stateless\/2025\/06\/43bb6049-banquete-plasticos-senado-300x200.jpg 300w, https:\/\/www.greenpeace.org\/static\/planet4-mexico-stateless\/2025\/06\/43bb6049-banquete-plasticos-senado-768x512.jpg 768w, https:\/\/www.greenpeace.org\/static\/planet4-mexico-stateless\/2025\/06\/43bb6049-banquete-plasticos-senado-510x340.jpg 510w, https:\/\/www.greenpeace.org\/static\/planet4-mexico-stateless\/2025\/06\/43bb6049-banquete-plasticos-senado.jpg 1200w\" sizes=\"auto, (max-width: 1024px) 100vw, 1024px\" \/><figcaption class=\"wp-element-caption\">Exigen activistas a los legisladores que regulen para frenar la contaminaci\u00f3n por pl\u00e1sticos afuera del Senado de la Rep\u00fablica. Octubre 2019.<\/figcaption><\/figure>\n\n<p>Esta iniciativa, cuyo objetivo es atender la crisis de contaminaci\u00f3n por pl\u00e1sticos en M\u00e9xico, es distinta a otras presentadas por otros legisladores porque destaca el concepto de \u201cresponsabilidad extendida al productor\u201d, que implica que los fabricantes se hagan responsables de la gesti\u00f3n de los residuos que sus productos generan y, desde el principio, ofrezcan bienes y servicios libres de pl\u00e1sticos. Esto atacar\u00eda la contaminaci\u00f3n pl\u00e1stica desde su origen.<\/p>\n\n<p>De forma in\u00e9dita, esta iniciativa que ahora est\u00e1 en manos del Senado pone las voces de la ciudadan\u00eda por encima de los intereses empresariales. <a href=\"https:\/\/actua.greenpeace.org.mx\/liberate-del-plastico?__hstc=218051913.856928cdf27c34511912db4eb3ace40a.1568130123661.1572643971552.1572956922112.13&amp;__hssc=218051913.3.1572956922112&amp;__hsfp=1596685187&amp;_ga=2.52279521.95155930.1572956922-1328727244.1568130124\" target=\"_blank\" rel=\"noreferrer noopener\">\u00a1Pide al Senado que prohiba los pl\u00e1sticos de un solo uso!<\/a><\/p>\n\n<h2 class=\"wp-block-heading\"><strong>\u00bfQui\u00e9nes son los actores clave para una legislaci\u00f3n que prohiba los pl\u00e1sticos en M\u00e9xico?<\/strong><\/h2>\n\n<p>La Alianza M\u00e9xico Sin Pl\u00e1sticos (AMSP) lleva varios meses exigiendo a quienes nos representan en el Poder Legislativo que no dilaten en aprobar una ley que proteja en el sentido m\u00e1s amplio nuestro derecho a un medio ambiente sano y libre de pl\u00e1sticos.&nbsp;<\/p>\n\n<p>De hecho, actualmente existen 25 iniciativas al respecto, al menos 11 de ellas presentadas por Greenpeace.&nbsp;<\/p>\n\n<figure class=\"wp-block-image alignnone size-large\"><img loading=\"lazy\" decoding=\"async\" width=\"1024\" height=\"683\" src=\"https:\/\/www.greenpeace.org\/static\/planet4-mexico-stateless\/2025\/06\/be331ca8-plasticos-oceanos-animales-1024x683.jpg\" title=\"Fotograf\u00eda de un cangrejo atrapado dentro de un vaso desechado en el Pasaje de la Isla Verde, el epicentro de la biodiversidad marina mundial, en la ciudad de Batangas, Filipinas.\" alt=\"Fotograf\u00eda de un cangrejo atrapado dentro de un vaso desechado en el Pasaje de la Isla Verde, el epicentro de la biodiversidad marina mundial, en la ciudad de Batangas, Filipinas.\" class=\"wp-image-57045\" srcset=\"https:\/\/www.greenpeace.org\/static\/planet4-mexico-stateless\/2025\/06\/be331ca8-plasticos-oceanos-animales-1024x683.jpg 1024w, https:\/\/www.greenpeace.org\/static\/planet4-mexico-stateless\/2025\/06\/be331ca8-plasticos-oceanos-animales-300x200.jpg 300w, https:\/\/www.greenpeace.org\/static\/planet4-mexico-stateless\/2025\/06\/be331ca8-plasticos-oceanos-animales-768x512.jpg 768w, https:\/\/www.greenpeace.org\/static\/planet4-mexico-stateless\/2025\/06\/be331ca8-plasticos-oceanos-animales-510x340.jpg 510w, https:\/\/www.greenpeace.org\/static\/planet4-mexico-stateless\/2025\/06\/be331ca8-plasticos-oceanos-animales.jpg 1200w\" sizes=\"auto, (max-width: 1024px) 100vw, 1024px\" \/><figcaption class=\"wp-element-caption\">Plastico en el mar<\/figcaption><\/figure>\n\n<p>Sin embargo, la intenci\u00f3n de legislar al respecto ha permanecido \u201ccongelada\u201d en el Congreso las semanas recientes, adem\u00e1s de que ha sido utilizada como moneda de cambio entre legisladores. Esto, mientras m\u00e1s de cien mil mam\u00edferos acu\u00e1ticos mueren cada a\u00f1o a causa de la contaminaci\u00f3n pl\u00e1stica en los oc\u00e9anos.&nbsp;<\/p>\n\n<p>Por ello, es relevante que las y los senadores de distintos partidos pol\u00edticos anunciaran su apoyo y adhesi\u00f3n a la propuesta legislativa ciudadana.<\/p>\n\n<p>Las y los legisladores que se sumaron fueron X\u00f3chitl G\u00e1lvez (PAN), Ra\u00fal Paz (PAN), Marybel Villegas (MORENA), Ver\u00f3nica Delgadillo (MC), Samuel Garc\u00eda (MC), Ver\u00f3nica Camino (PVEM), Alejandra Lagunes (PVEM), Miguel \u00c1ngel Mancera (PRD), Sasil de Le\u00f3n (PES), Emilio \u00c1lvarez Icaza (independiente).&nbsp;<\/p>\n\n<p>Esta propuesta ser\u00e1 analizada junto con otras iniciativas que ya existen tanto en el Senado como en la C\u00e1mara de Diputados, de las cuales las y los legisladores deber\u00e1n hacer una s\u00edntesis que proteja la salud p\u00fablica, la biodiversidad, los oc\u00e9anos y las peque\u00f1as pesquer\u00edas, que ya son afectadas por la contaminaci\u00f3n pl\u00e1stica. Esa s\u00edntesis deber\u00e1 ser discutida y aprobada a\u00fan por ambas C\u00e1maras.<\/p>\n\n<h2 class=\"wp-block-heading\"><strong>\u00bfCu\u00e1les son los puntos centrales de la iniciativa para prohibir los pl\u00e1sticos en M\u00e9xico?<\/strong><\/h2>\n\n<p>Entre los puntos m\u00e1s relevantes de la iniciativa suscrita hoy est\u00e1:<\/p>\n\n<ol class=\"wp-block-list\">\n<li>La responsabilidad extendida al productor.<\/li>\n\n\n\n<li>La eliminaci\u00f3n de pl\u00e1sticos de un solo uso a trav\u00e9s de la homologaci\u00f3n en todas las\u00a0entidades federativas de las prohibiciones de productos y materiales que generen impactos\u00a0negativos sobre el medio ambiente.<\/li>\n\n\n\n<li>Ecoetiquetados que informen a los consumidores sobre los impactos negativos en el\u00a0ambiente que tienen los productos y la forma correcta de desecharlos.<\/li>\n\n\n\n<li>El fortalecimiento del reciclaje a trav\u00e9s de incentivos que permitan desarrollar esta actividad de manera social e integrada y no como una herramienta de greenwashing.<\/li>\n\n\n\n<li>Prohibici\u00f3n de la incineraci\u00f3n de envases, empaques y embalajes que puedan integrarse a cadenas de reciclaje reales, efectivas y eficientes.<\/li>\n\n\n\n<li>La promoci\u00f3n de cambios de h\u00e1bitos hacia una cultura de reducci\u00f3n de residuos desde el\u00a0origen. Migraci\u00f3n a esquemas de reusabilidad y retornabilidad.<\/li>\n\n\n\n<li>Obligatoriedad de la separaci\u00f3n de los residuos desde el origen para facilitar el reciclaje.<\/li>\n\n\n\n<li>Brindar incentivos para que la industria realice el cambio tecnol\u00f3gico hacia el uso de\u00a0materiales durables, reusables y reciclables.<\/li>\n\n\n\n<li>Reducci\u00f3n de generaci\u00f3n de residuos desde el origen enfocado en cambio de h\u00e1bitos\u00a0(incluyendo dependencias de gobierno).<\/li>\n<\/ol>\n\n<figure class=\"wp-block-image alignnone size-large\"><img loading=\"lazy\" decoding=\"async\" width=\"1024\" height=\"768\" src=\"https:\/\/www.greenpeace.org\/static\/planet4-mexico-stateless\/2025\/08\/d8b759c2-coca-cola-plastico-1024x768.jpg\" title=\"Fotograf\u00eda de producto de Coca-Cola reetiquetados con la leyenda &quot;Reg\u00e1lame una navidad sin pl\u00e1stico. Reciclar no es suficiente&quot;.\" alt=\"Fotograf\u00eda de producto de Coca-Cola reetiquetados con la leyenda &quot;Reg\u00e1lame una navidad sin pl\u00e1stico. Reciclar no es suficiente&quot;.\" class=\"wp-image-60251\" srcset=\"https:\/\/www.greenpeace.org\/static\/planet4-mexico-stateless\/2025\/08\/d8b759c2-coca-cola-plastico-1024x768.jpg 1024w, https:\/\/www.greenpeace.org\/static\/planet4-mexico-stateless\/2025\/08\/d8b759c2-coca-cola-plastico-300x225.jpg 300w, https:\/\/www.greenpeace.org\/static\/planet4-mexico-stateless\/2025\/08\/d8b759c2-coca-cola-plastico-768x576.jpg 768w, https:\/\/www.greenpeace.org\/static\/planet4-mexico-stateless\/2025\/08\/d8b759c2-coca-cola-plastico-453x340.jpg 453w, https:\/\/www.greenpeace.org\/static\/planet4-mexico-stateless\/2025\/08\/d8b759c2-coca-cola-plastico.jpg 1200w\" sizes=\"auto, (max-width: 1024px) 100vw, 1024px\" \/><figcaption class=\"wp-element-caption\">Activistas de Greenpeace reetiquetan los productos de las marcas que m\u00e1s basura pl\u00e1stica generan, para pedir a estas empresas una Navidad sin pl\u00e1sticos.<div class=\"credit icon-left\"> \u00a9 Greenpeace<\/div><\/figcaption><\/figure>\n\n<h3 class=\"wp-block-heading\"><strong>Urge legislar<\/strong><\/h3>\n\n<p>El espaldarazo multipartidista a esta iniciativa ocurre a pocas semanas de la presentaci\u00f3n de un reporte sobre el impacto de la contaminaci\u00f3n por pl\u00e1sticos en peces de M\u00e9xico, en el que investigadores de distintas universidades del pa\u00eds demostraron la presencia de<\/p>\n\n<p>micropl\u00e1sticos en las v\u00edsceras de 1 de cada 5 peces recolectados en distintos mares de&nbsp;M\u00e9xico.<\/p>\n\n<p>Entre los peces contaminados se encontraron especies comerciales como el pargo, la lisa o el huachinango, utilizados para el consumo humano.<\/p>\n\n<p class=\"has-text-align-center has-white-color has-green-800-background-color has-text-color has-background has-link-color wp-elements-6f7aa430a1d9e56459138f8912d2707b\">S\u00famate para exigir juntos un M\u00e9xico libre de pl\u00e1sticos.                         Firma la petici\u00f3n aqu\u00ed:<\/p>\n\t\t\t<section\n\t\t\tclass=\"boxout post-461 \"\n\t\t\t\n\t\t>\n\t\t\t<a\n\t\t\t\tdata-ga-category=\"Take Action Boxout\"\n\t\t\t\tdata-ga-action=\"Image\"\n\t\t\t\tdata-ga-label=\"n\/a\"\n\t\t\t\tclass=\"cover-card-overlay\"\n\t\t\t\thref=\"https:\/\/www.greenpeace.org\/mexico\/participa\/liberate-del-plastico\/\" \n\t\t\t><\/a>\n\t\t\t\t\t\t\t<img\n\t\t\t\t\t\tsrc=\"https:\/\/www.greenpeace.org\/static\/planet4-mexico-stateless\/2019\/06\/7433fe24-fotos-con-creditos-1-1024x922.jpg\"\n\t\t\t\t\t\tsrcset=\"https:\/\/www.greenpeace.org\/static\/planet4-mexico-stateless\/2019\/06\/7433fe24-fotos-con-creditos-1-300x270.jpg 300w, https:\/\/www.greenpeace.org\/static\/planet4-mexico-stateless\/2019\/06\/7433fe24-fotos-con-creditos-1-768x691.jpg 768w, https:\/\/www.greenpeace.org\/static\/planet4-mexico-stateless\/2019\/06\/7433fe24-fotos-con-creditos-1-1024x922.jpg 1024w, https:\/\/www.greenpeace.org\/static\/planet4-mexico-stateless\/2019\/06\/7433fe24-fotos-con-creditos-1-1518x1366.jpg 1518w, https:\/\/www.greenpeace.org\/static\/planet4-mexico-stateless\/2019\/06\/7433fe24-fotos-con-creditos-1-378x340.jpg 378w, https:\/\/www.greenpeace.org\/static\/planet4-mexico-stateless\/2019\/06\/7433fe24-fotos-con-creditos-1.jpg 2000w\"\n\t\t\t\t\t\tsizes=\"(min-width: 1000px) 358px, (min-width: 780px) 313px, 88px\"\n\t\t\t\t\t\talt=\"\" title=\"\"\n\t\t\t\t\/>\n            \t\t\t<div class=\"boxout-content\">\n\t\t\t\t\t\t\t\t\t<a\n\t\t\t\t\t\tclass=\"boxout-heading medium\"\n\t\t\t\t\t\tdata-ga-category=\"Take Action Boxout\"\n\t\t\t\t\t\tdata-ga-action=\"Title\"\n\t\t\t\t\t\tdata-ga-label=\"n\/a\"\n\t\t\t\t\t\thref=\"https:\/\/www.greenpeace.org\/mexico\/participa\/liberate-del-plastico\/\"\n\t\t\t\t\t\t\n\t\t\t\t\t>\n\t\t\t\t\t\t\u00a1Lib\u00e9rate del pl\u00e1stico!\n\t\t\t\t\t<\/a>\n\t\t\t\t\t\t\t\t\t\t\t\t\t<p class=\"boxout-excerpt\">\u00a1Exijamos leyes que prohiban los pl\u00e1sticos de un solo uso! Las corporaciones evaden su responsabilidad porque no existe un marco que las regule. Desplastifiquemos M\u00e9xico. <\/p>\n\t\t\t\t                                    <a\n                        class=\"btn btn-primary\"\n                        data-ga-category=\"Take Action Boxout\"\n                        data-ga-action=\"Call to Action\"\n                        data-ga-label=\"n\/a\"\n                        href=\"https:\/\/www.greenpeace.org\/mexico\/participa\/liberate-del-plastico\/\"\n                        \n                    >\n                        Participa\n                    <\/a>\n                \t\t\t<\/div>\n\t\t\t\t\t<\/section>\n\t","protected":false},"excerpt":{"rendered":"<p>Senado y sociedad impulsan ley para prohibir pl\u00e1sticos de un solo uso en M\u00e9xico, priorizando responsabilidad del productor y protecci\u00f3n ambiental.<\/p>\n","protected":false},"author":21,"featured_media":60251,"comment_status":"open","ping_status":"open","sticky":false,"template":"","format":"standard","meta":{"ep_exclude_from_search":false,"p4_og_title":"\u00bfQu\u00e9 ha pasado con la prohibici\u00f3n de pl\u00e1sticos en M\u00e9xico?","p4_og_description":"Senado y sociedad impulsan ley para prohibir pl\u00e1sticos de un solo uso en M\u00e9xico, priorizando responsabilidad del productor y protecci\u00f3n ambiental.","p4_og_image":"https:\/\/www.greenpeace.org\/static\/planet4-mexico-stateless\/2025\/08\/d8b759c2-coca-cola-plastico.jpg","p4_og_image_id":"60251","p4_seo_canonical_url":"","p4_campaign_name":"not set","p4_local_project":"","p4_basket_name":"not set","p4_department":"","footnotes":""},"categories":[45],"tags":[68,20],"p4-page-type":[14],"class_list":["post-3483","post","type-post","status-publish","format-standard","has-post-thumbnail","hentry","category-plasticos","tag-mexico-sin-plasticos","tag-consumo","p4-page-type-blog"],"_links":{"self":[{"href":"https:\/\/www.greenpeace.org\/mexico\/wp-json\/wp\/v2\/posts\/3483","targetHints":{"allow":["GET"]}}],"collection":[{"href":"https:\/\/www.greenpeace.org\/mexico\/wp-json\/wp\/v2\/posts"}],"about":[{"href":"https:\/\/www.greenpeace.org\/mexico\/wp-json\/wp\/v2\/types\/post"}],"author":[{"embeddable":true,"href":"https:\/\/www.greenpeace.org\/mexico\/wp-json\/wp\/v2\/users\/21"}],"replies":[{"embeddable":true,"href":"https:\/\/www.greenpeace.org\/mexico\/wp-json\/wp\/v2\/comments?post=3483"}],"version-history":[{"count":7,"href":"https:\/\/www.greenpeace.org\/mexico\/wp-json\/wp\/v2\/posts\/3483\/revisions"}],"predecessor-version":[{"id":60410,"href":"https:\/\/www.greenpeace.org\/mexico\/wp-json\/wp\/v2\/posts\/3483\/revisions\/60410"}],"wp:featuredmedia":[{"embeddable":true,"href":"https:\/\/www.greenpeace.org\/mexico\/wp-json\/wp\/v2\/media\/60251"}],"wp:attachment":[{"href":"https:\/\/www.greenpeace.org\/mexico\/wp-json\/wp\/v2\/media?parent=3483"}],"wp:term":[{"taxonomy":"category","embeddable":true,"href":"https:\/\/www.greenpeace.org\/mexico\/wp-json\/wp\/v2\/categories?post=3483"},{"taxonomy":"post_tag","embeddable":true,"href":"https:\/\/www.greenpeace.org\/mexico\/wp-json\/wp\/v2\/tags?post=3483"},{"taxonomy":"p4-page-type","embeddable":true,"href":"https:\/\/www.greenpeace.org\/mexico\/wp-json\/wp\/v2\/p4-page-type?post=3483"}],"curies":[{"name":"wp","href":"https:\/\/api.w.org\/{rel}","templated":true}]}}