{"id":3754,"date":"2019-12-24T12:33:44","date_gmt":"2019-12-24T17:33:44","guid":{"rendered":"https:\/\/www.greenpeace.org\/mexico\/?p=3754"},"modified":"2025-08-04T12:58:57","modified_gmt":"2025-08-04T17:58:57","slug":"pirotecnia-y-contaminacion-en-navidad-y-ano-nuevo","status":"publish","type":"post","link":"https:\/\/www.greenpeace.org\/mexico\/blog\/3754\/pirotecnia-y-contaminacion-en-navidad-y-ano-nuevo\/","title":{"rendered":"Pirotecnia y contaminaci\u00f3n en Navidad y A\u00f1o Nuevo"},"content":{"rendered":"\n<p>La <strong>Navidad <\/strong>llega con un ambiente de felicidad, armon\u00eda, una gran alegr\u00eda y muestras significativas de amor. Pero, lamentablemente, tambien llega con mucha <strong>contaminaci\u00f3n<\/strong>.<\/p>\n\n<p>\u00bfCu\u00e1l es el impacto ambiental de llenar el cielo nocturno de incre\u00edbles efectos luminosos y sonoros en alguna de las m\u00faltiples celebraciones? Los <strong>espect\u00e1culos pirot\u00e9cnicos <\/strong>son la m\u00e1xima expresi\u00f3n de la fiesta, del estallido de la alegr\u00eda, mas tambi\u00e9n tienen su lado negativo: contaminaci\u00f3n.<\/p>\n\n<h2 class=\"wp-block-heading\">Lo que respiramos cuando hay fuegos artificiales<\/h2>\n\n<p>A muchos metros de distancia, solo el olfato nos reporta la <strong>poluci\u00f3n <\/strong>que genera esa mezcla de nitratos, sulfatos y percloratos en f\u00f3rmulas de sodio, cobre, estroncio, litio, antimonio, magnesio y aluminio, sin olvidar el bario, de is\u00f3topos radiactivos que nos ofrece el color verde.<\/p>\n\n<figure class=\"wp-block-image size-large  caption-style-blue-overlay caption-alignment-center\"><img loading=\"lazy\" decoding=\"async\" width=\"900\" height=\"563\" src=\"https:\/\/www.greenpeace.org\/static\/planet4-mexico-stateless\/2019\/01\/8e641ca8-monterrey_alerta.jpg\" title=\"Fotograf\u00eda panor\u00e1mica de la Momterrey, en la que es posible observar la contaminaci\u00f3n del aire.\" alt=\"Fotograf\u00eda panor\u00e1mica de la Momterrey, en la que es posible observar la contaminaci\u00f3n del aire.\" class=\"wp-image-1649\" srcset=\"https:\/\/www.greenpeace.org\/static\/planet4-mexico-stateless\/2019\/01\/8e641ca8-monterrey_alerta.jpg 900w, https:\/\/www.greenpeace.org\/static\/planet4-mexico-stateless\/2019\/01\/8e641ca8-monterrey_alerta-300x188.jpg 300w, https:\/\/www.greenpeace.org\/static\/planet4-mexico-stateless\/2019\/01\/8e641ca8-monterrey_alerta-768x480.jpg 768w, https:\/\/www.greenpeace.org\/static\/planet4-mexico-stateless\/2019\/01\/8e641ca8-monterrey_alerta-510x319.jpg 510w\" sizes=\"auto, (max-width: 900px) 100vw, 900px\" \/><figcaption class=\"wp-element-caption\">Imagen de la contaminaci\u00f3n en  Monterrey, considerada una de las ciudades m\u00e1s contaminadas del pa\u00eds. <div class=\"credit icon-left\"> \u00a9 Imagen tomada de sopitas.com<\/div><\/figcaption><\/figure>\n\n<p>Neutralizantes, oxidantes y aglomerantes se mezclan en la pirotecnia, adem\u00e1s del perclorato de sodio que da propulsi\u00f3n al cohete, los metales pesados que aportan el color y los aerosoles que producen la detonaci\u00f3n.<\/p>\n\n<h2 class=\"wp-block-heading\">Consecuencias para la salud y el medio ambiente<\/h2>\n\n<p>Ya en los aires, esa mezcla libera, entre otros, mon\u00f3xido de carbono (CO) y part\u00edculas suspendidas (PM2.5) y, junto con las emisiones del transporte, f\u00e1bricas, fogatas, calentones y quema de llantas o basura, genera, sobre todo los d\u00edas 12 y 25 de diciembre, 1 y 6 de enero, alta contaminaci\u00f3n, escasa visibilidad y sensaci\u00f3n de neblina.<\/p>\n\n<figure class=\"wp-block-image size-large  caption-style-blue-overlay caption-alignment-center\"><img loading=\"lazy\" decoding=\"async\" width=\"1024\" height=\"538\" src=\"https:\/\/www.greenpeace.org\/static\/planet4-mexico-stateless\/2025\/08\/0f8285b5-fuegos-artificiales-contaminacion-1024x538.jpg\" title=\"Fotograf\u00eda de un cielo iluminado por la luz de fuegos artificiales.\" alt=\"Fotograf\u00eda de un cielo iluminado por la luz de fuegos artificiales.\" class=\"wp-image-60259\" srcset=\"https:\/\/www.greenpeace.org\/static\/planet4-mexico-stateless\/2025\/08\/0f8285b5-fuegos-artificiales-contaminacion-1024x538.jpg 1024w, https:\/\/www.greenpeace.org\/static\/planet4-mexico-stateless\/2025\/08\/0f8285b5-fuegos-artificiales-contaminacion-300x158.jpg 300w, https:\/\/www.greenpeace.org\/static\/planet4-mexico-stateless\/2025\/08\/0f8285b5-fuegos-artificiales-contaminacion-768x403.jpg 768w, https:\/\/www.greenpeace.org\/static\/planet4-mexico-stateless\/2025\/08\/0f8285b5-fuegos-artificiales-contaminacion-510x268.jpg 510w, https:\/\/www.greenpeace.org\/static\/planet4-mexico-stateless\/2025\/08\/0f8285b5-fuegos-artificiales-contaminacion.jpg 1200w\" sizes=\"auto, (max-width: 1024px) 100vw, 1024px\" \/><figcaption class=\"wp-element-caption\">Fiestas con fuegos pirot\u00e9cnicos<div class=\"credit icon-left\"> \u00a9 Tim Aubry \/ Greenpeace<\/div><\/figcaption><\/figure>\n\n<p>Graves <strong>males respiratorio<\/strong>s causan las PM2.5 al ser inhaladas y entrar directamente hasta el fondo pulmonar, previenen organismos de salud, y agregan que el CO, gas sin olor ni color, puede causar s\u00fabito malestar por envenenamiento, e incluso la muerte, mientras los metales impactan al <strong>sistema respiratorio <\/strong>(Secretar\u00cda de Medio Ambiente y Recursos Naturales, 2018).<\/p>\n\n<h2 class=\"wp-block-heading\">Impacto en cuerpos de agua y ecosistemas<\/h2>\n\n<p>A su vez, el perclorato de sodio que detona la coheter\u00eda cerca de los cuerpos de agua aumenta hasta un millar de veces los niveles normales y da\u00f1a a microorganismos y fauna acu\u00e1tica.<\/p>\n\n<p>No sobra reconocer que el <strong>ruido <\/strong>y las luces resultado de los estallidos que se hacen durante largos tiempos y en grandes cantidades, perturban los ecosistemas, da\u00f1ando no solo el aire que respiramos sino tambi\u00e9n exponiendo a animales.<\/p>\n\n<h2 class=\"wp-block-heading\">El cambio es urgente y necesario<\/h2>\n\n<p>Si bien no son los principales causantes, lo cierto es que los fuegos artificiales aumentan la contaminaci\u00f3n del aire, situaci\u00f3n que en el pasado no era tan evidente como en la actualidad. \u201cLos riesgos de la contaminaci\u00f3n del aire son actualmente mucho m\u00e1s grandes que lo que se cre\u00eda o entend\u00eda hasta ahora, particularmente para las enfermedades cardiacas y los accidentes cerebro vasculares\u201d, indic\u00f3 la directora del <strong>Departamento de Salud P\u00fablica y Medio Ambiente de la OMS,<\/strong> Mar\u00eda Neira.<\/p>\n\n<figure class=\"wp-block-image size-large  caption-style-blue-overlay caption-alignment-center\"><img loading=\"lazy\" decoding=\"async\" width=\"1024\" height=\"683\" src=\"https:\/\/www.greenpeace.org\/static\/planet4-mexico-stateless\/2025\/04\/a2abf3b7-cofepris-aire-limpio-1024x683.jpg\" title=\"Activista de Greenpeace M\u00e9xico con cubrebocas en protesta por la mala calidad del aire y la falta de respuesta de COFEPRIS ante la crisis ambiental.\" alt=\"Activista de Greenpeace M\u00e9xico con cubrebocas en protesta por la mala calidad del aire y la falta de respuesta de COFEPRIS ante la crisis ambiental.\" class=\"wp-image-55022\" srcset=\"https:\/\/www.greenpeace.org\/static\/planet4-mexico-stateless\/2025\/04\/a2abf3b7-cofepris-aire-limpio-1024x683.jpg 1024w, https:\/\/www.greenpeace.org\/static\/planet4-mexico-stateless\/2025\/04\/a2abf3b7-cofepris-aire-limpio-300x200.jpg 300w, https:\/\/www.greenpeace.org\/static\/planet4-mexico-stateless\/2025\/04\/a2abf3b7-cofepris-aire-limpio-768x512.jpg 768w, https:\/\/www.greenpeace.org\/static\/planet4-mexico-stateless\/2025\/04\/a2abf3b7-cofepris-aire-limpio-510x340.jpg 510w, https:\/\/www.greenpeace.org\/static\/planet4-mexico-stateless\/2025\/04\/a2abf3b7-cofepris-aire-limpio.jpg 1200w\" sizes=\"auto, (max-width: 1024px) 100vw, 1024px\" \/><\/figure>\n\n<p>Estudios recientes de investigadores de la Facultad de Geograf\u00eda de la Universidad Aut\u00f3noma del Estado de M\u00e9xico, alertan sobre los efectos negativos que provoca lanzar cohetes al aire durante el ciclo de lluvias.<br><br>Destacan que estos provocan retraso en el ciclo de las lluvias generando contaminaci\u00f3n atmosf\u00e9rica, ya que los cohetes disipan el aguacero desvaneciendo las gotas de agua con que est\u00e1 creada la nube y no llueve como deber\u00eda llover, provocando tambi\u00e9n gran contaminaci\u00f3n por la <strong>p\u00f3lvora <\/strong>que se quema.<br><br>Disfrutemos el color y sonido de las fiestas navide\u00f1as, pero tambi\u00e9n pensemos en la salud de todos, principalmente de los m\u00e1s vulnerables (ni\u00f1os, ancianos, personas con males respiratorios y cardiovasculares y animales), as\u00ed como en la salud del <strong>medio ambiente.<br><\/strong><\/p>\n\t\t\t<section\n\t\t\tclass=\"boxout post-1823 \"\n\t\t\t\n\t\t>\n\t\t\t<a\n\t\t\t\tdata-ga-category=\"Take Action Boxout\"\n\t\t\t\tdata-ga-action=\"Image\"\n\t\t\t\tdata-ga-label=\"n\/a\"\n\t\t\t\tclass=\"cover-card-overlay\"\n\t\t\t\thref=\"https:\/\/www.greenpeace.org\/mexico\/participa\/transporte-sin-contaminacion\/\" \n\t\t\t><\/a>\n\t\t\t\t\t\t\t<img\n\t\t\t\t\t\tsrc=\"https:\/\/www.greenpeace.org\/static\/planet4-mexico-stateless\/2018\/12\/68b48d0d-gp0strohv-1024x683.jpg\"\n\t\t\t\t\t\tsrcset=\"https:\/\/www.greenpeace.org\/static\/planet4-mexico-stateless\/2018\/12\/68b48d0d-gp0strohv-300x200.jpg 300w, https:\/\/www.greenpeace.org\/static\/planet4-mexico-stateless\/2018\/12\/68b48d0d-gp0strohv-768x512.jpg 768w, https:\/\/www.greenpeace.org\/static\/planet4-mexico-stateless\/2018\/12\/68b48d0d-gp0strohv-1024x683.jpg 1024w, https:\/\/www.greenpeace.org\/static\/planet4-mexico-stateless\/2018\/12\/68b48d0d-gp0strohv-510x340.jpg 510w, https:\/\/www.greenpeace.org\/static\/planet4-mexico-stateless\/2018\/12\/68b48d0d-gp0strohv.jpg 1200w\"\n\t\t\t\t\t\tsizes=\"(min-width: 1000px) 358px, (min-width: 780px) 313px, 88px\"\n\t\t\t\t\t\talt=\"Urban Revolution Viaduct Protest in Mexico. \u00a9 Argelia Zacatzi\" title=\"Urban Revolution Viaduct Protest in Mexico. \u00a9 Argelia Zacatzi\"\n\t\t\t\t\/>\n            \t\t\t<div class=\"boxout-content\">\n\t\t\t\t\t\t\t\t\t<a\n\t\t\t\t\t\tclass=\"boxout-heading medium\"\n\t\t\t\t\t\tdata-ga-category=\"Take Action Boxout\"\n\t\t\t\t\t\tdata-ga-action=\"Title\"\n\t\t\t\t\t\tdata-ga-label=\"n\/a\"\n\t\t\t\t\t\thref=\"https:\/\/www.greenpeace.org\/mexico\/participa\/transporte-sin-contaminacion\/\"\n\t\t\t\t\t\t\n\t\t\t\t\t>\n\t\t\t\t\t\tExige transporte seguro y sin contaminaci\u00f3n del aire\n\t\t\t\t\t<\/a>\n\t\t\t\t\t\t\t\t\t\t\t\t\t<p class=\"boxout-excerpt\">Exijamos m\u00e1s y mejor transporte que nos ayude a mejorar el aire que respiramos en nuestras ciudades<\/p>\n\t\t\t\t                                    <a\n                        class=\"btn btn-primary\"\n                        data-ga-category=\"Take Action Boxout\"\n                        data-ga-action=\"Call to Action\"\n                        data-ga-label=\"n\/a\"\n                        href=\"https:\/\/www.greenpeace.org\/mexico\/participa\/transporte-sin-contaminacion\/\"\n                        \n                    >\n                        Participa\n                    <\/a>\n                \t\t\t<\/div>\n\t\t\t\t\t<\/section>\n\t","protected":false},"excerpt":{"rendered":"<p>La pirotecnia en fiestas decembrinas genera alta contaminaci\u00f3n del aire, afecta la salud y altera ecosistemas. Urge celebrar sin da\u00f1ar el ambiente.<\/p>\n","protected":false},"author":21,"featured_media":60259,"comment_status":"open","ping_status":"open","sticky":false,"template":"","format":"standard","meta":{"ep_exclude_from_search":false,"p4_og_title":"Pirotecnia y contaminaci\u00f3n en Navidad y A\u00f1o Nuevo","p4_og_description":"La pirotecnia en fiestas decembrinas genera alta contaminaci\u00f3n del aire, afecta la salud y altera ecosistemas. Urge celebrar sin da\u00f1ar el ambiente.","p4_og_image":"https:\/\/www.greenpeace.org\/static\/planet4-mexico-stateless\/2025\/08\/0f8285b5-fuegos-artificiales-contaminacion.jpg","p4_og_image_id":"60259","p4_seo_canonical_url":"","p4_campaign_name":"not set","p4_local_project":"","p4_basket_name":"not set","p4_department":"","footnotes":""},"categories":[39],"tags":[47,20],"p4-page-type":[14],"class_list":["post-3754","post","type-post","status-publish","format-standard","has-post-thumbnail","hentry","category-clima-y-energia","tag-cambio-climatico","tag-consumo","p4-page-type-blog"],"_links":{"self":[{"href":"https:\/\/www.greenpeace.org\/mexico\/wp-json\/wp\/v2\/posts\/3754","targetHints":{"allow":["GET"]}}],"collection":[{"href":"https:\/\/www.greenpeace.org\/mexico\/wp-json\/wp\/v2\/posts"}],"about":[{"href":"https:\/\/www.greenpeace.org\/mexico\/wp-json\/wp\/v2\/types\/post"}],"author":[{"embeddable":true,"href":"https:\/\/www.greenpeace.org\/mexico\/wp-json\/wp\/v2\/users\/21"}],"replies":[{"embeddable":true,"href":"https:\/\/www.greenpeace.org\/mexico\/wp-json\/wp\/v2\/comments?post=3754"}],"version-history":[{"count":7,"href":"https:\/\/www.greenpeace.org\/mexico\/wp-json\/wp\/v2\/posts\/3754\/revisions"}],"predecessor-version":[{"id":60260,"href":"https:\/\/www.greenpeace.org\/mexico\/wp-json\/wp\/v2\/posts\/3754\/revisions\/60260"}],"wp:featuredmedia":[{"embeddable":true,"href":"https:\/\/www.greenpeace.org\/mexico\/wp-json\/wp\/v2\/media\/60259"}],"wp:attachment":[{"href":"https:\/\/www.greenpeace.org\/mexico\/wp-json\/wp\/v2\/media?parent=3754"}],"wp:term":[{"taxonomy":"category","embeddable":true,"href":"https:\/\/www.greenpeace.org\/mexico\/wp-json\/wp\/v2\/categories?post=3754"},{"taxonomy":"post_tag","embeddable":true,"href":"https:\/\/www.greenpeace.org\/mexico\/wp-json\/wp\/v2\/tags?post=3754"},{"taxonomy":"p4-page-type","embeddable":true,"href":"https:\/\/www.greenpeace.org\/mexico\/wp-json\/wp\/v2\/p4-page-type?post=3754"}],"curies":[{"name":"wp","href":"https:\/\/api.w.org\/{rel}","templated":true}]}}