{"id":4074,"date":"2020-02-16T16:00:12","date_gmt":"2020-02-16T21:00:12","guid":{"rendered":"https:\/\/www.greenpeace.org\/mexico\/?p=4074"},"modified":"2025-07-30T13:32:59","modified_gmt":"2025-07-30T18:32:59","slug":"deforestacion-que-es-quien-la-causa-y-por-que-deberia-importarnos","status":"publish","type":"post","link":"https:\/\/www.greenpeace.org\/mexico\/blog\/4074\/deforestacion-que-es-quien-la-causa-y-por-que-deberia-importarnos\/","title":{"rendered":"Deforestaci\u00f3n, \u00bfqu\u00e9 es, qui\u00e9n la causa y por qu\u00e9 deber\u00eda importarnos?"},"content":{"rendered":"\n<h2 class=\"wp-block-heading\">\u00bfQu\u00e9 es la deforestaci\u00f3n y cu\u00e1l es el estado en M\u00e9xico?<\/h2>\n\n<p>La <strong>deforestaci\u00f3n <\/strong>es la<strong> p\u00e9rdida de bosques y selvas<\/strong> debido al impacto de actividades humanas o causas naturales.<\/p>\n\n<p>M\u00e9xico ocupa uno de los primeros lugares en tasas de <strong>deforestaci\u00f3n en el mundo. <\/strong>No hay una estimaci\u00f3n exacta, pero se calcula que la tasas de deforestaci\u00f3n a nivel nacional podr\u00eda ser de hasta 1.98 millones de hect\u00e1reas por a\u00f1o, de acuerdo con datos recopilados por la C\u00e1mara de Diputados en 2017. Esto deber\u00eda importarnos porque significa al menos tres cosas graves: <strong>mayor contaminaci\u00f3n, mayor desigualdad social y menos biodiversidad.<\/strong><\/p>\n\n<p>Los <strong>bosques <\/strong>representan una fuente de alimentos, medicinas y combustible para m\u00e1s de mil millones de personas, entre las que est\u00e1n las de mayor pobreza, y son un arma central de toda la poblaci\u00f3n para combatir el <strong>cambio clim\u00e1tico y<\/strong> proteger los suelos y el agua.<\/p>\n\n<figure class=\"wp-block-image size-large  caption-style-medium caption-alignment-center\"><img loading=\"lazy\" decoding=\"async\" width=\"1024\" height=\"683\" src=\"https:\/\/www.greenpeace.org\/static\/planet4-mexico-stateless\/2025\/07\/87d3e533-deforestacion-selva-maya-mexico-1024x683.jpg\" title=\"Vista a\u00e9rea de un incendio forestal en Salamanca, Bacalar, Quintana Roo.\" alt=\"Vista a\u00e9rea de un incendio forestal en Salamanca, Bacalar, Quintana Roo.\" class=\"wp-image-59214\" srcset=\"https:\/\/www.greenpeace.org\/static\/planet4-mexico-stateless\/2025\/07\/87d3e533-deforestacion-selva-maya-mexico-1024x683.jpg 1024w, https:\/\/www.greenpeace.org\/static\/planet4-mexico-stateless\/2025\/07\/87d3e533-deforestacion-selva-maya-mexico-300x200.jpg 300w, https:\/\/www.greenpeace.org\/static\/planet4-mexico-stateless\/2025\/07\/87d3e533-deforestacion-selva-maya-mexico-768x512.jpg 768w, https:\/\/www.greenpeace.org\/static\/planet4-mexico-stateless\/2025\/07\/87d3e533-deforestacion-selva-maya-mexico-510x340.jpg 510w, https:\/\/www.greenpeace.org\/static\/planet4-mexico-stateless\/2025\/07\/87d3e533-deforestacion-selva-maya-mexico.jpg 1200w\" sizes=\"auto, (max-width: 1024px) 100vw, 1024px\" \/><figcaption class=\"wp-element-caption\">A<div class=\"credit icon-left\"> \u00a9 Greenpeace \/ Prometeo Lucero<\/div><\/figcaption><\/figure>\n\n<h2 class=\"wp-block-heading\">Principales causas y consecuencias de la deforestaci\u00f3n en el mundo<\/h2>\n\n<p><strong>Greenpeace <\/strong>ha observado que en <strong>M\u00e9xico<\/strong>, la principal causa de <strong>deforestaci\u00f3n <\/strong>es el cambio de uso de suelo para convertir los bosques en potreros o campos de cultivo. De acuerdo con el <a href=\"https:\/\/es.greenpeace.org\/es\/wp-content\/uploads\/sites\/3\/2018\/03\/bueno-informe.pdf\" target=\"_blank\" rel=\"noreferrer noopener\">reporte Menos es M\u00e1s de Greenpeace,<\/a> entre 1960 y 2011, la producci\u00f3n de alimentos de origen animal fue responsable a nivel mundial del 65% de los cambios en el uso del suelo y de la expansi\u00f3n de la tierra cultivada.\u00a0<\/p>\n\n<p>Las consecuencias de la deforestaci\u00f3n son preocupantes: De acuerdo a estimaciones del Grupo Intergubernamental de Expertos sobre el <strong>Cambio Clim\u00e1tico<\/strong> (IPCC, por sus siglas en ingl\u00e9s) en 2004 la deforestaci\u00f3n mundial contribuy\u00f3 con el 17% de la emisi\u00f3n total de gases de efecto invernadero (GEI) hacia la atm\u00f3sfera, despu\u00e9s de la generaci\u00f3n de energ\u00eda producida por combustibles f\u00f3siles y de las actividades industriales. En el caso de M\u00e9xico, se estima que durante el periodo 2003 a 2006, las emisiones promedio nacionales de bi\u00f3xido de carbono (CO2) asociadas al cambio de uso del suelo forestal ascendieron a 7 189 gigagramos<a href=\"https:\/\/apps1.semarnat.gob.mx:8443\/dgeia\/informe15\/tema\/recuadros\/recuadro2_4.html#aa2\">2<\/a> (Gg) CO2 por a\u00f1o.<\/p>\n\n<p>Hay otro dato, los bosques son importantes repositorios de <strong>biodiversidad <\/strong>y su gesti\u00f3n sostenible resulta esencial no solo para conservarlos, sino tambi\u00e9n para sostener el funcionamiento de los <strong>ecosistemas<\/strong>. <a href=\"https:\/\/actua.greenpeace.org.mx\/mi-dieta-salva-el-planeta\" target=\"_blank\" rel=\"noreferrer noopener\">\u00a1\u00danete y firma nuestra petici\u00f3n para proteger el hogar del jaguar y el mono ara\u00f1a! <\/a><\/p>\n\n<figure class=\"wp-block-image size-large  caption-style-medium caption-alignment-center\"><img loading=\"lazy\" decoding=\"async\" width=\"1024\" height=\"683\" src=\"https:\/\/www.greenpeace.org\/static\/planet4-mexico-stateless\/2025\/07\/5b4a486d-jaguar-animales-1024x683.jpg\" title=\"Fotograf\u00eda de un Jaguar (Panthera onca) en el Pantanal, Brasil\" alt=\"Fotograf\u00eda de un Jaguar (Panthera onca) en el Pantanal, Brasil\" class=\"wp-image-59641\" srcset=\"https:\/\/www.greenpeace.org\/static\/planet4-mexico-stateless\/2025\/07\/5b4a486d-jaguar-animales-1024x683.jpg 1024w, https:\/\/www.greenpeace.org\/static\/planet4-mexico-stateless\/2025\/07\/5b4a486d-jaguar-animales-300x200.jpg 300w, https:\/\/www.greenpeace.org\/static\/planet4-mexico-stateless\/2025\/07\/5b4a486d-jaguar-animales-768x512.jpg 768w, https:\/\/www.greenpeace.org\/static\/planet4-mexico-stateless\/2025\/07\/5b4a486d-jaguar-animales-510x340.jpg 510w, https:\/\/www.greenpeace.org\/static\/planet4-mexico-stateless\/2025\/07\/5b4a486d-jaguar-animales.jpg 1200w\" sizes=\"auto, (max-width: 1024px) 100vw, 1024px\" \/><figcaption><div class=\"credit icon-left\"> \u00a9 Leandro Cagiano \/ Greenpeace<\/div><\/figcaption><\/figure>\n\n<p>Sin embargo, en 2019 el informe de evaluaci\u00f3n global sobre la <strong>biodiversidad <\/strong>y los servicios de los <strong>ecosistemas <\/strong>del <strong>Panel Intergubernamental sobre Biodiversidad y Servicios de los Ecosistemas (IPBES)<\/strong> advirti\u00f3 que un mill\u00f3n de especies est\u00e1n en peligro de extinci\u00f3n, m\u00e1s que en cualquier otro momento en la historia de la humanidad, gran parte por la deforestaci\u00f3n que acaba con sus ecosistemas y sus h\u00e1bitat por los cambios de uso de la tierra. Eso tambi\u00e9n es causa de la degradaci\u00f3n de la tierra, la erosi\u00f3n del suelo, la disminuci\u00f3n del agua limpia y la liberaci\u00f3n de carbono a la atm\u00f3sfera<\/p>\n\n<p>En otras palabras, la <strong>cadena de producci\u00f3n<\/strong> que se necesita para satisfacer nuestros cada vez m\u00e1s acelerados h\u00e1bitos de consumo es el mayor riesgo para el planeta y, por lo tanto, nosotras mismas. <a href=\"https:\/\/actua.greenpeace.org.mx\/mi-dieta-salva-el-planeta\" target=\"_blank\" rel=\"noreferrer noopener\">S\u00e9 parte del cambio y participa activamente para exigir un alto a esta pr\u00e1ctica destructiva.<\/a><\/p>\n\n<p>De acuerdo con el reporte \u201cEl Estado de los bosques\u201d de 2018 de la<strong> Organizaci\u00f3n de las Naciones Unidas para la Alimentaci\u00f3n y la Agricultura (FAO), <\/strong>se prev\u00e9 que la poblaci\u00f3n mundial aumente a 10 000 millones en 2050, lo que traer\u00e1 una mayor demanda mundial de alimentos.<\/p>\n\n<figure class=\"wp-block-image size-large  caption-style-medium caption-alignment-center\"><img loading=\"lazy\" decoding=\"async\" width=\"1024\" height=\"684\" src=\"https:\/\/www.greenpeace.org\/static\/planet4-mexico-stateless\/2021\/12\/439377cc-deforestacion-por-mineri\u0301a-amapa\u0301-brazil-1024x684.jpg\" title=\"Fotograf\u00eda de explotaci\u00f3n minera en las monta\u00f1as en Amap\u00e1, Brasil\" alt=\"Fotograf\u00eda de explotaci\u00f3n minera en las monta\u00f1as en Amap\u00e1, Brasil\" class=\"wp-image-50182\" srcset=\"https:\/\/www.greenpeace.org\/static\/planet4-mexico-stateless\/2021\/12\/439377cc-deforestacion-por-mineri\u0301a-amapa\u0301-brazil-1024x684.jpg 1024w, https:\/\/www.greenpeace.org\/static\/planet4-mexico-stateless\/2021\/12\/439377cc-deforestacion-por-mineri\u0301a-amapa\u0301-brazil-300x200.jpg 300w, https:\/\/www.greenpeace.org\/static\/planet4-mexico-stateless\/2021\/12\/439377cc-deforestacion-por-mineri\u0301a-amapa\u0301-brazil-768x513.jpg 768w, https:\/\/www.greenpeace.org\/static\/planet4-mexico-stateless\/2021\/12\/439377cc-deforestacion-por-mineri\u0301a-amapa\u0301-brazil-510x340.jpg 510w, https:\/\/www.greenpeace.org\/static\/planet4-mexico-stateless\/2021\/12\/439377cc-deforestacion-por-mineri\u0301a-amapa\u0301-brazil.jpg 1200w\" sizes=\"auto, (max-width: 1024px) 100vw, 1024px\" \/><figcaption class=\"wp-element-caption\">Causas de la deforestaci\u00f3n en el mundo<div class=\"credit icon-left\"> \u00a9 Daniel Beltr\u00e1<\/div><\/figcaption><\/figure>\n\n<p>As\u00ed, la preservaci\u00f3n de los bosques tambi\u00e9n es clave para acabar con la <strong>desigualdad social<\/strong>, ya que seg\u00fan la FAO, la deforestaci\u00f3n causada principalmente por la conversi\u00f3n de la tierra forestal en zonas de agricultura y ganader\u00eda, amenaza no solo a los medios de vida de los silvicultores, las comunidades forestales y los pueblos ind\u00edgenas, sino tambi\u00e9n a la variedad de la vida en nuestro planeta. Aproximadamente el 40% de la poblaci\u00f3n rural que padece pobreza extrema, esto es, unos 250 millones de personas, vive en zonas boscosas o de sabana.<\/p>\n\n<p class=\"has-green-800-color has-text-color has-link-color wp-elements-52b37c0c8925d95c9c69f4c4266babd1\"><strong>\u00a1S\u00famate para actuar en contra de la deforestaci\u00f3n! <\/strong><\/p>\n\n<!--[if lte IE 8]>\n<script charset=\"utf-8\" type=\"text\/javascript\" src=\"\/\/js.hsforms.net\/forms\/v2-legacy.js\"><\/script>\n<![endif]-->\n<script charset=\"utf-8\" type=\"text\/javascript\" src=\"\/\/js.hsforms.net\/forms\/v2.js\"><\/script>\n<script>\n  hbspt.forms.create({\n\tportalId: \"2617486\",\n\tformId: \"2c8d1c6d-5f64-44bc-9732-32ee551cddd2\",\n\tsfdcCampaignId: \"7011P0000016xsaQAA\",\n\tsubmitButtonClass: 'hs-button',\nonFormReady: function($form, ctx){\nvar paramsp4 = new window.URLSearchParams(window.location.search);\nvar utm_content = paramsp4.get('utm_content');\nif(utm_content == null) {\nvar urlp4 = window.location.href;\nvar fromGPMXBlog = urlp4.includes(\"\/blog\/\");\nif (fromGPMXBlog == true) {\nvar arrayp4 = urlp4.split(\"\/\");\nvar hs_origin = arrayp4[6];\n$('input[name=\"hs_origen__c\"]').val(hs_origin).change();\n$('input[name=\"utm_content\"]').val(hs_origin).change();\n}\n}\n}\n});\n<\/script>\n\t\t\t<section\n\t\t\tclass=\"boxout post-3769 \"\n\t\t\t\n\t\t>\n\t\t\t<a\n\t\t\t\tdata-ga-category=\"Take Action Boxout\"\n\t\t\t\tdata-ga-action=\"Image\"\n\t\t\t\tdata-ga-label=\"n\/a\"\n\t\t\t\tclass=\"cover-card-overlay\"\n\t\t\t\thref=\"https:\/\/www.greenpeace.org\/mexico\/participa\/mi-dieta-salva-el-planeta\/\" \n\t\t\t><\/a>\n\t\t\t\t\t\t\t<img\n\t\t\t\t\t\tsrc=\"https:\/\/www.greenpeace.org\/static\/planet4-mexico-stateless\/2020\/01\/eb68e53e-avatar2-1024x1024.png\"\n\t\t\t\t\t\tsrcset=\"https:\/\/www.greenpeace.org\/static\/planet4-mexico-stateless\/2020\/01\/eb68e53e-avatar2-300x300.png 300w, https:\/\/www.greenpeace.org\/static\/planet4-mexico-stateless\/2020\/01\/eb68e53e-avatar2-1024x1024.png 1024w, https:\/\/www.greenpeace.org\/static\/planet4-mexico-stateless\/2020\/01\/eb68e53e-avatar2-150x150.png 150w, https:\/\/www.greenpeace.org\/static\/planet4-mexico-stateless\/2020\/01\/eb68e53e-avatar2-768x768.png 768w, https:\/\/www.greenpeace.org\/static\/planet4-mexico-stateless\/2020\/01\/eb68e53e-avatar2-1536x1536.png 1536w, https:\/\/www.greenpeace.org\/static\/planet4-mexico-stateless\/2020\/01\/eb68e53e-avatar2-1366x1366.png 1366w, https:\/\/www.greenpeace.org\/static\/planet4-mexico-stateless\/2020\/01\/eb68e53e-avatar2-340x340.png 340w, https:\/\/www.greenpeace.org\/static\/planet4-mexico-stateless\/2020\/01\/eb68e53e-avatar2.png 1876w\"\n\t\t\t\t\t\tsizes=\"(min-width: 1000px) 358px, (min-width: 780px) 313px, 88px\"\n\t\t\t\t\t\talt=\"\" title=\"\"\n\t\t\t\t\/>\n            \t\t\t<div class=\"boxout-content\">\n\t\t\t\t\t\t\t\t\t<a\n\t\t\t\t\t\tclass=\"boxout-heading medium\"\n\t\t\t\t\t\tdata-ga-category=\"Take Action Boxout\"\n\t\t\t\t\t\tdata-ga-action=\"Title\"\n\t\t\t\t\t\tdata-ga-label=\"n\/a\"\n\t\t\t\t\t\thref=\"https:\/\/www.greenpeace.org\/mexico\/participa\/mi-dieta-salva-el-planeta\/\"\n\t\t\t\t\t\t\n\t\t\t\t\t>\n\t\t\t\t\t\tMi dieta salva el planeta\n\t\t\t\t\t<\/a>\n\t\t\t\t\t\t\t\t\t\t\t\t\t<p class=\"boxout-excerpt\">Tu alimentaci\u00f3n y reducci\u00f3n de consumo de carne puede salvar el planeta<\/p>\n\t\t\t\t                                    <a\n                        class=\"btn btn-primary\"\n                        data-ga-category=\"Take Action Boxout\"\n                        data-ga-action=\"Call to Action\"\n                        data-ga-label=\"n\/a\"\n                        href=\"https:\/\/www.greenpeace.org\/mexico\/participa\/mi-dieta-salva-el-planeta\/\"\n                        \n                    >\n                        Participa\n                    <\/a>\n                \t\t\t<\/div>\n\t\t\t\t\t<\/section>\n\t\n<p><\/p>\n","protected":false},"excerpt":{"rendered":"<p>La deforestaci\u00f3n es un problema global que crece cada vez m\u00e1s y a un ritmo acelerado. \u00bfQu\u00e9 la causa.y por qu\u00e9 deber\u00edamos atender este problema con urgencia? Te contamos. <\/p>\n","protected":false},"author":21,"featured_media":50182,"comment_status":"open","ping_status":"open","sticky":false,"template":"","format":"standard","meta":{"ep_exclude_from_search":false,"p4_og_title":"Deforestaci\u00f3n, \u00bfqu\u00e9 es, qui\u00e9n la causa y por qu\u00e9 deber\u00eda importarnos?","p4_og_description":"La deforestaci\u00f3n es un problema global que crece cada vez m\u00e1s y a un ritmo acelerado. \u00bfQu\u00e9 la causa.y por qu\u00e9 deber\u00edamos atender este problema con urgencia? Te contamos.","p4_og_image":"https:\/\/www.greenpeace.org\/static\/planet4-mexico-stateless\/2021\/12\/439377cc-deforestacion-por-mineri\u0301a-amapa\u0301-brazil.jpg","p4_og_image_id":"50182","p4_seo_canonical_url":"","p4_campaign_name":"not set","p4_local_project":"not set","p4_basket_name":"not set","p4_department":"","footnotes":""},"categories":[39],"tags":[19,47],"p4-page-type":[14],"class_list":["post-4074","post","type-post","status-publish","format-standard","has-post-thumbnail","hentry","category-clima-y-energia","tag-deforestacion","tag-cambio-climatico","p4-page-type-blog"],"_links":{"self":[{"href":"https:\/\/www.greenpeace.org\/mexico\/wp-json\/wp\/v2\/posts\/4074","targetHints":{"allow":["GET"]}}],"collection":[{"href":"https:\/\/www.greenpeace.org\/mexico\/wp-json\/wp\/v2\/posts"}],"about":[{"href":"https:\/\/www.greenpeace.org\/mexico\/wp-json\/wp\/v2\/types\/post"}],"author":[{"embeddable":true,"href":"https:\/\/www.greenpeace.org\/mexico\/wp-json\/wp\/v2\/users\/21"}],"replies":[{"embeddable":true,"href":"https:\/\/www.greenpeace.org\/mexico\/wp-json\/wp\/v2\/comments?post=4074"}],"version-history":[{"count":9,"href":"https:\/\/www.greenpeace.org\/mexico\/wp-json\/wp\/v2\/posts\/4074\/revisions"}],"predecessor-version":[{"id":59709,"href":"https:\/\/www.greenpeace.org\/mexico\/wp-json\/wp\/v2\/posts\/4074\/revisions\/59709"}],"wp:featuredmedia":[{"embeddable":true,"href":"https:\/\/www.greenpeace.org\/mexico\/wp-json\/wp\/v2\/media\/50182"}],"wp:attachment":[{"href":"https:\/\/www.greenpeace.org\/mexico\/wp-json\/wp\/v2\/media?parent=4074"}],"wp:term":[{"taxonomy":"category","embeddable":true,"href":"https:\/\/www.greenpeace.org\/mexico\/wp-json\/wp\/v2\/categories?post=4074"},{"taxonomy":"post_tag","embeddable":true,"href":"https:\/\/www.greenpeace.org\/mexico\/wp-json\/wp\/v2\/tags?post=4074"},{"taxonomy":"p4-page-type","embeddable":true,"href":"https:\/\/www.greenpeace.org\/mexico\/wp-json\/wp\/v2\/p4-page-type?post=4074"}],"curies":[{"name":"wp","href":"https:\/\/api.w.org\/{rel}","templated":true}]}}