{"id":4174,"date":"2020-03-03T17:00:26","date_gmt":"2020-03-03T22:00:26","guid":{"rendered":"https:\/\/www.greenpeace.org\/mexico\/?p=4174"},"modified":"2021-12-01T07:38:56","modified_gmt":"2021-12-01T12:38:56","slug":"6-animales-en-peligro-de-extincion-que-se-deberian-proteger","status":"publish","type":"post","link":"https:\/\/www.greenpeace.org\/mexico\/blog\/4174\/6-animales-en-peligro-de-extincion-que-se-deberian-proteger\/","title":{"rendered":"6 animales en peligro de extinci\u00f3n que se deber\u00edan proteger"},"content":{"rendered":"\n<p>Los impactos por la actividad humana son muchos y muy variados, pero una de las formas m\u00e1s tangibles de verlos es en el impacto que estamos provocando en la biodiversidad y en el h\u00e1bitat de miles de especies que hoy ven peligrar su hogar y su vida. <\/p>\n\n<p>Seg\u00fan datos de la Uni\u00f3n Internacional para la Conservaci\u00f3n de la Naturaleza, se estima que m\u00e1s de 5200 especies se encuentran en peligro de extinci\u00f3n en la actualidad y es cada vez m\u00e1s com\u00fan ver a especies de todo el mundo engrosar la lista. <\/p>\n\n<p>Es por eso que queremos hacer un recuento de 6 de los animales m\u00e1s ic\u00f3nicos de M\u00e9xico y el mundo que hoy por hoy, ven peligrar su existencia en el planeta Tierra. \u00bfSab\u00edas que todos ellos estaban en peligro? <\/p>\n\n<h2 class=\"wp-block-heading\">Jaguar<\/h2>\n\n<p>Este bello animal, icono de la cultura mexicana, hoy est\u00e1 considerado en peligro de extinci\u00f3n y enfrenta la gran amenaza de su hogar en territorio nacional, debido a la expansi\u00f3n de la industria ganadera y la deforestaci\u00f3n de su h\u00e1bitat. <\/p>\n\n<p>De acuerdo con WWF el jaguar est\u00e1 pr\u00e1cticamente extinto en Estados Unidos, El Salvador y Uruguay. M\u00e9xico es uno de los 18 pa\u00edses en los que a\u00fan sobreviven algunos ejemplares, pero para protegerlos tenemos que actuar hoy mismo. <a href=\"https:\/\/actua.greenpeace.org.mx\/mi-dieta-salva-el-planeta\">\u00a1S\u00famate y no sigamos perdiendo a esta especie ic\u00f3nica del pa\u00eds! <\/a><\/p>\n\n<figure class=\"wp-block-image size-large  caption-style-medium caption-alignment-center\"><img loading=\"lazy\" decoding=\"async\" width=\"1024\" height=\"652\" src=\"https:\/\/www.greenpeace.org\/static\/planet4-mexico-stateless\/2020\/02\/7b396008-gp0pa4-1024x652.jpg\" title=\"Jaguar y la deforestaci\u00f3n en M\u00e9xico\" alt=\"Jaguar y la deforestaci\u00f3n en M\u00e9xico\" class=\"wp-image-4145\" srcset=\"https:\/\/www.greenpeace.org\/static\/planet4-mexico-stateless\/2020\/02\/7b396008-gp0pa4-1024x652.jpg 1024w, https:\/\/www.greenpeace.org\/static\/planet4-mexico-stateless\/2020\/02\/7b396008-gp0pa4-300x191.jpg 300w, https:\/\/www.greenpeace.org\/static\/planet4-mexico-stateless\/2020\/02\/7b396008-gp0pa4-768x489.jpg 768w, https:\/\/www.greenpeace.org\/static\/planet4-mexico-stateless\/2020\/02\/7b396008-gp0pa4-510x325.jpg 510w, https:\/\/www.greenpeace.org\/static\/planet4-mexico-stateless\/2020\/02\/7b396008-gp0pa4.jpg 1199w\" sizes=\"auto, (max-width: 1024px) 100vw, 1024px\" \/><figcaption>Jaguar, animal en peligro de extinci\u00f3n debido a la deforestaci\u00f3n de su hogar.<div class=\"credit icon-left\"> \u00a9 Rodrigo Bal\u00e9ia \/ Greenpeace<\/div><\/figcaption><\/figure>\n\n<h2 class=\"wp-block-heading\">Oso Polar<\/h2>\n\n<p>El oso polar es una especie amenazada, considerada en peligro de extinci\u00f3n y la cu\u00e1l, seg\u00fan datos del Fondo Mundial para la naturaleza, podr\u00eda desaparecer en el pr\u00f3ximo siglo si si contin\u00faa la tendencia actual de calentamiento en el \u00c1rtico. <\/p>\n\n<p>La poblaci\u00f3n de osos polares que se tiene en cuenta actualmente oscila entre 22000 y 31000 ejemplares en el mundo. El deshielo de su h\u00e1bitat debido al cambio clim\u00e1tico y a la desmedida ambici\u00f3n por el petr\u00f3leo hace que el hielo \u00e1rtico se derrita y sea m\u00e1s dif\u00edcil para ellos cazar, haci\u00e9ndolos pasar hambre por semanas e incluso meses. <\/p>\n\n<figure class=\"wp-block-image size-large  caption-style-medium caption-alignment-center\"><img loading=\"lazy\" decoding=\"async\" width=\"1024\" height=\"683\" src=\"https:\/\/www.greenpeace.org\/static\/planet4-mexico-stateless\/2019\/07\/a6c7dfa4-gp04z2q-1024x683.jpg\" title=\"Polar Bears on Sea Ice. \u00a9 Larissa Beumer \/ Greenpeace\" alt=\"osos polares y cambio clim\u00e1tico\" class=\"wp-image-2838\" srcset=\"https:\/\/www.greenpeace.org\/static\/planet4-mexico-stateless\/2019\/07\/a6c7dfa4-gp04z2q-1024x683.jpg 1024w, https:\/\/www.greenpeace.org\/static\/planet4-mexico-stateless\/2019\/07\/a6c7dfa4-gp04z2q-300x200.jpg 300w, https:\/\/www.greenpeace.org\/static\/planet4-mexico-stateless\/2019\/07\/a6c7dfa4-gp04z2q-768x512.jpg 768w, https:\/\/www.greenpeace.org\/static\/planet4-mexico-stateless\/2019\/07\/a6c7dfa4-gp04z2q-510x340.jpg 510w, https:\/\/www.greenpeace.org\/static\/planet4-mexico-stateless\/2019\/07\/a6c7dfa4-gp04z2q.jpg 1200w\" sizes=\"auto, (max-width: 1024px) 100vw, 1024px\" \/><figcaption>Osos Polares en peligro de extinci\u00f3n por el deshielo de su h\u00e1bitat<div class=\"credit icon-left\"> \u00a9 Larissa Beumer \/ Greenpeace<\/div><\/figcaption><\/figure>\n\n<h2 class=\"wp-block-heading\">L\u00e9mures<\/h2>\n\n<p>Estos simp\u00e1ticos animales, end\u00e9micos de la isla de Madagascar, son otra de las especies que se suma a la lista de animales en peligro de extinci\u00f3n. <\/p>\n\n<p>Seg\u00fan datos de &nbsp;Global Wildlife Conservation los l\u00e9mures est\u00e1n a punto de desaparecer porque 105 de sus 111 especies est\u00e1n en peligro de extinci\u00f3n, esto muestra que 95 por ciento de los l\u00e9mures est\u00e1n realmente al borde de la extinci\u00f3n. <\/p>\n\n<figure class=\"wp-block-image size-large  caption-style-medium caption-alignment-center\"><img loading=\"lazy\" decoding=\"async\" width=\"1024\" height=\"584\" src=\"https:\/\/www.greenpeace.org\/static\/planet4-mexico-stateless\/2020\/03\/4ec09fae-janna-peat-bjj0j8jhinu-unsplash-1024x584.jpg\" alt=\"Lemur en peligro de extinci\u00f3n \" class=\"wp-image-4177\" srcset=\"https:\/\/www.greenpeace.org\/static\/planet4-mexico-stateless\/2020\/03\/4ec09fae-janna-peat-bjj0j8jhinu-unsplash-1024x584.jpg 1024w, https:\/\/www.greenpeace.org\/static\/planet4-mexico-stateless\/2020\/03\/4ec09fae-janna-peat-bjj0j8jhinu-unsplash-300x171.jpg 300w, https:\/\/www.greenpeace.org\/static\/planet4-mexico-stateless\/2020\/03\/4ec09fae-janna-peat-bjj0j8jhinu-unsplash-768x438.jpg 768w, https:\/\/www.greenpeace.org\/static\/planet4-mexico-stateless\/2020\/03\/4ec09fae-janna-peat-bjj0j8jhinu-unsplash-1536x875.jpg 1536w, https:\/\/www.greenpeace.org\/static\/planet4-mexico-stateless\/2020\/03\/4ec09fae-janna-peat-bjj0j8jhinu-unsplash-2048x1167.jpg 2048w, https:\/\/www.greenpeace.org\/static\/planet4-mexico-stateless\/2020\/03\/4ec09fae-janna-peat-bjj0j8jhinu-unsplash-510x291.jpg 510w\" sizes=\"auto, (max-width: 1024px) 100vw, 1024px\" \/><figcaption>Lemur en peligro de extinci\u00f3n <\/figcaption><\/figure>\n\n<h2 class=\"wp-block-heading\">Mono ara\u00f1a<\/h2>\n\n<p>Otra especie ic\u00f3nica de M\u00e9xico que al igual que el jaguar, se encuentra amenazada principalmente por la deforestaci\u00f3n de su hogar debido a la industria ganadera, adem\u00e1s de la tala ilegal y la caza furtiva. <\/p>\n\n<p>Esta hermosa especie habita en la selva de la Riviera Maya y Yucat\u00e1n y de no actuar para protegerlo tambi\u00e9n podr\u00eda desaparecer. <a href=\"https:\/\/actua.greenpeace.org.mx\/mi-dieta-salva-el-planeta\">\u00a1S\u00famate y no dejes que esto pase! <\/a><\/p>\n\n<figure class=\"wp-block-image size-large  caption-style-medium caption-alignment-center\"><img decoding=\"async\" src=\"https:\/\/www.greenpeace.org\/static\/planet4-mexico-stateless\/2020\/03\/57429182-gp0191h-1024x683.jpg\" title=\"Mono ara\u00f1a en peligro de extinci\u00f3n por la deforestaci\u00f3n de su hogar<div class=\"credit icon-left\"> \u00a9 Greenpeace \/ Daniel Beltr\u00e1<\/div>&#8221; alt=&#8221;Mono ara\u00f1a en peligro de extinci\u00f3n por la deforestaci\u00f3n de su hogar<div class=\"credit icon-left\"> \u00a9 Greenpeace \/ Daniel Beltr\u00e1<\/div>&#8221; class=&#8221;wp-image-4175&#8243;\/><figcaption>Mono ara\u00f1a en peligro de extinci\u00f3n por la deforestaci\u00f3n de su hogar<div class=\"credit icon-left\"> \u00a9 Greenpeace \/ Daniel Beltr\u00e1<\/div><\/figcaption><\/figure>\n\n<h2 class=\"wp-block-heading\">Vaquita Marina<\/h2>\n\n<p>Esta marsopa es end\u00e9mica de M\u00e9xico, lo que quiere decir que solo en nuestro pa\u00eds contamos con esa especie. Es un animal t\u00edmido, muy dif\u00edcil de ver en los oc\u00e9anos mexicanos y hoy est\u00e1 en grave peligro de extinci\u00f3n.<\/p>\n\n<p> La amenaza m\u00e1s grande para la vaquita marina ha sido desde hace muchos a\u00f1os la pesca y su captura incidental buscando otros peces como la totoaba, la cual tambi\u00e9n corre peligro de desaparecer.  En los \u00faltimos conteos que se tienen, ubican la poblaci\u00f3n de vaquitas marinas en alrededor de 11 ejemplares, un n\u00famero que la lleva a estar casi extinta. <\/p>\n\n<figure class=\"wp-block-image size-large  caption-style-medium caption-alignment-center\"><img loading=\"lazy\" decoding=\"async\" width=\"1024\" height=\"502\" src=\"https:\/\/www.greenpeace.org\/static\/planet4-mexico-stateless\/2020\/03\/2e14aac8-gp046z0-1024x502.jpg\" title=\"Vaquita. \u00a9 Lizzie Barber\" alt=\"Vaquita. \u00a9 Lizzie Barber\" class=\"wp-image-4178\" srcset=\"https:\/\/www.greenpeace.org\/static\/planet4-mexico-stateless\/2020\/03\/2e14aac8-gp046z0-1024x502.jpg 1024w, https:\/\/www.greenpeace.org\/static\/planet4-mexico-stateless\/2020\/03\/2e14aac8-gp046z0-300x147.jpg 300w, https:\/\/www.greenpeace.org\/static\/planet4-mexico-stateless\/2020\/03\/2e14aac8-gp046z0-768x376.jpg 768w, https:\/\/www.greenpeace.org\/static\/planet4-mexico-stateless\/2020\/03\/2e14aac8-gp046z0-510x250.jpg 510w, https:\/\/www.greenpeace.org\/static\/planet4-mexico-stateless\/2020\/03\/2e14aac8-gp046z0.jpg 1200w\" sizes=\"auto, (max-width: 1024px) 100vw, 1024px\" \/><figcaption>ilustraci\u00f3n de la vaquita marina, especie end\u00e9mica de M\u00e9xico en peligro de extinci\u00f3n<div class=\"credit icon-left\"> \u00a9 Lizzie Barber<\/div><\/figcaption><\/figure>\n\n<h2 class=\"wp-block-heading\">Tigre de sumatra<\/h2>\n\n<p>Este felino que habita las selvas de Sumatra en el sureste asi\u00e1tico tambi\u00e9n est\u00e1 en peligro de desaparecer debido al impacto de las actividades humanas. Su hogar, afectado por la deforestaci\u00f3n debido a las plantaciones de aceite de palma est\u00e1 haciendo que el n\u00famero de tigres disminuya r\u00e1pidamente. <\/p>\n\n<p>Solo quedan 500 ejemplares en estado salvaje y si no hacemos algo, pronto ser\u00e1n muchos menos. <\/p>\n\n<figure class=\"wp-block-image size-large  caption-style-medium caption-alignment-center\"><img decoding=\"async\" src=\"https:\/\/www.greenpeace.org\/static\/planet4-mexico-stateless\/2020\/03\/383d9bda-gp0sto5da-1024x660.jpg\" title=\"Tigre de Sumatra en peligro de extinci\u00f3n por la deforestaci\u00f3n de su hogar<div class=\"credit icon-left\"> \u00a9 Paul Hilton \/ Greenpeace<\/div>&#8221; alt=&#8221;Tigre de Sumatra en peligro de extinci\u00f3n por la deforestaci\u00f3n de su hogar<div class=\"credit icon-left\"> \u00a9 Paul Hilton \/ Greenpeace<\/div>&#8221; class=&#8221;wp-image-4176&#8243;\/><figcaption>Tigre de Sumatra en peligro de extinci\u00f3n por la deforestaci\u00f3n de su hogar<div class=\"credit icon-left\"> \u00a9 Paul Hilton \/ Greenpeace<\/div><\/figcaption><\/figure>\n\n<p>Luchamos por el planeta para que t\u00fa puedas vivir y disfrutar de un medio ambiente sano. Los animales en peligro de extinci\u00f3n deben ser protegidos, y la mejor manera de hacerlo es cuidar su h\u00e1bitat natural.&nbsp;<\/p>\n\n<p>Desde Greenpeace, impulsamos la conservaci\u00f3n de los ecosistemas con acciones de protesta pac\u00edfica, investigaci\u00f3n cient\u00edfica y cabildeo pol\u00edtico.&nbsp;<strong>Hemos logrado la protecci\u00f3n de \u00e1reas naturales como Cabo Pulmo en M\u00e9xico, nos manifestamos en contra de la deforestaci\u00f3n en el Amazonas<\/strong>&nbsp;y apoyamos a las comunidades originarias, y realizamos trabajos de exploraci\u00f3n en el \u00c1rtico y Ant\u00e1rtida.<\/p>\n\n<p>Greenpeace es la organizaci\u00f3n ambiental con m\u00e1s de 40 a\u00f1os de historia luchando en 55 pa\u00edses. Todo el trabajo que hacemos es gracias a quienes nos apoyan donando regularmente.<strong>&nbsp;<a rel=\"noreferrer noopener\" href=\"https:\/\/act.gp\/32r12wu\" target=\"_blank\">S\u00e9 parte de este movimiento por el planeta y convi\u00e9rtete en donador de Greenpeace haciendo&nbsp;clic aqu\u00ed.<\/a><\/strong><\/p>\n\n<h2 class=\"wp-block-heading\">\u00bfQuieres hacer algo para protegerlos? \u00danete aqu\u00ed.  <\/h2>\n\n<!--[if lte IE 8]>\n<script charset=\"utf-8\" type=\"text\/javascript\" src=\"\/\/js.hsforms.net\/forms\/v2-legacy.js\"><\/script>\n<![endif]-->\n<script charset=\"utf-8\" type=\"text\/javascript\" src=\"\/\/js.hsforms.net\/forms\/v2.js\"><\/script>\n<script>\n  hbspt.forms.create({\n\tportalId: \"2617486\",\n\tformId: \"2dcbbbc8-1cb2-41be-a6ff-fdebea43af0c\",\n\tsfdcCampaignId: \"7011P0000016yxUQAQ\",\n\tsubmitButtonClass: 'hs-button',\nonFormReady: function($form, ctx){\nvar paramsp4 = new window.URLSearchParams(window.location.search);\nvar utm_content = paramsp4.get('utm_content');\nif(utm_content == null) {\nvar urlp4 = window.location.href;\nvar fromGPMXBlog = urlp4.includes(\"\/blog\/\");\nif (fromGPMXBlog == true) {\nvar arrayp4 = urlp4.split(\"\/\");\nvar hs_origin = arrayp4[6];\n$('input[name=\"hs_origen__c\"]').val(hs_origin).change();\n$('input[name=\"utm_content\"]').val(hs_origin).change();\n}\n}\n}\n});\n<\/script>\n\t\t\t<section\n\t\t\tclass=\"boxout post-3769 \"\n\t\t\t\n\t\t>\n\t\t\t<a\n\t\t\t\tdata-ga-category=\"Take Action Boxout\"\n\t\t\t\tdata-ga-action=\"Image\"\n\t\t\t\tdata-ga-label=\"n\/a\"\n\t\t\t\tclass=\"cover-card-overlay\"\n\t\t\t\thref=\"https:\/\/www.greenpeace.org\/mexico\/participa\/mi-dieta-salva-el-planeta\/\" \n\t\t\t><\/a>\n\t\t\t\t\t\t\t<img\n\t\t\t\t\t\tsrc=\"https:\/\/www.greenpeace.org\/static\/planet4-mexico-stateless\/2020\/01\/eb68e53e-avatar2-1024x1024.png\"\n\t\t\t\t\t\tsrcset=\"https:\/\/www.greenpeace.org\/static\/planet4-mexico-stateless\/2020\/01\/eb68e53e-avatar2-300x300.png 300w, https:\/\/www.greenpeace.org\/static\/planet4-mexico-stateless\/2020\/01\/eb68e53e-avatar2-1024x1024.png 1024w, https:\/\/www.greenpeace.org\/static\/planet4-mexico-stateless\/2020\/01\/eb68e53e-avatar2-150x150.png 150w, https:\/\/www.greenpeace.org\/static\/planet4-mexico-stateless\/2020\/01\/eb68e53e-avatar2-768x768.png 768w, https:\/\/www.greenpeace.org\/static\/planet4-mexico-stateless\/2020\/01\/eb68e53e-avatar2-1536x1536.png 1536w, https:\/\/www.greenpeace.org\/static\/planet4-mexico-stateless\/2020\/01\/eb68e53e-avatar2-1366x1366.png 1366w, https:\/\/www.greenpeace.org\/static\/planet4-mexico-stateless\/2020\/01\/eb68e53e-avatar2-340x340.png 340w, https:\/\/www.greenpeace.org\/static\/planet4-mexico-stateless\/2020\/01\/eb68e53e-avatar2.png 1876w\"\n\t\t\t\t\t\tsizes=\"(min-width: 1000px) 358px, (min-width: 780px) 313px, 88px\"\n\t\t\t\t\t\talt=\"\" title=\"\"\n\t\t\t\t\/>\n            \t\t\t<div class=\"boxout-content\">\n\t\t\t\t\t\t\t\t\t<a\n\t\t\t\t\t\tclass=\"boxout-heading medium\"\n\t\t\t\t\t\tdata-ga-category=\"Take Action Boxout\"\n\t\t\t\t\t\tdata-ga-action=\"Title\"\n\t\t\t\t\t\tdata-ga-label=\"n\/a\"\n\t\t\t\t\t\thref=\"https:\/\/www.greenpeace.org\/mexico\/participa\/mi-dieta-salva-el-planeta\/\"\n\t\t\t\t\t\t\n\t\t\t\t\t>\n\t\t\t\t\t\tMi dieta salva el planeta\n\t\t\t\t\t<\/a>\n\t\t\t\t\t\t\t\t\t\t\t\t\t<p class=\"boxout-excerpt\">Tu alimentaci\u00f3n y reducci\u00f3n de consumo de carne puede salvar el planeta<\/p>\n\t\t\t\t                                    <a\n                        class=\"btn btn-primary\"\n                        data-ga-category=\"Take Action Boxout\"\n                        data-ga-action=\"Call to Action\"\n                        data-ga-label=\"n\/a\"\n                        href=\"https:\/\/www.greenpeace.org\/mexico\/participa\/mi-dieta-salva-el-planeta\/\"\n                        \n                    >\n                        Participa\n                    <\/a>\n                \t\t\t<\/div>\n\t\t\t\t\t<\/section>\n\t","protected":false},"excerpt":{"rendered":"<p>\u00bfSab\u00edas que estos animales est\u00e1n en peligro de extinci\u00f3n? La deforestaci\u00f3n, el cambio clim\u00e1tico y las actividades humanas los est\u00e1n poniendo en peligro. <\/p>\n","protected":false},"author":21,"featured_media":2838,"comment_status":"open","ping_status":"open","sticky":false,"template":"","format":"standard","meta":{"ep_exclude_from_search":false,"p4_og_title":"6 animales en peligro de extinci\u00f3n que se deber\u00edan proteger","p4_og_description":"\u00bfSab\u00edas que estos animales est\u00e1n en peligro de extinci\u00f3n? La deforestaci\u00f3n, el cambio clim\u00e1tico y las actividades humanas los est\u00e1n poniendo en peligro. ","p4_og_image":"https:\/\/www.greenpeace.org\/static\/planet4-mexico-stateless\/2019\/07\/a6c7dfa4-gp04z2q.jpg","p4_og_image_id":"2838","p4_seo_canonical_url":"","p4_campaign_name":"not set","p4_local_project":"not set","p4_basket_name":"not set","p4_department":"","footnotes":""},"categories":[2],"tags":[19],"p4-page-type":[14],"class_list":["post-4174","post","type-post","status-publish","format-standard","has-post-thumbnail","hentry","category-cambio-climatico","tag-deforestacion","p4-page-type-blog"],"_links":{"self":[{"href":"https:\/\/www.greenpeace.org\/mexico\/wp-json\/wp\/v2\/posts\/4174","targetHints":{"allow":["GET"]}}],"collection":[{"href":"https:\/\/www.greenpeace.org\/mexico\/wp-json\/wp\/v2\/posts"}],"about":[{"href":"https:\/\/www.greenpeace.org\/mexico\/wp-json\/wp\/v2\/types\/post"}],"author":[{"embeddable":true,"href":"https:\/\/www.greenpeace.org\/mexico\/wp-json\/wp\/v2\/users\/21"}],"replies":[{"embeddable":true,"href":"https:\/\/www.greenpeace.org\/mexico\/wp-json\/wp\/v2\/comments?post=4174"}],"version-history":[{"count":7,"href":"https:\/\/www.greenpeace.org\/mexico\/wp-json\/wp\/v2\/posts\/4174\/revisions"}],"predecessor-version":[{"id":49881,"href":"https:\/\/www.greenpeace.org\/mexico\/wp-json\/wp\/v2\/posts\/4174\/revisions\/49881"}],"wp:featuredmedia":[{"embeddable":true,"href":"https:\/\/www.greenpeace.org\/mexico\/wp-json\/wp\/v2\/media\/2838"}],"wp:attachment":[{"href":"https:\/\/www.greenpeace.org\/mexico\/wp-json\/wp\/v2\/media?parent=4174"}],"wp:term":[{"taxonomy":"category","embeddable":true,"href":"https:\/\/www.greenpeace.org\/mexico\/wp-json\/wp\/v2\/categories?post=4174"},{"taxonomy":"post_tag","embeddable":true,"href":"https:\/\/www.greenpeace.org\/mexico\/wp-json\/wp\/v2\/tags?post=4174"},{"taxonomy":"p4-page-type","embeddable":true,"href":"https:\/\/www.greenpeace.org\/mexico\/wp-json\/wp\/v2\/p4-page-type?post=4174"}],"curies":[{"name":"wp","href":"https:\/\/api.w.org\/{rel}","templated":true}]}}