{"id":4181,"date":"2020-03-04T14:09:07","date_gmt":"2020-03-04T19:09:07","guid":{"rendered":"https:\/\/www.greenpeace.org\/mexico\/?p=4181"},"modified":"2020-03-04T14:09:08","modified_gmt":"2020-03-04T19:09:08","slug":"greenpeace-exige-a-amlo-que-sancione-a-alfonso-romo-fundador-de-la-empresa-enerall-por-el-desastre-ambiental-ocasionado-en-el-paraiso-maya","status":"publish","type":"post","link":"https:\/\/www.greenpeace.org\/mexico\/blog\/4181\/greenpeace-exige-a-amlo-que-sancione-a-alfonso-romo-fundador-de-la-empresa-enerall-por-el-desastre-ambiental-ocasionado-en-el-paraiso-maya\/","title":{"rendered":"Greenpeace exige a AMLO que  sancion\u00e9 a Alfonso Romo, fundador de la empresa Enerall, por el desastre ambiental ocasionado en el para\u00edso maya."},"content":{"rendered":"\n<p>Exigimos una investigaci\u00f3n clara. Los proyectos agropecuarios no pueden derivar de la destrucci\u00f3n de la naturaleza ni de la violaci\u00f3n a los derechos humanos.\u00a0<\/p>\n\n<p>El mandatario del actual gobierno Andr\u00e9s Manuel L\u00f3pez Obrador hizo el compromiso de crear conciencia sobre el uso racional de las aguas e insisti\u00f3 en que ser\u00e1 inflexible en castigar los delitos ambientales. Adem\u00e1s, de que en su discurso de la conferencia matutina del pasado 03 de marzo pidi\u00f3 a la Secretar\u00eda de Medio Ambiente y Recursos Naturales (SEMARNAT) y a la Secretar\u00eda de la Funci\u00f3n P\u00fablica (SFP) investiguen al respecto para que no exista impunidad, adem\u00e1s de que mantiene su compromiso de protecci\u00f3n a los mantos acu\u00edferos. En Greenpeace exhortamos al mandatario a que cumpla con estas declaraciones.<\/p>\n\n<p>La empresa Enerall un megaproyecto agr\u00edcola, cuyo fundador es el actual jefe de la oficina de la Presidencia de M\u00e9xico, Alfonso Romo, esta afectando el acu\u00edfero en la Pen\u00ednsula de Yucat\u00e1n, el cual es el m\u00e1s importante a nivel nacional ya que resguarda dos terceras partes del agua renovable del pa\u00eds (de acuerdo con con el Atlas de Agua en M\u00e9xico publicado en 2018 por Conagua).<\/p>\n\n<p>Este proyecto esta ocasionando contaminaci\u00f3n del agua por fertilizantes y pesticidas. Como consecuencia de la recepci\u00f3n de escorrentias originadas por el riego, lo cual origina que tambi\u00e9n se depositen sustancias qu\u00edmicas utilizadas en los cultivos. Asimismo, la disponibilidad del acuifero descendio casi un 50 % en diez a\u00f1os, mientras que Tisim\u00edn el municipio en el que se encuentra esta empresa experimenta una sequ\u00eda extrema.<\/p>\n\n<figure class=\"wp-block-image size-large  caption-style-blue-overlay caption-alignment-center\"><img decoding=\"async\" src=\"https:\/\/www.greenpeace.org\/static\/planet4-mexico-stateless\/2020\/03\/d966abe0-gp042nc-1024x715.jpg\" title=\"Yucat\u00e1n M\u00e9xico<div class=\"credit icon-left\"> \u00a9 Arturo  Rocha \/ Aerofilms \/ Greenpeace<\/div>&#8221; alt=&#8221;Yucat\u00e1n M\u00e9xico<div class=\"credit icon-left\"> \u00a9 Arturo  Rocha \/ Aerofilms \/ Greenpeace<\/div>&#8221; class=&#8221;wp-image-4182&#8243;\/><figcaption>Yucat\u00e1n M\u00e9xico<div class=\"credit icon-left\"> \u00a9 Arturo  Rocha \/ Aerofilms \/ Greenpeace<\/div><\/figcaption><\/figure>\n\n<p>Este proyect\u00f3 caus\u00f3 deforestaci\u00f3n de especies de \u00e1rboles como el chak\u00e1, el jab\u00edn, el yaxch\u00e9, el koop\u00f3 y el tsalam. Adem\u00e1s ha contribuido a que especies como la tortuga caja amarilla (<em>Terrapene mexicana<\/em>), end\u00e9mica de Yucat\u00e1n, sujeta a protecci\u00f3n especial por la vulnerabilidad de sus poblaciones; as\u00ed como de tortuga mojina (<em>Rhinoclemmys areolata<\/em>), en categor\u00eda de amenazada, seg\u00fan la Norma Oficial Mexicana de la Semarnat murieran a causa de la p\u00e9rdida de su h\u00e1bitat.<\/p>\n\n<p>Este proyecto viola los derechos de los trabajadores y ha ocasionado un desastre ambiental en la pen\u00ednsula de Yucat\u00e1n que no ha sido sancionado como se merece. Se ha cometido un delito federal por esta empresa que ahora esta en manos de familiares de Alfonso Ramos, un empresario al que le dan risa estas declaraciones sumamente alarmantes.<\/p>\n\n<figure class=\"wp-block-image size-large  caption-style-blue-overlay caption-alignment-center\"><img loading=\"lazy\" decoding=\"async\" width=\"1024\" height=\"683\" src=\"https:\/\/www.greenpeace.org\/static\/planet4-mexico-stateless\/2020\/03\/bab0d98b-gp0298u-1024x683.jpg\" title=\"Deforestation en Mexico. \u00a9 Victor Garcia \/ Greenpeace\" alt=\"Deforestaci\u00f3n en Mexico. \u00a9 Victor  Garcia \/ Greenpeace\" class=\"wp-image-4183\" srcset=\"https:\/\/www.greenpeace.org\/static\/planet4-mexico-stateless\/2020\/03\/bab0d98b-gp0298u-1024x683.jpg 1024w, https:\/\/www.greenpeace.org\/static\/planet4-mexico-stateless\/2020\/03\/bab0d98b-gp0298u-300x200.jpg 300w, https:\/\/www.greenpeace.org\/static\/planet4-mexico-stateless\/2020\/03\/bab0d98b-gp0298u-768x512.jpg 768w, https:\/\/www.greenpeace.org\/static\/planet4-mexico-stateless\/2020\/03\/bab0d98b-gp0298u-510x340.jpg 510w, https:\/\/www.greenpeace.org\/static\/planet4-mexico-stateless\/2020\/03\/bab0d98b-gp0298u.jpg 1200w\" sizes=\"auto, (max-width: 1024px) 100vw, 1024px\" \/><figcaption>Deforestacion en Mexico<div class=\"credit icon-left\"> \u00a9 Victor  Garcia \/ Greenpeace<\/div><\/figcaption><\/figure>\n\n<p>La Secretaria del Medio Ambiente y Recursos Naturales (SEMARNAT) a trav\u00e9s de la Comisi\u00f3n Nacional del Agua (CONAGUA) y Procuradur\u00eda Federal de Protecci\u00f3n al Ambiente (PROFEPA) deben intervenir de manera urgente para que el cenote que ha sido afectado sea restaurado, se realicen las auditorias y los monitoreos de agua a la empresa Enerall;\u00a0 pero sobre todo para que proyectos de esta magnitud en los que no se garantiza la protecci\u00f3n del medio ambiente ni se asegura el cumplimiento de los derechos humanos no contin\u00faen operando y adquiriendo permisos para explotar los recursos naturales.<\/p>\n","protected":false},"excerpt":{"rendered":"<p>Exigimos una investigaci\u00f3n clara. Los proyectos agropecuarios no pueden derivar de la destrucci\u00f3n de la naturaleza ni de la violaci\u00f3n a los derechos humanos.\u00a0 <\/p>\n","protected":false},"author":21,"featured_media":4182,"comment_status":"open","ping_status":"open","sticky":false,"template":"","format":"standard","meta":{"ep_exclude_from_search":false,"p4_og_title":"Greenpeace exige a AMLO que sancion\u00e9 a Alfonso Romo, fundador de la empresa Enerall, por el desastre ambiental ocasionado en el para\u00edso maya.","p4_og_description":"Exigimos una investigaci\u00f3n clara. Los proyectos agropecuarios no pueden derivar de la destrucci\u00f3n de la naturaleza ni de la violaci\u00f3n a los derechos humanos.\u00a0 ","p4_og_image":"https:\/\/www.greenpeace.org\/static\/planet4-mexico-stateless\/2020\/03\/d966abe0-gp042nc.jpg","p4_og_image_id":"4182","p4_seo_canonical_url":"","p4_campaign_name":"not set","p4_local_project":"","p4_basket_name":"not set","p4_department":"","footnotes":""},"categories":[2],"tags":[19],"p4-page-type":[14],"class_list":["post-4181","post","type-post","status-publish","format-standard","has-post-thumbnail","hentry","category-cambio-climatico","tag-deforestacion","p4-page-type-blog"],"_links":{"self":[{"href":"https:\/\/www.greenpeace.org\/mexico\/wp-json\/wp\/v2\/posts\/4181","targetHints":{"allow":["GET"]}}],"collection":[{"href":"https:\/\/www.greenpeace.org\/mexico\/wp-json\/wp\/v2\/posts"}],"about":[{"href":"https:\/\/www.greenpeace.org\/mexico\/wp-json\/wp\/v2\/types\/post"}],"author":[{"embeddable":true,"href":"https:\/\/www.greenpeace.org\/mexico\/wp-json\/wp\/v2\/users\/21"}],"replies":[{"embeddable":true,"href":"https:\/\/www.greenpeace.org\/mexico\/wp-json\/wp\/v2\/comments?post=4181"}],"version-history":[{"count":1,"href":"https:\/\/www.greenpeace.org\/mexico\/wp-json\/wp\/v2\/posts\/4181\/revisions"}],"predecessor-version":[{"id":4184,"href":"https:\/\/www.greenpeace.org\/mexico\/wp-json\/wp\/v2\/posts\/4181\/revisions\/4184"}],"wp:featuredmedia":[{"embeddable":true,"href":"https:\/\/www.greenpeace.org\/mexico\/wp-json\/wp\/v2\/media\/4182"}],"wp:attachment":[{"href":"https:\/\/www.greenpeace.org\/mexico\/wp-json\/wp\/v2\/media?parent=4181"}],"wp:term":[{"taxonomy":"category","embeddable":true,"href":"https:\/\/www.greenpeace.org\/mexico\/wp-json\/wp\/v2\/categories?post=4181"},{"taxonomy":"post_tag","embeddable":true,"href":"https:\/\/www.greenpeace.org\/mexico\/wp-json\/wp\/v2\/tags?post=4181"},{"taxonomy":"p4-page-type","embeddable":true,"href":"https:\/\/www.greenpeace.org\/mexico\/wp-json\/wp\/v2\/p4-page-type?post=4181"}],"curies":[{"name":"wp","href":"https:\/\/api.w.org\/{rel}","templated":true}]}}