{"id":4191,"date":"2020-03-05T12:20:23","date_gmt":"2020-03-05T17:20:23","guid":{"rendered":"https:\/\/www.greenpeace.org\/mexico\/?p=4191"},"modified":"2025-07-28T01:50:06","modified_gmt":"2025-07-28T06:50:06","slug":"greenpeace-se-suma-a-la-demanda-de-justicia-paz-y-equidad-para-cada-mujer","status":"publish","type":"post","link":"https:\/\/www.greenpeace.org\/mexico\/informacion-prensa\/4191\/greenpeace-se-suma-a-la-demanda-de-justicia-paz-y-equidad-para-cada-mujer\/","title":{"rendered":"Greenpeace se suma a la demanda de justicia, paz y equidad para cada mujer"},"content":{"rendered":"\n<p class=\"has-text-align-center has-white-color has-grey-600-background-color has-text-color has-background has-link-color wp-elements-3144017cb27061b882e6393f48115021\"><strong>Paremos, para que la violencia pare<\/strong><\/p>\n\n<p>La<strong> marcha y paro nacional,<\/strong> convocado para este<strong> 8 y 9 de marzo<\/strong> por diversos colectivos en el marco del<strong> D\u00eda internacional de la mujer<\/strong>, es una expresi\u00f3n leg\u00edtima ante la ola de violencia y feminicidios que existe en el pa\u00eds y ante la falta de actuaci\u00f3n de las autoridades para reconocer y atender esta crisis, expresi\u00f3n que <strong>Greenpeace <\/strong>respalda.\u00a0<\/p>\n\n<p>Nuestra organizaci\u00f3n se suma a la demanda de <strong>justicia, paz y equidad<\/strong> para cada mujer y reitera su absoluto respeto a la decisi\u00f3n personal de cada integrante de sumarse o no a esta manifestaci\u00f3n.\u00a0<\/p>\n\n<p>Lamentamos que M\u00e9xico se haya convertido en territorio no seguro para ser <strong>mujer<\/strong>, donde esta condici\u00f3n de g\u00e9nero m\u00e1s el ser defensora ambiental, se ha convertido en un doble riesgo.\u00a0<\/p>\n\n<figure class=\"wp-block-image size-large  caption-style-blue-overlay caption-alignment-center\"><img loading=\"lazy\" decoding=\"async\" width=\"960\" height=\"600\" src=\"https:\/\/www.greenpeace.org\/static\/planet4-mexico-stateless\/2018\/11\/6f4b5e43-6f4b5e43-purplepeace_logo_nota.png\" title=\"Logo de Greenpeace adaptado en conmemoraci\u00f3n por el D\u00eda Internacional de la Mujer, se lee &quot;Purplepeace&quot;.\" alt=\"\u00a1Este nueve ninguna se mueve! \" class=\"wp-image-877\" srcset=\"https:\/\/www.greenpeace.org\/static\/planet4-mexico-stateless\/2018\/11\/6f4b5e43-6f4b5e43-purplepeace_logo_nota.png 960w, https:\/\/www.greenpeace.org\/static\/planet4-mexico-stateless\/2018\/11\/6f4b5e43-6f4b5e43-purplepeace_logo_nota-300x188.png 300w, https:\/\/www.greenpeace.org\/static\/planet4-mexico-stateless\/2018\/11\/6f4b5e43-6f4b5e43-purplepeace_logo_nota-768x480.png 768w, https:\/\/www.greenpeace.org\/static\/planet4-mexico-stateless\/2018\/11\/6f4b5e43-6f4b5e43-purplepeace_logo_nota-510x319.png 510w\" sizes=\"auto, (max-width: 960px) 100vw, 960px\" \/><figcaption class=\"wp-element-caption\">\u00a1Este nueve ninguna se mueve!&nbsp;<\/figcaption><\/figure>\n\n<p>En 2019, Nora L\u00f3pez, <strong>activista ambiental<\/strong> que trabajaba por el proyecto de conservaci\u00f3n y reproducci\u00f3n de la guacamaya roja en Palenque, Chiapas, fue asesinada convirti\u00e9ndose en un ejemplo m\u00e1s de esta condici\u00f3n de alto riesgo. Los asesinatos son la m\u00e1s grave expresi\u00f3n de la violencia que est\u00e1n sufriendo las <strong>ambientalistas <\/strong>y <strong>defensoras <\/strong>pero no la \u00fanica: criminalizaci\u00f3n de la protesta, desplazamientos, amenazas personales y a sus familias, hostigamiento, desacreditaci\u00f3n, son otras de las agresiones. No podemos permitir que esta <strong>violencia <\/strong>se siga ejerciendo en un M\u00e9xico que se dice ser un pa\u00eds de derechos.\u00a0<\/p>\n\n<p>La marcha y el paro de labores son necesarias para visibilizar un tema que pretende ser ignorado o minimizado por nuestras autoridades, una problem\u00e1tica incubada por d\u00e9cadas en nuestra sociedad del desprecio por la vida, la labor y los <strong>derechos de las mujeres.<\/strong>\u00a0<\/p>\n\n<figure class=\"wp-block-image size-large\"><img loading=\"lazy\" decoding=\"async\" width=\"1024\" height=\"683\" src=\"https:\/\/www.greenpeace.org\/static\/planet4-mexico-stateless\/2025\/07\/11b8baf9-purplepeace-greenpeace-1024x683.jpg\" title=\"Mujeres del staff de Greenpeace M\u00e9xico en la Marcha del D\u00eda Internacional de la Mujer, sostiene una manta con el nombre &quot;Purplepeace&quot;.\" alt=\"Mujeres del staff de Greenpeace M\u00e9xico en la Marcha del D\u00eda Internacional de la Mujer, sostiene una manta con el nombre &quot;Purplepeace&quot;.\" class=\"wp-image-59577\" srcset=\"https:\/\/www.greenpeace.org\/static\/planet4-mexico-stateless\/2025\/07\/11b8baf9-purplepeace-greenpeace-1024x683.jpg 1024w, https:\/\/www.greenpeace.org\/static\/planet4-mexico-stateless\/2025\/07\/11b8baf9-purplepeace-greenpeace-300x200.jpg 300w, https:\/\/www.greenpeace.org\/static\/planet4-mexico-stateless\/2025\/07\/11b8baf9-purplepeace-greenpeace-768x512.jpg 768w, https:\/\/www.greenpeace.org\/static\/planet4-mexico-stateless\/2025\/07\/11b8baf9-purplepeace-greenpeace-510x340.jpg 510w, https:\/\/www.greenpeace.org\/static\/planet4-mexico-stateless\/2025\/07\/11b8baf9-purplepeace-greenpeace.jpg 1200w\" sizes=\"auto, (max-width: 1024px) 100vw, 1024px\" \/><figcaption class=\"wp-element-caption\">In Mexico, 9 out of 10 women have been victims of sexual harassment in public transport. Greenpeace Mexico joins the International Women&#8217;s Day march to demand safe public transport infrastructures.\n En M\u00e9xico 9 de cada 10 mujeres ha sido v\u00edctima de acoso sexual en el transporte p\u00fablico, por ello, en marco al d\u00eda Internacional de la mujer Greenpeace M\u00e9xico se suma a la marcha para exigir transporte seguro.<\/figcaption><figcaption><div class=\"credit icon-left\"> \u00a9 Ilse Huesca \/ Greenpeace<\/div><\/figcaption><\/figure>\n\n<p>Cada asesinato es el resultado de una historia de injusticia, de inequidad, de cosificaci\u00f3n del g\u00e9nero, de falta de valores y respeto por la otra y por sus luchas pero tambi\u00e9n de la negligencia y la pasividad de las autoridades que le brindan una total impunidad a los agresores.&nbsp;<\/p>\n\n<p>Hoy que los ojos del mundo est\u00e1n sobre esta sociedad que asesina alrededor de 10 mujeres diariamente. No podemos cegarnos ante nuestra propia realidad. Es hora de exigir una transformaci\u00f3n desde el origen de esta carencia de humanismo. Marchemos todas y todos en la exigencia de<strong> un mundo sin violencia contra las mujeres.\u00a0<\/strong><\/p>\n\n<p>\u00a1Este nueve ninguna se mueve!&nbsp;<\/p>\n\n<p><strong>Greenpeace M\u00e9xico<\/strong><\/p>\n","protected":false},"excerpt":{"rendered":"<p>Nos sumamos al paro y a la exigencia de justicia y equidad para todas las mujeres frente a la violencia y la impunidad en M\u00e9xico.<\/p>\n","protected":false},"author":21,"featured_media":59577,"comment_status":"open","ping_status":"open","sticky":false,"template":"","format":"standard","meta":{"ep_exclude_from_search":false,"p4_og_title":"Greenpeace se suma a la demanda de justicia, paz y equidad para cada mujer","p4_og_description":"Nos sumamos al paro y a la exigencia de justicia y equidad para todas las mujeres frente a la violencia y la impunidad en M\u00e9xico.","p4_og_image":"https:\/\/www.greenpeace.org\/static\/planet4-mexico-stateless\/2025\/07\/11b8baf9-purplepeace-greenpeace.jpg","p4_og_image_id":"59577","p4_seo_canonical_url":"","p4_campaign_name":"not set","p4_local_project":"","p4_basket_name":"not set","p4_department":"","footnotes":""},"categories":[43],"tags":[21],"p4-page-type":[16],"class_list":["post-4191","post","type-post","status-publish","format-standard","has-post-thumbnail","hentry","category-sobre-greenpeace","tag-activismo","p4-page-type-informacion-prensa"],"_links":{"self":[{"href":"https:\/\/www.greenpeace.org\/mexico\/wp-json\/wp\/v2\/posts\/4191","targetHints":{"allow":["GET"]}}],"collection":[{"href":"https:\/\/www.greenpeace.org\/mexico\/wp-json\/wp\/v2\/posts"}],"about":[{"href":"https:\/\/www.greenpeace.org\/mexico\/wp-json\/wp\/v2\/types\/post"}],"author":[{"embeddable":true,"href":"https:\/\/www.greenpeace.org\/mexico\/wp-json\/wp\/v2\/users\/21"}],"replies":[{"embeddable":true,"href":"https:\/\/www.greenpeace.org\/mexico\/wp-json\/wp\/v2\/comments?post=4191"}],"version-history":[{"count":5,"href":"https:\/\/www.greenpeace.org\/mexico\/wp-json\/wp\/v2\/posts\/4191\/revisions"}],"predecessor-version":[{"id":59580,"href":"https:\/\/www.greenpeace.org\/mexico\/wp-json\/wp\/v2\/posts\/4191\/revisions\/59580"}],"wp:featuredmedia":[{"embeddable":true,"href":"https:\/\/www.greenpeace.org\/mexico\/wp-json\/wp\/v2\/media\/59577"}],"wp:attachment":[{"href":"https:\/\/www.greenpeace.org\/mexico\/wp-json\/wp\/v2\/media?parent=4191"}],"wp:term":[{"taxonomy":"category","embeddable":true,"href":"https:\/\/www.greenpeace.org\/mexico\/wp-json\/wp\/v2\/categories?post=4191"},{"taxonomy":"post_tag","embeddable":true,"href":"https:\/\/www.greenpeace.org\/mexico\/wp-json\/wp\/v2\/tags?post=4191"},{"taxonomy":"p4-page-type","embeddable":true,"href":"https:\/\/www.greenpeace.org\/mexico\/wp-json\/wp\/v2\/p4-page-type?post=4191"}],"curies":[{"name":"wp","href":"https:\/\/api.w.org\/{rel}","templated":true}]}}