{"id":4225,"date":"2020-03-11T18:20:22","date_gmt":"2020-03-11T23:20:22","guid":{"rendered":"https:\/\/www.greenpeace.org\/mexico\/?p=4225"},"modified":"2025-07-28T01:04:35","modified_gmt":"2025-07-28T06:04:35","slug":"la-caida-del-petroleo-una-leccion-para-la-politica-energetica-de-amlo","status":"publish","type":"post","link":"https:\/\/www.greenpeace.org\/mexico\/blog\/4225\/la-caida-del-petroleo-una-leccion-para-la-politica-energetica-de-amlo\/","title":{"rendered":"La ca\u00edda del petr\u00f3leo, una lecci\u00f3n para la pol\u00edtica energ\u00e9tica de AMLO"},"content":{"rendered":"\n<p>El brote de coronavirus que redujo la demanda de <strong>petr\u00f3leo <\/strong>y la subsecuente guerra de precios entre los pa\u00edses miembro de la Organizaci\u00f3n de Pa\u00edses Exportadores de Petr\u00f3leo y sus aliados (OPEP+) ha dejado al descubierto la vulnerabilidad del <strong>mercado petrolero<\/strong> ante las cat\u00e1strofes, incluso la provocada por entes microsc\u00f3picos.<\/p>\n\n<p>El precio del petr\u00f3leo ha bajado a su nivel m\u00ednimo desde la <strong>Guerra del Golfo<\/strong> a comienzos de la d\u00e9cada de 1990, evidenciando la fragilidad de las econom\u00edas que dependen de la <strong>exportaci\u00f3n petrolera<\/strong> como la de M\u00e9xico, sector que representa casi una quinta parte de los ingresos nacionales y que, de continuar una baja sostenida en el precio del crudo, impactar\u00eda en una disminuci\u00f3n del 0.5% de crecimiento del PIB, a la ya alica\u00edda econom\u00eda mexicana, de acuerdo con la aseguradora Euler Hermes.\u00a0<\/p>\n\n<figure class=\"wp-block-image  caption-style-blue-overlay caption-alignment-center\"><img decoding=\"async\" src=\"https:\/\/lh4.googleusercontent.com\/fisr8vePrV7n1U66lZUVjNor-s7itKg-p4vHffbOyYka8u0ipRT9aY5zDnVO0hlvOQCPHBdju_S6w9m6FlOIhdwT1jMtduoW9rXDJ1TErc7P5REVZ33M74nS-yv4sgcNh6TgNnBA\" alt=\"Impacto del crecimiento del GDP despu\u00e9s de 1 a\u00f1o de permanente disminuci\u00f3n en el precio del barril de petr\u00f3leo\"\/><figcaption class=\"wp-element-caption\">Impacto del crecimiento del PIB despu\u00e9s de 1 a\u00f1o de permanente disminuci\u00f3n en el precio del barril de petr\u00f3leo<\/figcaption><\/figure>\n\n<p>La disminuci\u00f3n de las <strong>reservas petroleras<\/strong> en nuestro pa\u00eds ocasion\u00f3 que dej\u00e1ramos de ser un actor relevante y competitivo en el mercado global sin influencia sobre los precios internacionales y resulta alarmante que el discurso gubernamental ponga al petr\u00f3leo como palanca de desarrollo, cuando se trata de una materia prima vol\u00e1til como ha quedado demostrado una vez m\u00e1s.\u00a0\u00a0<\/p>\n\n<p>El coronavirus ha sido una crisis abrupta pero\u00a0 existen otros factores a la vista que pueden tener efectos similares e incluso superiores a los actuales; ya los analistas han denominado como el \u201cCisne Verde\u201d a los <strong>eventos clim\u00e1ticos<\/strong> que tienen un fuerte impacto negativo o catastr\u00f3fico en la econom\u00eda global. As\u00ed, el incremento de las enfermedades relacionadas con el <strong>cambio clim\u00e1tico<\/strong> como el dengue y la malaria que van en aumento de manera notable en nuestro continente, desastres naturales cada vez m\u00e1s frecuentes y de mayor magnitud, escasez de recursos h\u00eddricos y p\u00e9rdidas de cosecha representan un riesgo con las mismas consecuencias en el mercado petrolero que el coronavirus, pero de manera permanente.\u00a0<\/p>\n\n<p>La lecci\u00f3n que nos deja la ca\u00edda en los<strong> precios del petr\u00f3leo <\/strong>es que cuando hablamos de <strong>soberan\u00eda energ\u00e9tica<\/strong> en nuestro pa\u00eds, \u00e9sta tendr\u00e1 que ser renovable o no ser\u00e1. Satisfacer la demanda energ\u00e9tica tendr\u00e1 que ser a partir de recursos renovables, con costos competitivos.\u00a0<\/p>\n\n<figure class=\"wp-block-image size-full  caption-style-blue-overlay caption-alignment-center\"><img loading=\"lazy\" decoding=\"async\" width=\"800\" height=\"577\" src=\"https:\/\/www.greenpeace.org\/static\/planet4-mexico-stateless\/2025\/07\/9b28f183-energia-amlo.jpg\" title=\"Retrato de Andr\u00e9s Manuel L\u00f3pez Obrador.\" alt=\"Retrato de Andr\u00e9s Manuel L\u00f3pez Obrador.\" class=\"wp-image-59565\" srcset=\"https:\/\/www.greenpeace.org\/static\/planet4-mexico-stateless\/2025\/07\/9b28f183-energia-amlo.jpg 800w, https:\/\/www.greenpeace.org\/static\/planet4-mexico-stateless\/2025\/07\/9b28f183-energia-amlo-300x216.jpg 300w, https:\/\/www.greenpeace.org\/static\/planet4-mexico-stateless\/2025\/07\/9b28f183-energia-amlo-768x554.jpg 768w, https:\/\/www.greenpeace.org\/static\/planet4-mexico-stateless\/2025\/07\/9b28f183-energia-amlo-471x340.jpg 471w\" sizes=\"auto, (max-width: 800px) 100vw, 800px\" \/><figcaption class=\"wp-element-caption\">AMLO y su pol\u00edtica energ\u00e9tica en M\u00e9xico<\/figcaption><\/figure>\n\n<p>Dicho esto, vale la pena reflexionar sobre las decisiones inmediatas que tienen que ser tomadas en este contexto: la reformulaci\u00f3n de los compromisos nacionalmente determinados que tendr\u00e1n que estar listos durante este a\u00f1o y el programa especial de transici\u00f3n energ\u00e9tica 2019 &#8211; 2024, previsto para\u00a0 finales de marzo y que definir\u00e1n en gran medida la<strong> pol\u00edtica energ\u00e9tica, econ\u00f3mica y clim\u00e1tica<\/strong> de nuestro pa\u00eds durante este sexenio.\u00a0<\/p>\n\n<p>Las decisiones que se tomen durante esta administraci\u00f3n encaminar\u00e1n la suficiencia o insuficiencia de la <strong>acci\u00f3n clim\u00e1tica<\/strong> nacional durante la d\u00e9cada m\u00e1s crucial 2020-2030, por lo que esperamos que la ambici\u00f3n en la<strong> reducci\u00f3n de emisiones y el tr\u00e1nsito<\/strong> hacia energ\u00edas renovables que han mostrado ser altamente competitivas quede plasmado en ambos documentos.\u00a0<\/p>\n\n<p>Es hora de transitar hacia un <strong>modelo energ\u00e9tico sustentable y limpio<\/strong>, que sea equitativo y justo y que verdaderamente pueda fungir como la palanca del desarrollo que este pa\u00eds necesita.<\/p>\n\n<p>\u00bfQuieres hacer m\u00e1s? Reg\u00edstrate y act\u00faa contra la emergencia clim\u00e1tica en M\u00e9xico.<\/p>\n\n<!--[if lte IE 8]>\n<script charset=\"utf-8\" type=\"text\/javascript\" src=\"\/\/js.hsforms.net\/forms\/v2-legacy.js\"><\/script>\n<![endif]-->\n<script charset=\"utf-8\" type=\"text\/javascript\" src=\"\/\/js.hsforms.net\/forms\/v2.js\"><\/script>\n<script>\n  hbspt.forms.create({\n\tportalId: \"2617486\",\n\tformId: \"97710203-6b8b-4c30-abc2-af8cbcaa7bab\",\n\tsfdcCampaignId: \"7011P0000016xVMQAY\"\n});\n<\/script>\n\t\t\t<section\n\t\t\tclass=\"boxout post-3819 \"\n\t\t\t\n\t\t>\n\t\t\t<a\n\t\t\t\tdata-ga-category=\"Take Action Boxout\"\n\t\t\t\tdata-ga-action=\"Image\"\n\t\t\t\tdata-ga-label=\"n\/a\"\n\t\t\t\tclass=\"cover-card-overlay\"\n\t\t\t\thref=\"https:\/\/www.greenpeace.org\/mexico\/participa\/cambio-climatico\/\" \n\t\t\t><\/a>\n\t\t\t\t\t\t\t<img\n\t\t\t\t\t\tsrc=\"https:\/\/www.greenpeace.org\/static\/planet4-mexico-stateless\/2020\/01\/2bc0960c-incendios-en-australia-greenpeace-canguros.jpg\"\n\t\t\t\t\t\tsrcset=\"https:\/\/www.greenpeace.org\/static\/planet4-mexico-stateless\/2020\/01\/2bc0960c-incendios-en-australia-greenpeace-canguros-300x200.jpg 300w, https:\/\/www.greenpeace.org\/static\/planet4-mexico-stateless\/2020\/01\/2bc0960c-incendios-en-australia-greenpeace-canguros-768x512.jpg 768w, https:\/\/www.greenpeace.org\/static\/planet4-mexico-stateless\/2020\/01\/2bc0960c-incendios-en-australia-greenpeace-canguros-510x340.jpg 510w, https:\/\/www.greenpeace.org\/static\/planet4-mexico-stateless\/2020\/01\/2bc0960c-incendios-en-australia-greenpeace-canguros.jpg 800w\"\n\t\t\t\t\t\tsizes=\"(min-width: 1000px) 358px, (min-width: 780px) 313px, 88px\"\n\t\t\t\t\t\talt=\"\" title=\"\"\n\t\t\t\t\/>\n            \t\t\t<div class=\"boxout-content\">\n\t\t\t\t\t\t\t\t\t<a\n\t\t\t\t\t\tclass=\"boxout-heading medium\"\n\t\t\t\t\t\tdata-ga-category=\"Take Action Boxout\"\n\t\t\t\t\t\tdata-ga-action=\"Title\"\n\t\t\t\t\t\tdata-ga-label=\"n\/a\"\n\t\t\t\t\t\thref=\"https:\/\/www.greenpeace.org\/mexico\/participa\/cambio-climatico\/\"\n\t\t\t\t\t\t\n\t\t\t\t\t>\n\t\t\t\t\t\tEmergencia clim\u00e1tica\n\t\t\t\t\t<\/a>\n\t\t\t\t\t\t\t\t\t\t\t\t\t<p class=\"boxout-excerpt\">Necesitamos acci\u00f3n clim\u00e1tica urgente y contundente, tenemos que dejar el petr\u00f3leo bajo tierra y transitar hacia una econom\u00eda limpia, sustentable y equitativa. El gobierno tiene que respetar los acuerdos que el pa\u00eds ha adoptado tanto nacional como internacionalmente y que est\u00e1n plasmados en las leyes mexicanas. <\/p>\n\t\t\t\t                                    <a\n                        class=\"btn btn-primary\"\n                        data-ga-category=\"Take Action Boxout\"\n                        data-ga-action=\"Call to Action\"\n                        data-ga-label=\"n\/a\"\n                        href=\"https:\/\/www.greenpeace.org\/mexico\/participa\/cambio-climatico\/\"\n                        \n                    >\n                        Participa\n                    <\/a>\n                \t\t\t<\/div>\n\t\t\t\t\t<\/section>\n\t\n<p><\/p>\n","protected":false},"excerpt":{"rendered":"<p>La ca\u00edda del petr\u00f3leo muestra la fragilidad de depender de energ\u00edas f\u00f3siles. M\u00e9xico necesita transitar hacia una pol\u00edtica energ\u00e9tica renovable y justa.<\/p>\n","protected":false},"author":21,"featured_media":59565,"comment_status":"open","ping_status":"open","sticky":false,"template":"","format":"standard","meta":{"ep_exclude_from_search":false,"p4_og_title":"La ca\u00edda del petr\u00f3leo, una lecci\u00f3n para la pol\u00edtica energ\u00e9tica de AMLO","p4_og_description":"La ca\u00edda del petr\u00f3leo muestra la fragilidad de depender de energ\u00edas f\u00f3siles. M\u00e9xico necesita transitar hacia una pol\u00edtica energ\u00e9tica renovable y justa.","p4_og_image":"https:\/\/www.greenpeace.org\/static\/planet4-mexico-stateless\/2025\/07\/9b28f183-energia-amlo.jpg","p4_og_image_id":"59565","p4_seo_canonical_url":"","p4_campaign_name":"not set","p4_local_project":"","p4_basket_name":"not set","p4_department":"","footnotes":""},"categories":[39],"tags":[47,51],"p4-page-type":[14],"class_list":["post-4225","post","type-post","status-publish","format-standard","has-post-thumbnail","hentry","category-clima-y-energia","tag-cambio-climatico","tag-combustibles-fosiles","p4-page-type-blog"],"_links":{"self":[{"href":"https:\/\/www.greenpeace.org\/mexico\/wp-json\/wp\/v2\/posts\/4225","targetHints":{"allow":["GET"]}}],"collection":[{"href":"https:\/\/www.greenpeace.org\/mexico\/wp-json\/wp\/v2\/posts"}],"about":[{"href":"https:\/\/www.greenpeace.org\/mexico\/wp-json\/wp\/v2\/types\/post"}],"author":[{"embeddable":true,"href":"https:\/\/www.greenpeace.org\/mexico\/wp-json\/wp\/v2\/users\/21"}],"replies":[{"embeddable":true,"href":"https:\/\/www.greenpeace.org\/mexico\/wp-json\/wp\/v2\/comments?post=4225"}],"version-history":[{"count":5,"href":"https:\/\/www.greenpeace.org\/mexico\/wp-json\/wp\/v2\/posts\/4225\/revisions"}],"predecessor-version":[{"id":59566,"href":"https:\/\/www.greenpeace.org\/mexico\/wp-json\/wp\/v2\/posts\/4225\/revisions\/59566"}],"wp:featuredmedia":[{"embeddable":true,"href":"https:\/\/www.greenpeace.org\/mexico\/wp-json\/wp\/v2\/media\/59565"}],"wp:attachment":[{"href":"https:\/\/www.greenpeace.org\/mexico\/wp-json\/wp\/v2\/media?parent=4225"}],"wp:term":[{"taxonomy":"category","embeddable":true,"href":"https:\/\/www.greenpeace.org\/mexico\/wp-json\/wp\/v2\/categories?post=4225"},{"taxonomy":"post_tag","embeddable":true,"href":"https:\/\/www.greenpeace.org\/mexico\/wp-json\/wp\/v2\/tags?post=4225"},{"taxonomy":"p4-page-type","embeddable":true,"href":"https:\/\/www.greenpeace.org\/mexico\/wp-json\/wp\/v2\/p4-page-type?post=4225"}],"curies":[{"name":"wp","href":"https:\/\/api.w.org\/{rel}","templated":true}]}}