{"id":4241,"date":"2020-03-18T17:54:43","date_gmt":"2020-03-18T22:54:43","guid":{"rendered":"https:\/\/www.greenpeace.org\/mexico\/?p=4241"},"modified":"2025-07-27T23:33:31","modified_gmt":"2025-07-28T04:33:31","slug":"cerramos-temporalmente-pero-no-nos-detenemos-cuidemonos-todas-y-todos-del-coronavirus","status":"publish","type":"post","link":"https:\/\/www.greenpeace.org\/mexico\/informacion-prensa\/4241\/cerramos-temporalmente-pero-no-nos-detenemos-cuidemonos-todas-y-todos-del-coronavirus\/","title":{"rendered":"Cerramos temporalmente, pero no nos detenemos. \u00a1Cuid\u00e9monos todas y todos del Coronavirus!"},"content":{"rendered":"\n<p>Estamos viviendo un momento dif\u00edcil con el avance del nuevo virus <strong>Covid19 <\/strong>o <strong>coronavirus <\/strong>en M\u00e9xico y el mundo.\u00a0<\/p>\n\n<p>T\u00fa, tu familia, yo, nosotros, todos estamos viviendo d\u00edas in\u00e9ditos, con preocupaci\u00f3n e incertidumbre. Mientras lees esto, ya habr\u00e1s recibido o visto mucha informaci\u00f3n sobre el coronavirus, su impacto en la cotidianidad, en la econom\u00eda del pa\u00eds y la familiar.<\/p>\n\n<p>Quiz\u00e1 ahora mismo, tus actividades se han visto afectadas de una u otra forma. Sabemos que el impacto de todos estos cambios ser\u00e1 emocional, social y econ\u00f3mico para todos y todas en M\u00e9xico.<\/p>\n\n<p>En <strong>Greenpeace <\/strong>estamos conscientes de la importancia de la <strong>salud <\/strong>y seguridad de quienes con su talento y apoyo impulsan nuestra misi\u00f3n. Por eso,\u00a0a partir de hoy decidimos cerrar nuestras oficinas en la<strong> Ciudad de M\u00e9xico, Guadalajara, Puebla y Quer\u00e9taro<\/strong> y suspender actividades p\u00fablicas.\u00a0Daremos seguimiento a todas nuestras campa\u00f1as por el planeta, a la difusi\u00f3n de activismo e investigaci\u00f3n medioambiental y las operaciones vitales de nuestra oficina en forma remota.\u00a0<\/p>\n\n<figure class=\"wp-block-image size-full  caption-style-blue-overlay caption-alignment-center\"><img loading=\"lazy\" decoding=\"async\" width=\"1024\" height=\"858\" src=\"https:\/\/www.greenpeace.org\/static\/planet4-mexico-stateless\/2025\/07\/ba47704e-greenpeace-cuidemonos.jpeg\" title=\"Edit de uno de los barcos de Greenpeace y el mensaje &quot;Cuid\u00e9monos todas y todos&quot;.\" alt=\"Edit de uno de los barcos de Greenpeace y el mensaje &quot;Cuid\u00e9monos todas y todos&quot;.\" class=\"wp-image-59557\" srcset=\"https:\/\/www.greenpeace.org\/static\/planet4-mexico-stateless\/2025\/07\/ba47704e-greenpeace-cuidemonos.jpeg 1024w, https:\/\/www.greenpeace.org\/static\/planet4-mexico-stateless\/2025\/07\/ba47704e-greenpeace-cuidemonos-300x251.jpeg 300w, https:\/\/www.greenpeace.org\/static\/planet4-mexico-stateless\/2025\/07\/ba47704e-greenpeace-cuidemonos-768x644.jpeg 768w, https:\/\/www.greenpeace.org\/static\/planet4-mexico-stateless\/2025\/07\/ba47704e-greenpeace-cuidemonos-406x340.jpeg 406w\" sizes=\"auto, (max-width: 1024px) 100vw, 1024px\" \/><figcaption class=\"wp-element-caption\">Cuid\u00e9monos todas y todos del coronavirus<div class=\"credit icon-left\"> \u00a9 Greenpeace.<\/div><\/figcaption><\/figure>\n\n<p>Sin embargo, nuestro planeta no se detiene y tampoco quienes lo contaminan.&nbsp;<strong>Desde Greenpeace, nos mantendremos activos para continuar la defensa de la Tierra desde donde nos encontremos.<\/strong>&nbsp;Es ahora cuando debemos poner m\u00e1s atenci\u00f3n a las industrias sucias que est\u00e1n destruyendo el equilibrio natural de los ecosistemas y agravando los efectos de la p\u00e9rdida de la biodiversidad y el cambio clim\u00e1tico.<\/p>\n\n<p>Sabemos que el impacto del <strong>COVID-19<\/strong> en <strong>M\u00e9xico <\/strong>ser\u00e1 significativo, a pesar de los cambios en nuestra forma de trabajar, no vamos a detenernos<strong>.<\/strong>\u00a0Nuestros equipos est\u00e1n preparados para mantener la comunicaci\u00f3n con todos quienes apoyan nuestro trabajo y persiguen el mismo objetivo que nosotros, personas que, a pesar de la situaci\u00f3n, no van a bajar los brazos por el planeta.<\/p>\n\n<p>Manteng\u00e1monos unidos, es momento de cuidarnos entre todas y todos y seguir las recomendaciones de las <strong>autoridades sanitarias<\/strong>, no difundir el p\u00e1nico y compartir informaci\u00f3n de fuentes verificadas que nos ayuden a estar verdaderamente informados. Aceptemos la responsabilidad y combatamos el virus juntos.<\/p>\n\n<p>\u00bfQuieres saber m\u00e1s de nuestras campa\u00f1as? Suscr\u00edbete.<\/p>\n\n<!--[if lte IE 8]>\n<script charset=\"utf-8\" type=\"text\/javascript\" src=\"\/\/js.hsforms.net\/forms\/v2-legacy.js\"><\/script>\n<![endif]-->\n<script charset=\"utf-8\" type=\"text\/javascript\" src=\"\/\/js.hsforms.net\/forms\/v2.js\"><\/script>\n<script>\n  hbspt.forms.create({\n\tportalId: \"2617486\",\n\tformId: \"9fe789f2-a1ab-4f1b-b53e-eb2c140db5c4\",\n\tsfdcCampaignId: \"7011P0000016vtzQAA\"\n});\n<\/script>\n","protected":false},"excerpt":{"rendered":"<p>Estamos viviendo un momento dif\u00edcil con el avance del nuevo virus Covid19 o coronavirus en M\u00e9xico y el mundo.\u00a0 Por eso hemos decidido cerrar nuestras oficinas temporalmente y te decimos por qu\u00e9.<\/p>\n","protected":false},"author":21,"featured_media":4242,"comment_status":"open","ping_status":"open","sticky":false,"template":"","format":"standard","meta":{"ep_exclude_from_search":false,"p4_og_title":"Cerramos temporalmente, pero no nos detenemos. \u00a1Cuid\u00e9monos todas y todos del Coronavirus!","p4_og_description":"Estamos viviendo un momento dif\u00edcil con el avance del nuevo virus Covid19 o coronavirus en M\u00e9xico y el mundo.\u00a0 Por eso hemos decidido cerrar nuestras oficinas temporalmente y te decimos por qu\u00e9.","p4_og_image":"https:\/\/www.greenpeace.org\/static\/planet4-mexico-stateless\/2020\/03\/29ad6710-whatsapp-image-2020-03-18-at-4.53.04-pm.jpeg","p4_og_image_id":"4242","p4_seo_canonical_url":"","p4_campaign_name":"not set","p4_local_project":"","p4_basket_name":"not set","p4_department":"","footnotes":""},"categories":[43],"tags":[48,21],"p4-page-type":[16],"class_list":["post-4241","post","type-post","status-publish","format-standard","has-post-thumbnail","hentry","category-sobre-greenpeace","tag-salud","tag-activismo","p4-page-type-informacion-prensa"],"_links":{"self":[{"href":"https:\/\/www.greenpeace.org\/mexico\/wp-json\/wp\/v2\/posts\/4241","targetHints":{"allow":["GET"]}}],"collection":[{"href":"https:\/\/www.greenpeace.org\/mexico\/wp-json\/wp\/v2\/posts"}],"about":[{"href":"https:\/\/www.greenpeace.org\/mexico\/wp-json\/wp\/v2\/types\/post"}],"author":[{"embeddable":true,"href":"https:\/\/www.greenpeace.org\/mexico\/wp-json\/wp\/v2\/users\/21"}],"replies":[{"embeddable":true,"href":"https:\/\/www.greenpeace.org\/mexico\/wp-json\/wp\/v2\/comments?post=4241"}],"version-history":[{"count":3,"href":"https:\/\/www.greenpeace.org\/mexico\/wp-json\/wp\/v2\/posts\/4241\/revisions"}],"predecessor-version":[{"id":59558,"href":"https:\/\/www.greenpeace.org\/mexico\/wp-json\/wp\/v2\/posts\/4241\/revisions\/59558"}],"wp:featuredmedia":[{"embeddable":true,"href":"https:\/\/www.greenpeace.org\/mexico\/wp-json\/wp\/v2\/media\/4242"}],"wp:attachment":[{"href":"https:\/\/www.greenpeace.org\/mexico\/wp-json\/wp\/v2\/media?parent=4241"}],"wp:term":[{"taxonomy":"category","embeddable":true,"href":"https:\/\/www.greenpeace.org\/mexico\/wp-json\/wp\/v2\/categories?post=4241"},{"taxonomy":"post_tag","embeddable":true,"href":"https:\/\/www.greenpeace.org\/mexico\/wp-json\/wp\/v2\/tags?post=4241"},{"taxonomy":"p4-page-type","embeddable":true,"href":"https:\/\/www.greenpeace.org\/mexico\/wp-json\/wp\/v2\/p4-page-type?post=4241"}],"curies":[{"name":"wp","href":"https:\/\/api.w.org\/{rel}","templated":true}]}}