{"id":4245,"date":"2020-03-18T21:23:51","date_gmt":"2020-03-19T02:23:51","guid":{"rendered":"https:\/\/www.greenpeace.org\/mexico\/?p=4245"},"modified":"2025-07-27T23:25:13","modified_gmt":"2025-07-28T04:25:13","slug":"mexico-ya-no-es-potencia-petrolera-la-soberania-energetica-solo-posible-a-traves-de-las-renovables","status":"publish","type":"post","link":"https:\/\/www.greenpeace.org\/mexico\/informacion-prensa\/4245\/mexico-ya-no-es-potencia-petrolera-la-soberania-energetica-solo-posible-a-traves-de-las-renovables\/","title":{"rendered":"M\u00e9xico ya no es potencia petrolera, la soberan\u00eda energ\u00e9tica solo posible a trav\u00e9s de las renovables"},"content":{"rendered":"\n<p>M\u00e9xico ya no cuenta con reservas suficientes, accesibles y de calidad que permitan sostener un <strong>modelo energ\u00e9tico basado en el petr\u00f3leo<\/strong>, por el contrario,\u00a0 nuestro pa\u00eds es altamente vulnerable a los cambios en los precios globales de <strong>hidrocarburos<\/strong>, cuya volatilidad ha quedado demostrada ante escenarios como el de una posible recesi\u00f3n econ\u00f3mica por el Coronavirus.\u00a0<\/p>\n\n<p>El brote de COVID-19\u00a0 ha tenido repercusiones importantes en el <strong>sistema econ\u00f3mico mundial.<\/strong> La desaceleraci\u00f3n de la econom\u00eda de China, Corea del Sur y de pa\u00edses europeos como Italia, hicieron que la demanda de petr\u00f3leo cayera de forma importante, generando un excedente en los inventarios de crudo y por consiguiente una ca\u00edda en los precios internacionales. Esto ocasion\u00f3 conflictos entre la <strong>Organizaci\u00f3n de Pa\u00edses Exportadores de Petr\u00f3leo (OPEP)<\/strong> y Rusia, desencadenando una guerra de precios que ha llevado el precio internacional al m\u00ednimo desde la Guerra del Golfo. Lo anterior\u00a0 tendr\u00e1 repercusiones importantes, sobre todo en las econom\u00edas que dependen de la e<strong>xportaci\u00f3n petrolera<\/strong> como la de M\u00e9xico, sector que representa casi una quinta parte de los ingresos nacionales.<\/p>\n\n<p>En este contexto, queda claro que la <strong>soberan\u00eda energ\u00e9tica -y econ\u00f3mica<\/strong>&#8211; dada la estrecha relaci\u00f3n que a\u00fan guarda en la pol\u00edtica gubernamental, no puede seguir dependiendo del <strong>petr\u00f3leo<\/strong>. Alcanzar una verdadera soberan\u00eda energ\u00e9tica es muy importante para el <strong>desarrollo nacional<\/strong> y puede ser un elemento clave para cumplir con el objetivo -reiteradamente expresado por el gobierno de Andr\u00e9s Manuel L\u00f3pez Obrador- de combatir la profunda inequidad que existe en nuestro pa\u00eds.\u00a0<\/p>\n\n<figure class=\"wp-block-image size-large  caption-style-blue-overlay caption-alignment-center\"><img loading=\"lazy\" decoding=\"async\" width=\"1024\" height=\"768\" src=\"https:\/\/www.greenpeace.org\/static\/planet4-mexico-stateless\/2025\/06\/095fdc09-paneles-solares-1024x768.jpg\" title=\"Mujer parada viendo al horizonte sobre paneles solares.\" alt=\"Mujer parada viendo al horizonte sobre paneles solares.\" class=\"wp-image-56419\" srcset=\"https:\/\/www.greenpeace.org\/static\/planet4-mexico-stateless\/2025\/06\/095fdc09-paneles-solares-1024x768.jpg 1024w, https:\/\/www.greenpeace.org\/static\/planet4-mexico-stateless\/2025\/06\/095fdc09-paneles-solares-300x225.jpg 300w, https:\/\/www.greenpeace.org\/static\/planet4-mexico-stateless\/2025\/06\/095fdc09-paneles-solares-768x576.jpg 768w, https:\/\/www.greenpeace.org\/static\/planet4-mexico-stateless\/2025\/06\/095fdc09-paneles-solares-453x340.jpg 453w, https:\/\/www.greenpeace.org\/static\/planet4-mexico-stateless\/2025\/06\/095fdc09-paneles-solares.jpg 1200w\" sizes=\"auto, (max-width: 1024px) 100vw, 1024px\" \/><figcaption class=\"wp-element-caption\">Techo solar en el Hospital Prapokklao de Tailandia<div class=\"credit icon-left\"> \u00a9 Roengchai Kongmuang \/ Greenpeace<\/div><\/figcaption><\/figure>\n\n<p>Poder contar con <strong>energ\u00eda accesible,\u00a0 limpia y suficiente<\/strong> puede mejorar sustancialmente la calidad de vida de la poblaci\u00f3n. Actualmente se calcula que m\u00e1s del 40% de los hogares del pa\u00eds se encuentra en situaci\u00f3n de pobreza energ\u00e9tica, es decir, no cuentan con los recursos energ\u00e9ticos necesarios para satisfacer sus necesidades b\u00e1sicas o bien destinan una parte elevada de sus ingresos a\u00a0 este rubro.<\/p>\n\n<p>La <strong>soberan\u00eda <\/strong>no llegar\u00e1 a trav\u00e9s de los <strong>combustibles f\u00f3siles<\/strong> porque como lo hemos se\u00f1alado se trata de un recurso que ha disminu\u00eddo considerablemente y cuyo acceso se vuelve cada vez m\u00e1s caro y complicado, y que por si fuera poco contribuye a agudizar la crisis medioambiental que pone a nuestro pa\u00eds en un alto riesgo. Esto es particularmente problem\u00e1tico en el sector el\u00e9ctrico, debido a que la matriz funciona en su gran mayor\u00eda con gas natural que es importado de Estados Unidos, espec\u00edficamente de Texas, de yacimientos no convencionales que son explotados a base de fractura hidr\u00e1ulica o<strong> \u201cfracking\u201d <\/strong>con implicaciones ambientales y sociales muy serias.<\/p>\n\n<p>Es tiempo de voltear hacia otro tipo de<strong> recursos renovables<\/strong> que son abundantes en el territorio nacional y que resultan una oportunidad para combatir el cambio clim\u00e1tico y al mismo tiempo combatir la inequidad en el acceso el\u00e9ctrico.<\/p>\n\n<p>M\u00e9xico cuenta con abundantes <strong>recursos solares y e\u00f3licos<\/strong>, suficientes para generar el 100% de la energ\u00eda consumida anualmente en el pa\u00eds, incluso podr\u00eda existir un excedente que podr\u00eda ser exportado.\u00a0<\/p>\n\n<h2 class=\"wp-block-heading\"><strong>Generaci\u00f3n distribuida, la democratizaci\u00f3n de la energ\u00eda y el derecho a decidir.<\/strong><\/h2>\n\n<p>La <strong>transici\u00f3n energ\u00e9tica<\/strong> hacia <strong>energ\u00edas renovables<\/strong> presenta oportunidades muy importantes, no solo para combatir el <strong>cambio clim\u00e1tico<\/strong>, sino para construir una nueva l\u00f3gica en la producci\u00f3n de energ\u00eda. En M\u00e9xico la generaci\u00f3n de <strong>electricidad <\/strong>ha sido monopolizada por el Estado y el usuario siempre ha tenido un rol pasivo de consumidor en un mercado sin alternativas. La <strong>generaci\u00f3n el\u00e9ctrica<\/strong> distribuida a partir de<strong> recursos solares<\/strong>, rompe con esa l\u00f3gica de consumidores pasivos y empodera a la gente haci\u00e9ndolos participar del mercado desde un rol de productor\/consumidor en el cual los ahorros y eficiencias en el uso de la energ\u00eda son recompensados econ\u00f3micamente al inyectar <strong>energ\u00eda renovable <\/strong>a la red de transmisi\u00f3n.\u00a0<\/p>\n\n<p>Los precios de las energ\u00edas renovables han mostrado una tendencia a la baja constante durante la \u00faltima d\u00e9cada y esta tendencia continuar\u00e1 con la masificaci\u00f3n de la producci\u00f3n, sin embargo en el presente, el costo de instalaci\u00f3n de un<strong> sistema fotovoltaico <\/strong>sigue siendo uno de los obst\u00e1culos m\u00e1s grandes para su acceso, es por esto que el Estado tiene que adoptar una participaci\u00f3n proactiva en la generaci\u00f3n de mecanismos de financiamiento para fomentar el acceso a este tipo de tecnolog\u00edas, esto puede conseguirse reenfocando los recursos destinados a subsidiar la <strong>electricidad <\/strong>generada a partir de <strong>combustibles f\u00f3siles<\/strong> y trasladarlo al financiamiento para la compra de estos sistemas.\u00a0<\/p>\n\n<p>Asimismo, esto abonar\u00eda a tratar de cumplir con las metas de combate al calentamiento global ya que en cuanto a metas clim\u00e1ticas, no se tuvo una buena acci\u00f3n en las administraciones anteriores y&nbsp; no se est\u00e1 teniendo una buena acci\u00f3n en \u00e9sta.&nbsp;<\/p>\n\n<p>Desde que M\u00e9xico suscribi\u00f3 los acuerdos de Par\u00eds de 2015, las acciones del pa\u00eds han sido insuficientes y nos han alejado de una trayectoria de<strong> reducci\u00f3n de emisiones <\/strong>que sea compatible con el objetivo de mantener la temperatura del planeta por debajo del 1.5\u00b0 C de aumento con respecto a la \u00e9poca preindustrial (1850 &#8211; 1900);\u00a0 incluso de cumplirse los compromisos nacionalmente determinados no condicionados que el pa\u00eds asumi\u00f3, la trayectoria de emisiones seguir\u00eda estando muy alejada de las reducciones necesarias, es por ello que la actual administraci\u00f3n debe elevar sus ambiciones y llevar la acci\u00f3n clim\u00e1tica lejos de los hidrocarburos.\u00a0<\/p>\n\n<p>\u00bfQuieres saber y hacer m\u00e1s sobre nuestras campa\u00f1as? S\u00famate aqu\u00ed<\/p>\n\n<!--[if lte IE 8]>\n<script charset=\"utf-8\" type=\"text\/javascript\" src=\"\/\/js.hsforms.net\/forms\/v2-legacy.js\"><\/script>\n<![endif]-->\n<script charset=\"utf-8\" type=\"text\/javascript\" src=\"\/\/js.hsforms.net\/forms\/v2.js\"><\/script>\n<script>\n  hbspt.forms.create({\n\tportalId: \"2617486\",\n\tformId: \"59741a38-cb96-48b1-8072-7efc839136f8\",\n\tsfdcCampaignId: \"7011P0000016xVMQAY\"\n});\n<\/script>\n\t\t\t<section\n\t\t\tclass=\"boxout post-3819 \"\n\t\t\t\n\t\t>\n\t\t\t<a\n\t\t\t\tdata-ga-category=\"Take Action Boxout\"\n\t\t\t\tdata-ga-action=\"Image\"\n\t\t\t\tdata-ga-label=\"n\/a\"\n\t\t\t\tclass=\"cover-card-overlay\"\n\t\t\t\thref=\"https:\/\/www.greenpeace.org\/mexico\/participa\/cambio-climatico\/\" \n\t\t\t><\/a>\n\t\t\t\t\t\t\t<img\n\t\t\t\t\t\tsrc=\"https:\/\/www.greenpeace.org\/static\/planet4-mexico-stateless\/2020\/01\/2bc0960c-incendios-en-australia-greenpeace-canguros.jpg\"\n\t\t\t\t\t\tsrcset=\"https:\/\/www.greenpeace.org\/static\/planet4-mexico-stateless\/2020\/01\/2bc0960c-incendios-en-australia-greenpeace-canguros-300x200.jpg 300w, https:\/\/www.greenpeace.org\/static\/planet4-mexico-stateless\/2020\/01\/2bc0960c-incendios-en-australia-greenpeace-canguros-768x512.jpg 768w, https:\/\/www.greenpeace.org\/static\/planet4-mexico-stateless\/2020\/01\/2bc0960c-incendios-en-australia-greenpeace-canguros-510x340.jpg 510w, https:\/\/www.greenpeace.org\/static\/planet4-mexico-stateless\/2020\/01\/2bc0960c-incendios-en-australia-greenpeace-canguros.jpg 800w\"\n\t\t\t\t\t\tsizes=\"(min-width: 1000px) 358px, (min-width: 780px) 313px, 88px\"\n\t\t\t\t\t\talt=\"\" title=\"\"\n\t\t\t\t\/>\n            \t\t\t<div class=\"boxout-content\">\n\t\t\t\t\t\t\t\t\t<a\n\t\t\t\t\t\tclass=\"boxout-heading medium\"\n\t\t\t\t\t\tdata-ga-category=\"Take Action Boxout\"\n\t\t\t\t\t\tdata-ga-action=\"Title\"\n\t\t\t\t\t\tdata-ga-label=\"n\/a\"\n\t\t\t\t\t\thref=\"https:\/\/www.greenpeace.org\/mexico\/participa\/cambio-climatico\/\"\n\t\t\t\t\t\t\n\t\t\t\t\t>\n\t\t\t\t\t\tEmergencia clim\u00e1tica\n\t\t\t\t\t<\/a>\n\t\t\t\t\t\t\t\t\t\t\t\t\t<p class=\"boxout-excerpt\">Necesitamos acci\u00f3n clim\u00e1tica urgente y contundente, tenemos que dejar el petr\u00f3leo bajo tierra y transitar hacia una econom\u00eda limpia, sustentable y equitativa. El gobierno tiene que respetar los acuerdos que el pa\u00eds ha adoptado tanto nacional como internacionalmente y que est\u00e1n plasmados en las leyes mexicanas. <\/p>\n\t\t\t\t                                    <a\n                        class=\"btn btn-primary\"\n                        data-ga-category=\"Take Action Boxout\"\n                        data-ga-action=\"Call to Action\"\n                        data-ga-label=\"n\/a\"\n                        href=\"https:\/\/www.greenpeace.org\/mexico\/participa\/cambio-climatico\/\"\n                        \n                    >\n                        Participa\n                    <\/a>\n                \t\t\t<\/div>\n\t\t\t\t\t<\/section>\n\t","protected":false},"excerpt":{"rendered":"<p>M\u00e9xico ya no es potencia petrolera. La soberan\u00eda energ\u00e9tica solo ser\u00e1 posible con renovables accesibles, limpias y justas. <\/p>\n","protected":false},"author":21,"featured_media":56419,"comment_status":"open","ping_status":"open","sticky":false,"template":"","format":"standard","meta":{"ep_exclude_from_search":false,"p4_og_title":"M\u00e9xico ya no es potencia petrolera, la soberan\u00eda energ\u00e9tica solo posible a trav\u00e9s de las renovables","p4_og_description":"M\u00e9xico ya no es potencia petrolera. La soberan\u00eda energ\u00e9tica solo ser\u00e1 posible con renovables accesibles, limpias y justas. ","p4_og_image":"https:\/\/www.greenpeace.org\/static\/planet4-mexico-stateless\/2025\/06\/095fdc09-paneles-solares.jpg","p4_og_image_id":"56419","p4_seo_canonical_url":"","p4_campaign_name":"not set","p4_local_project":"","p4_basket_name":"not set","p4_department":"","footnotes":""},"categories":[39],"tags":[47,54],"p4-page-type":[16],"class_list":["post-4245","post","type-post","status-publish","format-standard","has-post-thumbnail","hentry","category-clima-y-energia","tag-cambio-climatico","tag-energia-renovable","p4-page-type-informacion-prensa"],"_links":{"self":[{"href":"https:\/\/www.greenpeace.org\/mexico\/wp-json\/wp\/v2\/posts\/4245","targetHints":{"allow":["GET"]}}],"collection":[{"href":"https:\/\/www.greenpeace.org\/mexico\/wp-json\/wp\/v2\/posts"}],"about":[{"href":"https:\/\/www.greenpeace.org\/mexico\/wp-json\/wp\/v2\/types\/post"}],"author":[{"embeddable":true,"href":"https:\/\/www.greenpeace.org\/mexico\/wp-json\/wp\/v2\/users\/21"}],"replies":[{"embeddable":true,"href":"https:\/\/www.greenpeace.org\/mexico\/wp-json\/wp\/v2\/comments?post=4245"}],"version-history":[{"count":5,"href":"https:\/\/www.greenpeace.org\/mexico\/wp-json\/wp\/v2\/posts\/4245\/revisions"}],"predecessor-version":[{"id":59555,"href":"https:\/\/www.greenpeace.org\/mexico\/wp-json\/wp\/v2\/posts\/4245\/revisions\/59555"}],"wp:featuredmedia":[{"embeddable":true,"href":"https:\/\/www.greenpeace.org\/mexico\/wp-json\/wp\/v2\/media\/56419"}],"wp:attachment":[{"href":"https:\/\/www.greenpeace.org\/mexico\/wp-json\/wp\/v2\/media?parent=4245"}],"wp:term":[{"taxonomy":"category","embeddable":true,"href":"https:\/\/www.greenpeace.org\/mexico\/wp-json\/wp\/v2\/categories?post=4245"},{"taxonomy":"post_tag","embeddable":true,"href":"https:\/\/www.greenpeace.org\/mexico\/wp-json\/wp\/v2\/tags?post=4245"},{"taxonomy":"p4-page-type","embeddable":true,"href":"https:\/\/www.greenpeace.org\/mexico\/wp-json\/wp\/v2\/p4-page-type?post=4245"}],"curies":[{"name":"wp","href":"https:\/\/api.w.org\/{rel}","templated":true}]}}