{"id":4269,"date":"2020-03-24T15:16:35","date_gmt":"2020-03-24T20:16:35","guid":{"rendered":"https:\/\/www.greenpeace.org\/mexico\/?p=4269"},"modified":"2025-07-27T22:37:09","modified_gmt":"2025-07-28T03:37:09","slug":"mexicanas-por-los-oceanos-del-mundo-un-epico-viaje-de-polo-a-polo","status":"publish","type":"post","link":"https:\/\/www.greenpeace.org\/mexico\/blog\/4269\/mexicanas-por-los-oceanos-del-mundo-un-epico-viaje-de-polo-a-polo\/","title":{"rendered":"Mexicanas por los oc\u00e9anos del mundo: un \u00e9pico viaje de polo a polo"},"content":{"rendered":"\n<p>\u201cEsto es real. Estoy aqu\u00ed\u201d digo para mis adentros mientras veo a la distancia mi primer iceberg. Es impresionante. El barco Esperanza ha partido desde Ushuaia, Argentina y despu\u00e9s del Pasaje de Drake, conocido por su rudo tr\u00e1nsito, oficialmente estamos en aguas Ant\u00e1rticas.&nbsp;<\/p>\n\n<p>Al contarle mi emoci\u00f3n al Capit\u00e1n, \u00e9l sonr\u00ede y dice: \u201cPrep\u00e1rate, porque veremos m\u00e1s icebergs y mucho m\u00e1s grandes.\u201d&nbsp;<\/p>\n\n<figure class=\"wp-block-image size-full\"><img loading=\"lazy\" decoding=\"async\" width=\"1024\" height=\"683\" src=\"https:\/\/www.greenpeace.org\/static\/planet4-mexico-stateless\/2025\/07\/b94c4d20-polo-a-polo.jpg\" title=\"Retrato de Jackie Zamora, activista mexicana, sosteniendo un cartel que dice &quot;Protege los oc\u00e9anos&quot;.\" alt=\"Retrato de Jackie Zamora, activista mexicana, sosteniendo un cartel que dice &quot;Protege los oc\u00e9anos&quot;.\" class=\"wp-image-59545\" srcset=\"https:\/\/www.greenpeace.org\/static\/planet4-mexico-stateless\/2025\/07\/b94c4d20-polo-a-polo.jpg 1024w, https:\/\/www.greenpeace.org\/static\/planet4-mexico-stateless\/2025\/07\/b94c4d20-polo-a-polo-300x200.jpg 300w, https:\/\/www.greenpeace.org\/static\/planet4-mexico-stateless\/2025\/07\/b94c4d20-polo-a-polo-768x512.jpg 768w, https:\/\/www.greenpeace.org\/static\/planet4-mexico-stateless\/2025\/07\/b94c4d20-polo-a-polo-510x340.jpg 510w\" sizes=\"auto, (max-width: 1024px) 100vw, 1024px\" \/><figcaption><div class=\"credit icon-left\"> \u00a9 Greenpeace.<\/div><\/figcaption><\/figure>\n\n<p>Estar aqu\u00ed puede resultar abrumador, pues es tanta la belleza que no sabes a d\u00f3nde mirar. La Ant\u00e1rtida tiene magia. Aire puro. Vida. Mientras admiro todo con felicidad me llega la realidad de golpe. Este lugar est\u00e1 en peligro.<\/p>\n\n<h2 class=\"wp-block-heading\"><strong>Una expedici\u00f3n por lo oc\u00e9anos para documentar y actuar.<\/strong><\/h2>\n\n<p>Los barcos de Greenpeace comenzaron la expedici\u00f3n &#8220;Pole to Pole&#8221; en Abril de 2019 para documentar, investigar y actuar sobre las principales amenazas en los oc\u00e9anos del mundo. Yo soy parte de las 3 mexicanas que participaron en esta misi\u00f3n.<\/p>\n\n<p>Para llegar a la Ant\u00e1rtida, en donde estoy ahora, a bordo del barco Esperanza, hubo un largo recorrido, pues como la campa\u00f1a lo dice, esta expedici\u00f3n es de Polo a Polo y comenz\u00f3 en el norte. El \u00c1rtico. En esta primera parada es donde se sum\u00f3 la mexicana Adriana L\u00f3pez, quien se encarg\u00f3 de la log\u00edstica en el barco Esperanza donde hubo mucho trabajo con un grupo de cient\u00edficos que investigaban los impactos del cambio clim\u00e1tico en el oc\u00e9ano \u00c1rtico. Aqu\u00ed la puedes ver manifest\u00e1ndose por la protecci\u00f3n de nuestros oc\u00e9anos.<\/p>\n\n<p>En los barcos de Greenpeace procuramos tener a bordo a voluntarios de todo el mundo, para ayudar en la cubierta o como asistentes de cocina. En esta expedici\u00f3n contamos con varios voluntarios de Am\u00e9rica Latina, de pa\u00edses como Argentina, Chile y por supuesto, M\u00e9xico. En la segunda parada es donde se sum\u00f3 la voluntaria mexicana Samantha, para la etapa &#8220;Ciudad Perdida&#8221; en el Atl\u00e1ntico. La Ciudad Perdida es una formaci\u00f3n de chimeneas hidrotermales que se elevan sobre el fondo marino y pueden contener pistas sobre la evoluci\u00f3n de la vida. Sin embargo, se encuentra amenazada por la miner\u00eda en aguas profundas y esto puede causar da\u00f1os irreparables.<\/p>\n\n<p>Las siguientes etapas fueron el Mar de Sargazo y el Amazonas en donde adem\u00e1s de estudiar la fauna marina, realizamos varios estudios para documentar los impactos de los pl\u00e1sticos y micropl\u00e1sticos.&nbsp;<\/p>\n\n<p>Meses despu\u00e9s, el barco Arctic Sunrise viaj\u00f3 al oeste de \u00c1frica, donde documentamos los impactos de la industria pesquera y su falta de regulaci\u00f3n. De esa etapa me llevo momentos impactantes y dolorosos, no ha sido f\u00e1cil ver pr\u00e1cticas tan destructivas en el mar. Vi muchos tiburones luchando por su vida y morir, <a href=\"https:\/\/www.greenpeace.org\/mexico\/blog\/2781\/mi-amor-por-los-animales-marinos-me-hace-exigir-proteccion-para-los-oceanos\/\" target=\"_blank\" rel=\"noreferrer noopener\">tal como lo cont\u00f3 Sam en este blog<\/a>. Millones de tiburones son capturados y asesinados cada a\u00f1o. Los barcos pesqueros les llaman capturas &#8220;accidentales&#8221; pero promueven el lucrativo comercio de aletas de tibur\u00f3n.<\/p>\n\n<p>Finalmente, despu\u00e9s de casi un a\u00f1o de expedici\u00f3n, llegamos a la \u00faltima parada, el coraz\u00f3n de los oc\u00e9anos: La Ant\u00e1rtida. Los efectos del cambio clim\u00e1tico han tenido un impacto en el krill, la base de la red alimentaria en esta zona. Esto podr\u00eda causar efectos devastadores en las ballenas, ping\u00fcinos y m\u00e1s especies que aqu\u00ed habitan. Los resultados de nuestra investigaci\u00f3n nos han roto el coraz\u00f3n: algunas colonias de ping\u00fcinos han disminuido hasta en un 70%.&nbsp;<\/p>\n\n<figure class=\"wp-block-image size-large\"><img loading=\"lazy\" decoding=\"async\" width=\"1024\" height=\"683\" src=\"https:\/\/www.greenpeace.org\/static\/planet4-mexico-stateless\/2025\/06\/0c7d9d94-pinguinos-animales-1024x683.jpg\" title=\"Fotograf\u00eda de un ping\u00fcino con sus dos cr\u00edas sobre una roca.\" alt=\"Fotograf\u00eda de un ping\u00fcino con sus dos cr\u00edas sobre una roca.\" class=\"wp-image-57100\" srcset=\"https:\/\/www.greenpeace.org\/static\/planet4-mexico-stateless\/2025\/06\/0c7d9d94-pinguinos-animales-1024x683.jpg 1024w, https:\/\/www.greenpeace.org\/static\/planet4-mexico-stateless\/2025\/06\/0c7d9d94-pinguinos-animales-300x200.jpg 300w, https:\/\/www.greenpeace.org\/static\/planet4-mexico-stateless\/2025\/06\/0c7d9d94-pinguinos-animales-768x512.jpg 768w, https:\/\/www.greenpeace.org\/static\/planet4-mexico-stateless\/2025\/06\/0c7d9d94-pinguinos-animales-510x340.jpg 510w, https:\/\/www.greenpeace.org\/static\/planet4-mexico-stateless\/2025\/06\/0c7d9d94-pinguinos-animales.jpg 1200w\" sizes=\"auto, (max-width: 1024px) 100vw, 1024px\" \/><figcaption class=\"wp-element-caption\">Colonia de ping\u00fcinos.<\/figcaption><\/figure>\n\n<p>Esta expedici\u00f3n por los oc\u00e9anos del mundo tuvo 7 etapas. Yo estuve a bordo durante 5 y a pesar de que me encontr\u00e9 con paisajes y animales maravillosos, m\u00e1s que nunca siento la urgencia de proteger nuestros oc\u00e9anos, pues he visto de cerca las m\u00faltiples amenazas a las que nos enfrentamos. \u00bfC\u00f3mo podemos actuar? Hay un rayo de esperanza: lograr un Tratado Global de los Oc\u00e9anos. Solo un 3% est\u00e1 protegido pero con este Tratado se podr\u00eda proteger m\u00e1s del 30% de para el a\u00f1o 2030.\u00a0<a href=\"https:\/\/actua.greenpeace.org.mx\/protejamos-los-oceanos\" target=\"_blank\" rel=\"noreferrer noopener\">\u00a1\u00danete y exige este Tratado con nosotros! <\/a><\/p>\n\n<p>Haremos todo lo posible para que esto suceda pero no podemos lograrlo sin tu apoyo. En esta misi\u00f3n no estamos solo 3 mexicanas. Estamos todas y todos los mexicanos que queremos un mundo mejor, los que amamos al planeta, los que queremos ayudar.<\/p>\n\n<p>Desde la Ant\u00e1rtida te lo agradezco y estoy segura que todos los animales que le llaman hogar a este maravilloso lugar, te lo agradecen a\u00fan m\u00e1s.<\/p>\n\n<p>\u00bfContamos contigo? <strong>SUMA TU NOMBRE AQU\u00cd<\/strong> para ser parte de los Protectores del Oc\u00e9ano.<\/p>\n\n<!--[if lte IE 8]>\n<script charset=\"utf-8\" type=\"text\/javascript\" src=\"\/\/js.hsforms.net\/forms\/v2-legacy.js\"><\/script>\n<![endif]-->\n<script charset=\"utf-8\" type=\"text\/javascript\" src=\"\/\/js.hsforms.net\/forms\/v2.js\"><\/script>\n<script>\n  hbspt.forms.create({\n\tportalId: \"2617486\",\n\tformId: \"3263a469-ab2a-406b-a18a-9bfa35e6cfb7\",\n\tsfdcCampaignId: \"7011P000000q9J9QAI\"\n});\n<\/script>\n<div class=\"EmptyMessage\">Block content is empty. Check the block&#8217;s settings or remove it.<\/div>","protected":false},"excerpt":{"rendered":"<p>Tres mexicanas recorren los oc\u00e9anos del mundo para documentar y defender su vida. De Polo a Polo, un viaje por la protecci\u00f3n marina. <\/p>\n","protected":false},"author":21,"featured_media":59545,"comment_status":"open","ping_status":"open","sticky":false,"template":"","format":"standard","meta":{"ep_exclude_from_search":false,"p4_og_title":"Mexicanas por los oc\u00e9anos del mundo: un \u00e9pico viaje de polo a polo","p4_og_description":"Tres mexicanas recorren los oc\u00e9anos del mundo para documentar y defender su vida. De Polo a Polo, un viaje por la protecci\u00f3n marina. ","p4_og_image":"https:\/\/www.greenpeace.org\/static\/planet4-mexico-stateless\/2025\/07\/b94c4d20-polo-a-polo.jpg","p4_og_image_id":"59545","p4_seo_canonical_url":"","p4_campaign_name":"not set","p4_local_project":"","p4_basket_name":"not set","p4_department":"","footnotes":""},"categories":[44],"tags":[63,21],"p4-page-type":[14],"class_list":["post-4269","post","type-post","status-publish","format-standard","has-post-thumbnail","hentry","category-oceanos","tag-tratado-global-de-oceanos","tag-activismo","p4-page-type-blog"],"_links":{"self":[{"href":"https:\/\/www.greenpeace.org\/mexico\/wp-json\/wp\/v2\/posts\/4269","targetHints":{"allow":["GET"]}}],"collection":[{"href":"https:\/\/www.greenpeace.org\/mexico\/wp-json\/wp\/v2\/posts"}],"about":[{"href":"https:\/\/www.greenpeace.org\/mexico\/wp-json\/wp\/v2\/types\/post"}],"author":[{"embeddable":true,"href":"https:\/\/www.greenpeace.org\/mexico\/wp-json\/wp\/v2\/users\/21"}],"replies":[{"embeddable":true,"href":"https:\/\/www.greenpeace.org\/mexico\/wp-json\/wp\/v2\/comments?post=4269"}],"version-history":[{"count":5,"href":"https:\/\/www.greenpeace.org\/mexico\/wp-json\/wp\/v2\/posts\/4269\/revisions"}],"predecessor-version":[{"id":59547,"href":"https:\/\/www.greenpeace.org\/mexico\/wp-json\/wp\/v2\/posts\/4269\/revisions\/59547"}],"wp:featuredmedia":[{"embeddable":true,"href":"https:\/\/www.greenpeace.org\/mexico\/wp-json\/wp\/v2\/media\/59545"}],"wp:attachment":[{"href":"https:\/\/www.greenpeace.org\/mexico\/wp-json\/wp\/v2\/media?parent=4269"}],"wp:term":[{"taxonomy":"category","embeddable":true,"href":"https:\/\/www.greenpeace.org\/mexico\/wp-json\/wp\/v2\/categories?post=4269"},{"taxonomy":"post_tag","embeddable":true,"href":"https:\/\/www.greenpeace.org\/mexico\/wp-json\/wp\/v2\/tags?post=4269"},{"taxonomy":"p4-page-type","embeddable":true,"href":"https:\/\/www.greenpeace.org\/mexico\/wp-json\/wp\/v2\/p4-page-type?post=4269"}],"curies":[{"name":"wp","href":"https:\/\/api.w.org\/{rel}","templated":true}]}}