{"id":4345,"date":"2020-04-06T17:14:54","date_gmt":"2020-04-06T22:14:54","guid":{"rendered":"https:\/\/www.greenpeace.org\/mexico\/?p=4345"},"modified":"2025-07-27T19:49:33","modified_gmt":"2025-07-28T00:49:33","slug":"carta-a-jan","status":"publish","type":"post","link":"https:\/\/www.greenpeace.org\/mexico\/blog\/4345\/carta-a-jan\/","title":{"rendered":"Carta a Jan"},"content":{"rendered":"\n<p>Mi gran hermano Jan, ahora emprendes un gran viaje sin retorno y partes de este mundo, me destroza el coraz\u00f3n saber que ya no nos veremos en este plano terrenal.&nbsp;<\/p>\n\n<p>A partir de los <em>open boats<\/em> que tuvimos con Greenpeace tras el arribo del barco Esperanza a tierras mexicanas, iniciamos una gran amistad, desde ese momento para m\u00ed ser\u00edas como mi hermano mayor y yo s\u00e9 bien que tambi\u00e9n me ver\u00edas como un hermanito m\u00e1s.&nbsp;<\/p>\n\n<p>Recuerdo cada momento en el que convivimos, tus charlas hacia lxs visitantes que se asombraban de todos tus conocimientos y del trabajo que hac\u00edas con las semillas, yo no dejaba de asombrarme cuando nos compart\u00edas tu gran labor con grupos de mujeres en condiciones de vulnerabilidad. Siempre te tengo muy presente en mi coraz\u00f3n, te recuerdo caminando en la orilla de la playa, sonriendo y compartiendo utop\u00edas con las que much@s resonamos y con las que tocaste muchos corazones, ahora se me vienen muchos sentimientos y aparece un gran nudo en la garganta mientras escribo.&nbsp;<\/p>\n\n<p>Nuestra madre tierra, ahora te ha hecho un llamado muy fuerte, te envuelve como las hojas que cubren al ma\u00edz para protegerlo de las adversidades y te cobija. Me duele mucho saber que no volveremos a coincidir en este mundo, mi coraz\u00f3n ha recibido un duro golpe tras tu partida.&nbsp;<\/p>\n\n<figure class=\"wp-block-image size-full  caption-style-blue-overlay caption-alignment-center\"><img loading=\"lazy\" decoding=\"async\" width=\"1024\" height=\"683\" src=\"https:\/\/www.greenpeace.org\/static\/planet4-mexico-stateless\/2025\/07\/5f90b721-jan-activista.jpg\" title=\"Retrato de Jan, activista de Greenpeace.\" alt=\"Retrato de Jan, activista de Greenpeace.\" class=\"wp-image-59529\" srcset=\"https:\/\/www.greenpeace.org\/static\/planet4-mexico-stateless\/2025\/07\/5f90b721-jan-activista.jpg 1024w, https:\/\/www.greenpeace.org\/static\/planet4-mexico-stateless\/2025\/07\/5f90b721-jan-activista-300x200.jpg 300w, https:\/\/www.greenpeace.org\/static\/planet4-mexico-stateless\/2025\/07\/5f90b721-jan-activista-768x512.jpg 768w, https:\/\/www.greenpeace.org\/static\/planet4-mexico-stateless\/2025\/07\/5f90b721-jan-activista-510x340.jpg 510w\" sizes=\"auto, (max-width: 1024px) 100vw, 1024px\" \/><\/figure>\n\n<p>Quiero que sepas que te llevas una parte de nosotr@s y agradecemos el haberte conocido, pero viaja tranquilo, ahora te toca trascender, aqu\u00ed nosotr@s seguiremos luchando por nuestra madre tierra y atendiendo el llamado que se nos hace, aquel con el que pudimos encontrarnos en nuestros caminos.&nbsp;<\/p>\n\n<p>Honro tu memoria y es por ello que me reconforta saber que alg\u00fan d\u00eda nos volveremos a encontrar. Ya no se me hizo poder llevarte f\u00edsicamente a la Sierra Mazateca de Oaxaca, pero, ahora s\u00e9 que me estar\u00e1s acompa\u00f1ando de otra manera, por ello, cuando llegue la fiesta m\u00e1xima de nosotr@s los mazatecos que es la celebraci\u00f3n del S&#8217;u\u00ed K&#8217;ien (d\u00edas de muertos) y me toque recordar a mis seres queridos, habr\u00e1 un espacio para ti en la ofrenda, ah\u00ed te cantaremos en nuestra lengua, te prender\u00e9 incienso, te honrar\u00e9 al ritmo del viol\u00edn, la vihuela y el tambor y de alguna manera, volveremos a abrazar nuestros corazones.&nbsp;<\/p>\n\n<p>Hasta siempre mi gran guerrero del arcoiris,<\/p>\n\n<p>Hasta siempre mi gran hermano mayor.<\/p>\n","protected":false},"excerpt":{"rendered":"<p>Carta de despedida a Jan, voluntario de Greenpeace y gran amigo, cuya memoria vivir\u00e1 en la lucha por la Tierra y en las ofrendas mazatecas. <\/p>\n","protected":false},"author":21,"featured_media":59529,"comment_status":"open","ping_status":"open","sticky":false,"template":"","format":"standard","meta":{"ep_exclude_from_search":false,"p4_og_title":"Carta a Jan","p4_og_description":"Carta de despedida a Jan, voluntario de Greenpeace y gran amigo, cuya memoria vivir\u00e1 en la lucha por la Tierra y en las ofrendas mazatecas. ","p4_og_image":"https:\/\/www.greenpeace.org\/static\/planet4-mexico-stateless\/2025\/07\/5f90b721-jan-activista.jpg","p4_og_image_id":"59529","p4_seo_canonical_url":"","p4_campaign_name":"not set","p4_local_project":"","p4_basket_name":"not set","p4_department":"","footnotes":""},"categories":[43],"tags":[21],"p4-page-type":[14],"class_list":["post-4345","post","type-post","status-publish","format-standard","has-post-thumbnail","hentry","category-sobre-greenpeace","tag-activismo","p4-page-type-blog"],"_links":{"self":[{"href":"https:\/\/www.greenpeace.org\/mexico\/wp-json\/wp\/v2\/posts\/4345","targetHints":{"allow":["GET"]}}],"collection":[{"href":"https:\/\/www.greenpeace.org\/mexico\/wp-json\/wp\/v2\/posts"}],"about":[{"href":"https:\/\/www.greenpeace.org\/mexico\/wp-json\/wp\/v2\/types\/post"}],"author":[{"embeddable":true,"href":"https:\/\/www.greenpeace.org\/mexico\/wp-json\/wp\/v2\/users\/21"}],"replies":[{"embeddable":true,"href":"https:\/\/www.greenpeace.org\/mexico\/wp-json\/wp\/v2\/comments?post=4345"}],"version-history":[{"count":2,"href":"https:\/\/www.greenpeace.org\/mexico\/wp-json\/wp\/v2\/posts\/4345\/revisions"}],"predecessor-version":[{"id":59530,"href":"https:\/\/www.greenpeace.org\/mexico\/wp-json\/wp\/v2\/posts\/4345\/revisions\/59530"}],"wp:featuredmedia":[{"embeddable":true,"href":"https:\/\/www.greenpeace.org\/mexico\/wp-json\/wp\/v2\/media\/59529"}],"wp:attachment":[{"href":"https:\/\/www.greenpeace.org\/mexico\/wp-json\/wp\/v2\/media?parent=4345"}],"wp:term":[{"taxonomy":"category","embeddable":true,"href":"https:\/\/www.greenpeace.org\/mexico\/wp-json\/wp\/v2\/categories?post=4345"},{"taxonomy":"post_tag","embeddable":true,"href":"https:\/\/www.greenpeace.org\/mexico\/wp-json\/wp\/v2\/tags?post=4345"},{"taxonomy":"p4-page-type","embeddable":true,"href":"https:\/\/www.greenpeace.org\/mexico\/wp-json\/wp\/v2\/p4-page-type?post=4345"}],"curies":[{"name":"wp","href":"https:\/\/api.w.org\/{rel}","templated":true}]}}