{"id":4365,"date":"2020-04-12T16:14:57","date_gmt":"2020-04-12T21:14:57","guid":{"rendered":"https:\/\/www.greenpeace.org\/mexico\/?p=4365"},"modified":"2025-07-27T19:45:54","modified_gmt":"2025-07-28T00:45:54","slug":"que-impactos-tendra-el-covid-19-en-nuestros-habitos-de-consumo","status":"publish","type":"post","link":"https:\/\/www.greenpeace.org\/mexico\/blog\/4365\/que-impactos-tendra-el-covid-19-en-nuestros-habitos-de-consumo\/","title":{"rendered":"\u00bfQu\u00e9 impactos tendr\u00e1 el Covid-19 en nuestros h\u00e1bitos de consumo?"},"content":{"rendered":"\n<p>Las medidas de mitigaci\u00f3n derivadas del <strong>Covid-19 <\/strong>llevaron a que millones de personas en M\u00e9xico cambiaran sus rutinas diarias de un d\u00eda para otro: ni\u00f1as y ni\u00f1os dejaron de ir a la escuela, oficinistas trabajan desde casa, familias pasan m\u00e1s tiempo juntas y gran parte de las actividades se realizan en el mundo digital.\u00a0<\/p>\n\n<p>Luego de estos d\u00edas, \u00bfnuestros <strong>h\u00e1bitos de consumo<\/strong> seguir\u00e1n siendo los mismos? Hagamos un recuento de las cosas que podr\u00edan cambiar para siempre una vez que salgamos de esta nueva pandemia:<\/p>\n\n<figure class=\"wp-block-image size-large  caption-style-blue-overlay caption-alignment-center\"><img loading=\"lazy\" decoding=\"async\" width=\"1024\" height=\"683\" src=\"https:\/\/www.greenpeace.org\/static\/planet4-mexico-stateless\/2025\/06\/bc154bd8-bicicleta-ciclovia-transporte-1024x683.jpg\" title=\"Activistas de Greenpeace protestan con bicicletas afuera de la oficina de SEMOVI para denunciar el retraso en la ejecuci\u00f3n del proyecto de movilidad Trolebici.\" alt=\"Activistas de Greenpeace protestan con bicicletas afuera de la oficina de SEMOVI para denunciar el retraso en la ejecuci\u00f3n del proyecto de movilidad Trolebici.\" class=\"wp-image-58940\" srcset=\"https:\/\/www.greenpeace.org\/static\/planet4-mexico-stateless\/2025\/06\/bc154bd8-bicicleta-ciclovia-transporte-1024x683.jpg 1024w, https:\/\/www.greenpeace.org\/static\/planet4-mexico-stateless\/2025\/06\/bc154bd8-bicicleta-ciclovia-transporte-300x200.jpg 300w, https:\/\/www.greenpeace.org\/static\/planet4-mexico-stateless\/2025\/06\/bc154bd8-bicicleta-ciclovia-transporte-768x512.jpg 768w, https:\/\/www.greenpeace.org\/static\/planet4-mexico-stateless\/2025\/06\/bc154bd8-bicicleta-ciclovia-transporte-510x340.jpg 510w, https:\/\/www.greenpeace.org\/static\/planet4-mexico-stateless\/2025\/06\/bc154bd8-bicicleta-ciclovia-transporte.jpg 1200w\" sizes=\"auto, (max-width: 1024px) 100vw, 1024px\" \/><figcaption><div class=\"credit icon-left\"> \u00a9 Ilse Huesca \/ Greenpeace<\/div><\/figcaption><\/figure>\n\n<h2 class=\"wp-block-heading\"><strong>Transporte<\/strong><\/h2>\n\n<p>Algunos centros laborales trabajan en modo teletrabajo o home office por primera vez. Est\u00e1n sacando el trabajo pero movilizando menos recursos: tiempo y emisiones contaminantes por traslados pues, de acuerdo con datos del gobierno de la Ciudad de M\u00e9xico, el transporte es el sector de mayor consumo de combustibles f\u00f3siles con m\u00e1s del 60% de la energ\u00eda de la Ciudad, y por lo tanto se relaciona con las mayores emisiones de part\u00edculas (PM10 y PM2.5), \u00f3xidos de nitr\u00f3geno y de di\u00f3xido de carbono.&nbsp;<\/p>\n\n<p>La <strong>bicicleta <\/strong>ha demostrado ser nuestra gran aliada en tiempos de contingencias (como tambi\u00e9n lo fue durante el sismo del 2017), ya que su uso ha sido una alternativa para quienes tienen que salir y temen contagiarse en el transporte p\u00fablico. Algunas personas han ido m\u00e1s lejos, pues los comercios locales se apoyan de la bicicleta para hacer entregas a domicilio y otros grupos ciudadanos las usan para ayudar a personas adultas mayores a hacer sus compras u otros mandados. Lo mejor: la bicicleta no produce emisiones contaminantes.<\/p>\n\n<h2 class=\"wp-block-heading\"><strong>Consumo responsable<\/strong><\/h2>\n\n<p>Tambi\u00e9n ha habido un llamado ciudadano para comprar en comercios locales con el fin de contribuir a la <strong>econom\u00eda <\/strong>de m\u00e1s familias que laboran en el sector informal y que se ver\u00e1n especialmente afectadas durante el confinamiento. Esto hizo que incluso varios mercados locales en la Ciudad de M\u00e9xico adoptaran publicidad en l\u00ednea y servicios para llevar.<\/p>\n\n<p>Como hemos dicho antes, los peque\u00f1os <strong>comercios <\/strong>son quienes han demostrado m\u00e1s inter\u00e9s en generar propuestas para producir y distribuir sus productos sin da\u00f1ar el<strong> medio ambiente<\/strong>, con venta a granel, sin empaquetados innecesarios o sin etiquetados imposibles de reciclar.\u00a0<\/p>\n\n<figure class=\"wp-block-image size-large  caption-style-blue-overlay caption-alignment-center\"><img loading=\"lazy\" decoding=\"async\" width=\"1024\" height=\"683\" src=\"https:\/\/www.greenpeace.org\/static\/planet4-mexico-stateless\/2025\/07\/f08dde0b-consumo-local-1024x683.jpg\" title=\"Se observan manos recogiendo frutas y verduras en un mercado local.\" alt=\"Se observan manos recogiendo frutas y verduras en un mercado local.\" class=\"wp-image-59225\" srcset=\"https:\/\/www.greenpeace.org\/static\/planet4-mexico-stateless\/2025\/07\/f08dde0b-consumo-local-1024x683.jpg 1024w, https:\/\/www.greenpeace.org\/static\/planet4-mexico-stateless\/2025\/07\/f08dde0b-consumo-local-300x200.jpg 300w, https:\/\/www.greenpeace.org\/static\/planet4-mexico-stateless\/2025\/07\/f08dde0b-consumo-local-768x512.jpg 768w, https:\/\/www.greenpeace.org\/static\/planet4-mexico-stateless\/2025\/07\/f08dde0b-consumo-local-510x340.jpg 510w, https:\/\/www.greenpeace.org\/static\/planet4-mexico-stateless\/2025\/07\/f08dde0b-consumo-local.jpg 1200w\" sizes=\"auto, (max-width: 1024px) 100vw, 1024px\" \/><figcaption class=\"wp-element-caption\">Consumo local.<div class=\"credit icon-left\"> \u00a9 David Klammer \/ Greenpeace<\/div><\/figcaption><\/figure>\n\n<p>Por el contrario, las<strong> grandes corporaciones<\/strong> a las que pertenecen los supermercados se resisten a ofrecer este tipo de alternativas a menos que puedan lucrar con ellas. Las grandes marcas, por su parte, no nos brindan alternativas, pues distribuyen sus productos en pl\u00e1sticos y envolturas innecesarias de dif\u00edcil reutilizaci\u00f3n.\u00a0<\/p>\n\n<p>No todos los nuevos h\u00e1bitos adquiridos son amigables con el medio ambiente, pues durante los primeros d\u00edas tambi\u00e9n se registraron las llamadas compras de p\u00e1nico o compras masivas que vac\u00edan los s\u00faper mercados. Esto echa atr\u00e1s el trabajo que han hecho distintos sectores de la sociedad para concientizar sobre los da\u00f1os medioambientales y econ\u00f3micos que trae consigo el h\u00e1bito de comprar compulsivamente productos que en realidad no necesitamos.&nbsp; Sin embargo, con el paso de los d\u00edas y ante las p\u00e9rdidas econ\u00f3micas al interior de muchas familias por el distanciamiento social, algunas personas han optado por hacer una mejor administraci\u00f3n del dinero y evitar compras aceleradas. Tal vez este h\u00e1bito sea uno de los que nos convengan conservar.&nbsp;<\/p>\n\n<h2 class=\"wp-block-heading\"><strong>Alimentaci\u00f3n sustentable<\/strong><\/h2>\n\n<p>Pasar m\u00e1s tiempo en casa tambi\u00e9n ha significado para algunas personas cocinar m\u00e1s y planear una dieta semanal para administrar mejor los <strong>alimentos<\/strong>. Como hemos dicho antes, planificar una dieta y preparar los alimentos en casa nos ayuda a reducir gradualmente nuestro consumo de carne y elaborar dietas que sean sanas para el cuerpo humano y para el medio ambiente.\u00a0<\/p>\n\n<figure class=\"wp-block-image size-large  caption-style-blue-overlay caption-alignment-center\"><img loading=\"lazy\" decoding=\"async\" width=\"1024\" height=\"683\" src=\"https:\/\/www.greenpeace.org\/static\/planet4-mexico-stateless\/2025\/07\/d5a66097-sin-carne-alimentacion-consumo-1024x683.jpg\" title=\"Raviolis rellenos de boletus secos en salsa de hierbas con champi\u00f1ones asados, trigo sarraceno, mermelada de cebolla roja y pur\u00e9 de ra\u00edz de apio.\" alt=\"Raviolis rellenos de boletus secos en salsa de hierbas con champi\u00f1ones asados, trigo sarraceno, mermelada de cebolla roja y pur\u00e9 de ra\u00edz de apio.\" class=\"wp-image-59271\" srcset=\"https:\/\/www.greenpeace.org\/static\/planet4-mexico-stateless\/2025\/07\/d5a66097-sin-carne-alimentacion-consumo-1024x683.jpg 1024w, https:\/\/www.greenpeace.org\/static\/planet4-mexico-stateless\/2025\/07\/d5a66097-sin-carne-alimentacion-consumo-300x200.jpg 300w, https:\/\/www.greenpeace.org\/static\/planet4-mexico-stateless\/2025\/07\/d5a66097-sin-carne-alimentacion-consumo-768x512.jpg 768w, https:\/\/www.greenpeace.org\/static\/planet4-mexico-stateless\/2025\/07\/d5a66097-sin-carne-alimentacion-consumo-510x340.jpg 510w, https:\/\/www.greenpeace.org\/static\/planet4-mexico-stateless\/2025\/07\/d5a66097-sin-carne-alimentacion-consumo.jpg 1200w\" sizes=\"auto, (max-width: 1024px) 100vw, 1024px\" \/><figcaption><div class=\"credit icon-left\"> \u00a9 Mitja Kobal \/ Greenpeace<\/div><\/figcaption><\/figure>\n\n<p>&nbsp;La lecci\u00f3n es que somos personas capaces de adaptarnos a esos cambios, de transformar nuestras acciones y hasta de sacarle provecho a nuestras nuevas circunstancias. El hecho es que la poblaci\u00f3n a nivel mundial est\u00e1 adoptando nuevos comportamientos de vida y de compras. Depender\u00e1 de cada una de nosotras definir qu\u00e9 adoptamos a largo plazo y qu\u00e9 no. Sea cual sea tu elecci\u00f3n, recuerda poner el cuidado del medio ambiente en el centro. Eso mejorar\u00e1 no s\u00f3lo t\u00fa vida, sino la del planeta entero y de todos los seres (no s\u00f3lo humanos) que lo habitan.<\/p>\n\n<p>\u00bfQuieres hacer m\u00e1s por el planeta? S\u00famate aqu\u00ed <\/p>\n\n<!--[if lte IE 8]>\n<script charset=\"utf-8\" type=\"text\/javascript\" src=\"\/\/js.hsforms.net\/forms\/v2-legacy.js\"><\/script>\n<![endif]-->\n<script charset=\"utf-8\" type=\"text\/javascript\" src=\"\/\/js.hsforms.net\/forms\/v2.js\"><\/script>\n<script>\n  hbspt.forms.create({\n\tportalId: \"2617486\",\n\tformId: \"8785e8d0-b75c-406c-bcb7-c9a73c93f392\",\n\tsfdcCampaignId: \"7011P0000016yxUQAQ\"\n});\n<\/script>\n\t\t\t<section\n\t\t\tclass=\"boxout post-3769 \"\n\t\t\t\n\t\t>\n\t\t\t<a\n\t\t\t\tdata-ga-category=\"Take Action Boxout\"\n\t\t\t\tdata-ga-action=\"Image\"\n\t\t\t\tdata-ga-label=\"n\/a\"\n\t\t\t\tclass=\"cover-card-overlay\"\n\t\t\t\thref=\"https:\/\/www.greenpeace.org\/mexico\/participa\/mi-dieta-salva-el-planeta\/\" \n\t\t\t><\/a>\n\t\t\t\t\t\t\t<img\n\t\t\t\t\t\tsrc=\"https:\/\/www.greenpeace.org\/static\/planet4-mexico-stateless\/2020\/01\/eb68e53e-avatar2-1024x1024.png\"\n\t\t\t\t\t\tsrcset=\"https:\/\/www.greenpeace.org\/static\/planet4-mexico-stateless\/2020\/01\/eb68e53e-avatar2-300x300.png 300w, https:\/\/www.greenpeace.org\/static\/planet4-mexico-stateless\/2020\/01\/eb68e53e-avatar2-1024x1024.png 1024w, https:\/\/www.greenpeace.org\/static\/planet4-mexico-stateless\/2020\/01\/eb68e53e-avatar2-150x150.png 150w, https:\/\/www.greenpeace.org\/static\/planet4-mexico-stateless\/2020\/01\/eb68e53e-avatar2-768x768.png 768w, https:\/\/www.greenpeace.org\/static\/planet4-mexico-stateless\/2020\/01\/eb68e53e-avatar2-1536x1536.png 1536w, https:\/\/www.greenpeace.org\/static\/planet4-mexico-stateless\/2020\/01\/eb68e53e-avatar2-1366x1366.png 1366w, https:\/\/www.greenpeace.org\/static\/planet4-mexico-stateless\/2020\/01\/eb68e53e-avatar2-340x340.png 340w, https:\/\/www.greenpeace.org\/static\/planet4-mexico-stateless\/2020\/01\/eb68e53e-avatar2.png 1876w\"\n\t\t\t\t\t\tsizes=\"(min-width: 1000px) 358px, (min-width: 780px) 313px, 88px\"\n\t\t\t\t\t\talt=\"\" title=\"\"\n\t\t\t\t\/>\n            \t\t\t<div class=\"boxout-content\">\n\t\t\t\t\t\t\t\t\t<a\n\t\t\t\t\t\tclass=\"boxout-heading medium\"\n\t\t\t\t\t\tdata-ga-category=\"Take Action Boxout\"\n\t\t\t\t\t\tdata-ga-action=\"Title\"\n\t\t\t\t\t\tdata-ga-label=\"n\/a\"\n\t\t\t\t\t\thref=\"https:\/\/www.greenpeace.org\/mexico\/participa\/mi-dieta-salva-el-planeta\/\"\n\t\t\t\t\t\t\n\t\t\t\t\t>\n\t\t\t\t\t\tMi dieta salva el planeta\n\t\t\t\t\t<\/a>\n\t\t\t\t\t\t\t\t\t\t\t\t\t<p class=\"boxout-excerpt\">Tu alimentaci\u00f3n y reducci\u00f3n de consumo de carne puede salvar el planeta<\/p>\n\t\t\t\t                                    <a\n                        class=\"btn btn-primary\"\n                        data-ga-category=\"Take Action Boxout\"\n                        data-ga-action=\"Call to Action\"\n                        data-ga-label=\"n\/a\"\n                        href=\"https:\/\/www.greenpeace.org\/mexico\/participa\/mi-dieta-salva-el-planeta\/\"\n                        \n                    >\n                        Participa\n                    <\/a>\n                \t\t\t<\/div>\n\t\t\t\t\t<\/section>\n\t\n<p><\/p>\n","protected":false},"excerpt":{"rendered":"<p>\u00bfCambiar\u00e1n nuestros h\u00e1bitos de consumo tras el Covid-19? Repensamos movilidad, compras, alimentaci\u00f3n y su impacto en el medio ambiente.<\/p>\n","protected":false},"author":21,"featured_media":59263,"comment_status":"open","ping_status":"open","sticky":false,"template":"","format":"standard","meta":{"ep_exclude_from_search":false,"p4_og_title":"\u00bfQu\u00e9 impactos tendr\u00e1 el Covid-19 en nuestros h\u00e1bitos de consumo?","p4_og_description":"\u00bfCambiar\u00e1n nuestros h\u00e1bitos de consumo tras el Covid-19? Repensamos movilidad, compras, alimentaci\u00f3n y su impacto en el medio ambiente.","p4_og_image":"https:\/\/www.greenpeace.org\/static\/planet4-mexico-stateless\/2025\/07\/5f82378e-alimentacion-menos-carne-consumo.jpg","p4_og_image_id":"59263","p4_seo_canonical_url":"","p4_campaign_name":"not set","p4_local_project":"","p4_basket_name":"not set","p4_department":"","footnotes":""},"categories":[46],"tags":[20,48],"p4-page-type":[14],"class_list":["post-4365","post","type-post","status-publish","format-standard","has-post-thumbnail","hentry","category-por-definir","tag-consumo","tag-salud","p4-page-type-blog"],"_links":{"self":[{"href":"https:\/\/www.greenpeace.org\/mexico\/wp-json\/wp\/v2\/posts\/4365","targetHints":{"allow":["GET"]}}],"collection":[{"href":"https:\/\/www.greenpeace.org\/mexico\/wp-json\/wp\/v2\/posts"}],"about":[{"href":"https:\/\/www.greenpeace.org\/mexico\/wp-json\/wp\/v2\/types\/post"}],"author":[{"embeddable":true,"href":"https:\/\/www.greenpeace.org\/mexico\/wp-json\/wp\/v2\/users\/21"}],"replies":[{"embeddable":true,"href":"https:\/\/www.greenpeace.org\/mexico\/wp-json\/wp\/v2\/comments?post=4365"}],"version-history":[{"count":5,"href":"https:\/\/www.greenpeace.org\/mexico\/wp-json\/wp\/v2\/posts\/4365\/revisions"}],"predecessor-version":[{"id":59517,"href":"https:\/\/www.greenpeace.org\/mexico\/wp-json\/wp\/v2\/posts\/4365\/revisions\/59517"}],"wp:featuredmedia":[{"embeddable":true,"href":"https:\/\/www.greenpeace.org\/mexico\/wp-json\/wp\/v2\/media\/59263"}],"wp:attachment":[{"href":"https:\/\/www.greenpeace.org\/mexico\/wp-json\/wp\/v2\/media?parent=4365"}],"wp:term":[{"taxonomy":"category","embeddable":true,"href":"https:\/\/www.greenpeace.org\/mexico\/wp-json\/wp\/v2\/categories?post=4365"},{"taxonomy":"post_tag","embeddable":true,"href":"https:\/\/www.greenpeace.org\/mexico\/wp-json\/wp\/v2\/tags?post=4365"},{"taxonomy":"p4-page-type","embeddable":true,"href":"https:\/\/www.greenpeace.org\/mexico\/wp-json\/wp\/v2\/p4-page-type?post=4365"}],"curies":[{"name":"wp","href":"https:\/\/api.w.org\/{rel}","templated":true}]}}