{"id":49351,"date":"2021-10-15T11:53:50","date_gmt":"2021-10-15T16:53:50","guid":{"rendered":"https:\/\/www.greenpeace.org\/mexico\/?p=49351"},"modified":"2021-12-01T07:35:34","modified_gmt":"2021-12-01T12:35:34","slug":"que-es-la-agroecologia","status":"publish","type":"post","link":"https:\/\/www.greenpeace.org\/mexico\/blog\/49351\/que-es-la-agroecologia\/","title":{"rendered":"\u00bfQu\u00e9 es la agroecolog\u00eda?"},"content":{"rendered":"\n<p>El modelo de agricultura industrial en el mundo es responsable en gran medida de la deforestaci\u00f3n, la explotaci\u00f3n animal, el desabasto de agua, la desigualdad en el campo, el uso excesivo de contaminantes, entre otros fen\u00f3menos que est\u00e1n acabando con la salud del planeta. Una de las soluciones es la agroecolog\u00eda.&nbsp;<\/p>\n\n<p>La agroecolog\u00eda es una disciplina cient\u00edfica, un conjunto de pr\u00e1cticas y un movimiento social, de acuerdo con la definici\u00f3n de la Organizaci\u00f3n de las Naciones Unidas para la Alimentaci\u00f3n y la Agricultura (FAO).&nbsp;<\/p>\n\n<p>Como ciencia, la agroecolog\u00eda estudia c\u00f3mo los diferentes componentes del agroecosistema interact\u00faan. Como un conjunto de pr\u00e1cticas, busca sistemas agr\u00edcolas sostenibles que optimizan y estabilizan la producci\u00f3n. Como movimiento social, persigue papeles multifuncionales para la agricultura, promueve la justicia social, nutre la identidad y la cultura, y refuerza la viabilidad econ\u00f3mica de las zonas rurales.&nbsp;<\/p>\n\n<p>De acuerdo con la FAO, la agroecolog\u00eda es un enfoque hol\u00edstico e integrado que aplica simult\u00e1neamente conceptos y principios ecol\u00f3gicos y sociales al dise\u00f1o y la gesti\u00f3n de sistemas agr\u00edcolas y alimentarios sostenibles. Trata de optimizar las interacciones entre las plantas, los animales, los seres humanos y el medio ambiente, al mismo tiempo que aborda la necesidad de sistemas alimentarios socialmente equitativos en los que las personas puedan elegir lo que comen, c\u00f3mo y d\u00f3nde se produce.<\/p>\n\n<p>La agricultura ecol\u00f3gica asegura alimentos sanos, protege el suelo, el agua y el clima, no contamina, ni da\u00f1a la biodiversidad con el uso de agrot\u00f3xicos ni transg\u00e9nicos. Cuida a la gente, desde agricultores hasta consumidores, permite el desarrollo de las comunidades y la soberan\u00eda alimentaria.<\/p>\n\n<p><strong>\u00bfQui\u00e9nes practican la agroecolog\u00eda?<\/strong><\/p>\n\n<p>Las familias agricultoras, campesinas, son principalmente quienes resguardan y pasan de generaci\u00f3n a generaci\u00f3n las herramientas y los saberes para practicar la agroecolog\u00eda.&nbsp;<\/p>\n\n<p>En M\u00e9xico, la introducci\u00f3n, estabilizaci\u00f3n y adopci\u00f3n del modelo agroindustrial fue un proceso complejo en el que participaron agentes e instituciones diversas e inici\u00f3 tras el fin de la Revoluci\u00f3n mexicana, cuando mediante distintas estrategias se busc\u00f3 transformar el paisaje agr\u00edcola a trav\u00e9s de nuevas t\u00e9cnicas e instrumentos, de acuerdo con el art\u00edculo \u201cHistoria de la agroecolog\u00eda en M\u00e9xico\u201d, publicado por la UNAM.&nbsp;<\/p>\n\n<p>No obstante, este proceso de modernizaci\u00f3n no ocurri\u00f3 de forma mec\u00e1nica ni estuvo exento de controversias y resistencias. La introducci\u00f3n de nuevas t\u00e9cnicas e insumos implic\u00f3 el desplazamiento de las tradicionalmente utilizadas, as\u00ed como el encumbramiento de nuevos agentes y el eclipsamiento de otros.&nbsp;<\/p>\n\n<p>Pese a ello, las comunidades campesinas, personas investigadoras y otros actores involucrados decidieron no abandonar sus saberes y, por el contrario, han buscado nuevas alternativas agroecol\u00f3gicas.<\/p>\n\n<h2 class=\"wp-block-heading\">\u00a1T\u00fa puedes contribuir a fomentar la agroecolog\u00eda! Firma:<\/h2>\n\n<!--[if lte IE 8]><script charset=\"utf-8\" type=\"text\/javascript\" src=\"\/\/js.hsforms.net\/forms\/v2-legacy.js\"><\/script><![endif]--><script charset=\"utf-8\" type=\"text\/javascript\" src=\"\/\/js.hsforms.net\/forms\/v2.js\"><\/script><script>  hbspt.forms.create({\tregion: \"na1\",\tportalId: \"2617486\",\tformId: \"47fa891e-594e-4052-bb98-3be073abcace\",\tsfdcCampaignId: \"7011P000000op8JQAQ\",\tsubmitButtonClass: 'hs-button',onFormReady: function($form, ctx){var paramsp4 = new window.URLSearchParams(window.location.search);var utm_content = paramsp4.get('utm_content');if(utm_content == null) {var urlp4 = window.location.href;var fromGPMXBlog = urlp4.includes(\"\/blog\/\");if (fromGPMXBlog == true) {var arrayp4 = urlp4.split(\"\/\");var hs_origin = arrayp4[6];$('input[name=\"hs_origen__c\"]').val(hs_origin).change();$('input[name=\"utm_content\"]').val(hs_origin).change();}}}});<\/script>\n\t\t\t<section\n\t\t\tclass=\"boxout post-437 \"\n\t\t\t\n\t\t>\n\t\t\t<a\n\t\t\t\tdata-ga-category=\"Take Action Boxout\"\n\t\t\t\tdata-ga-action=\"Image\"\n\t\t\t\tdata-ga-label=\"n\/a\"\n\t\t\t\tclass=\"cover-card-overlay\"\n\t\t\t\thref=\"https:\/\/www.greenpeace.org\/mexico\/participa\/transgenicos\/\" \n\t\t\t><\/a>\n\t\t\t\t\t\t\t<img\n\t\t\t\t\t\tsrc=\"https:\/\/www.greenpeace.org\/static\/planet4-mexico-stateless\/2018\/10\/2c14ef5f-gp04qb5-1024x683.jpg\"\n\t\t\t\t\t\tsrcset=\"https:\/\/www.greenpeace.org\/static\/planet4-mexico-stateless\/2018\/10\/2c14ef5f-gp04qb5-300x200.jpg 300w, https:\/\/www.greenpeace.org\/static\/planet4-mexico-stateless\/2018\/10\/2c14ef5f-gp04qb5-768x512.jpg 768w, https:\/\/www.greenpeace.org\/static\/planet4-mexico-stateless\/2018\/10\/2c14ef5f-gp04qb5-1024x683.jpg 1024w, https:\/\/www.greenpeace.org\/static\/planet4-mexico-stateless\/2018\/10\/2c14ef5f-gp04qb5-510x340.jpg 510w, https:\/\/www.greenpeace.org\/static\/planet4-mexico-stateless\/2018\/10\/2c14ef5f-gp04qb5.jpg 1200w\"\n\t\t\t\t\t\tsizes=\"(min-width: 1000px) 358px, (min-width: 780px) 313px, 88px\"\n\t\t\t\t\t\talt=\"Vegetables in Germany. \u00a9 Axel Kirchhof\" title=\"Vegetables in Germany. \u00a9 Axel Kirchhof\"\n\t\t\t\t\/>\n            \t\t\t<div class=\"boxout-content\">\n\t\t\t\t\t\t\t\t\t<a\n\t\t\t\t\t\tclass=\"boxout-heading medium\"\n\t\t\t\t\t\tdata-ga-category=\"Take Action Boxout\"\n\t\t\t\t\t\tdata-ga-action=\"Title\"\n\t\t\t\t\t\tdata-ga-label=\"n\/a\"\n\t\t\t\t\t\thref=\"https:\/\/www.greenpeace.org\/mexico\/participa\/transgenicos\/\"\n\t\t\t\t\t\t\n\t\t\t\t\t>\n\t\t\t\t\t\tTransg\u00e9nicos\n\t\t\t\t\t<\/a>\n\t\t\t\t\t\t\t\t\t\t\t\t\t<p class=\"boxout-excerpt\">Los transg\u00e9nicos son organismos que han sido gen\u00e9ticamente modificados (GM), por ejemplo, para producir insecticida o generar resistencia a herbicidas. Forman parte del modelo de agricultura industrial, el cual acent\u00faa la desigualdad en el campo y que adem\u00e1s hace uso excesivo de plaguicidas y fertilizantes sint\u00e9ticos que afectan la salud y el medio ambiente.<\/p>\n\t\t\t\t                                    <a\n                        class=\"btn btn-primary\"\n                        data-ga-category=\"Take Action Boxout\"\n                        data-ga-action=\"Call to Action\"\n                        data-ga-label=\"n\/a\"\n                        href=\"https:\/\/www.greenpeace.org\/mexico\/participa\/transgenicos\/\"\n                        \n                    >\n                        Participa\n                    <\/a>\n                \t\t\t<\/div>\n\t\t\t\t\t<\/section>\n\t","protected":false},"excerpt":{"rendered":"<p>La agricultura ecol\u00f3gica asegura alimentos sanos, protege el suelo, el agua y el clima, no contamina, ni da\u00f1a la biodiversidad con el uso de agrot\u00f3xicos ni transg\u00e9nicos. Te contamos m\u00e1s aqu\u00ed.<\/p>\n","protected":false},"author":29,"featured_media":8385,"comment_status":"open","ping_status":"open","sticky":false,"template":"","format":"standard","meta":{"ep_exclude_from_search":false,"p4_og_title":"","p4_og_description":"","p4_og_image":"","p4_og_image_id":"","p4_seo_canonical_url":"","p4_campaign_name":"not set","p4_local_project":"not set","p4_basket_name":"not set","p4_department":"","footnotes":""},"categories":[2],"tags":[19,30],"p4-page-type":[14],"class_list":["post-49351","post","type-post","status-publish","format-standard","has-post-thumbnail","hentry","category-cambio-climatico","tag-deforestacion","tag-alimentacion","p4-page-type-blog"],"_links":{"self":[{"href":"https:\/\/www.greenpeace.org\/mexico\/wp-json\/wp\/v2\/posts\/49351","targetHints":{"allow":["GET"]}}],"collection":[{"href":"https:\/\/www.greenpeace.org\/mexico\/wp-json\/wp\/v2\/posts"}],"about":[{"href":"https:\/\/www.greenpeace.org\/mexico\/wp-json\/wp\/v2\/types\/post"}],"author":[{"embeddable":true,"href":"https:\/\/www.greenpeace.org\/mexico\/wp-json\/wp\/v2\/users\/29"}],"replies":[{"embeddable":true,"href":"https:\/\/www.greenpeace.org\/mexico\/wp-json\/wp\/v2\/comments?post=49351"}],"version-history":[{"count":5,"href":"https:\/\/www.greenpeace.org\/mexico\/wp-json\/wp\/v2\/posts\/49351\/revisions"}],"predecessor-version":[{"id":49650,"href":"https:\/\/www.greenpeace.org\/mexico\/wp-json\/wp\/v2\/posts\/49351\/revisions\/49650"}],"wp:featuredmedia":[{"embeddable":true,"href":"https:\/\/www.greenpeace.org\/mexico\/wp-json\/wp\/v2\/media\/8385"}],"wp:attachment":[{"href":"https:\/\/www.greenpeace.org\/mexico\/wp-json\/wp\/v2\/media?parent=49351"}],"wp:term":[{"taxonomy":"category","embeddable":true,"href":"https:\/\/www.greenpeace.org\/mexico\/wp-json\/wp\/v2\/categories?post=49351"},{"taxonomy":"post_tag","embeddable":true,"href":"https:\/\/www.greenpeace.org\/mexico\/wp-json\/wp\/v2\/tags?post=49351"},{"taxonomy":"p4-page-type","embeddable":true,"href":"https:\/\/www.greenpeace.org\/mexico\/wp-json\/wp\/v2\/p4-page-type?post=49351"}],"curies":[{"name":"wp","href":"https:\/\/api.w.org\/{rel}","templated":true}]}}