{"id":49467,"date":"2021-10-27T11:52:50","date_gmt":"2021-10-27T16:52:50","guid":{"rendered":"https:\/\/www.greenpeace.org\/mexico\/?p=49467"},"modified":"2021-12-01T07:35:30","modified_gmt":"2021-12-01T12:35:30","slug":"que-es-la-cop-y-por-que-es-importante-para-el-medio-ambiente","status":"publish","type":"post","link":"https:\/\/www.greenpeace.org\/mexico\/blog\/49467\/que-es-la-cop-y-por-que-es-importante-para-el-medio-ambiente\/","title":{"rendered":"\u00bfQu\u00e9 es la COP y por qu\u00e9 es importante para el medio ambiente?"},"content":{"rendered":"\n<p>El mundo necesita avanzar a pasos agigantados en la reducci\u00f3n de la temperatura global para la protecci\u00f3n del planeta y el futuro. La COP26 tiene que ser clave para alcanzar este objetivo, te explicamos por qu\u00e9:&nbsp;<\/p>\n\n<p>La Conferencia de las Partes (COP) de la Convenci\u00f3n Marco de las Naciones Unidas sobre Cambio Clim\u00e1tico es un evento que re\u00fane a los \u00f3rganos de negociaci\u00f3n sobre cambio clim\u00e1tico m\u00e1s importantes del mundo.<\/p>\n\n<p>Se realiza a\u00f1o con a\u00f1o y concluye con una toma de decisiones vinculantes para todas las partes que participan, entre ellas los gobiernos de distintos pa\u00edses, los organismos internacionales, las organizaciones no gubernamentales, las y los observadores y los medios de comunicaci\u00f3n.<\/p>\n\n<p>Al cierre de la Conferencia se lleva a cabo una reuni\u00f3n de Alto Nivel, a la que asisten presidentas y presidentes, jefaturas de Estado, as\u00ed como ministras y ministros para discutir \u00fanicamente la problem\u00e1tica del cambio clim\u00e1tico.&nbsp;<\/p>\n\n<p>En 2010, M\u00e9xico fue sede de la COP16, que se realiz\u00f3 en Canc\u00fan, Quintana Roo. Entre los acuerdos obtenidos ah\u00ed se estableci\u00f3 limitar el incremento de la temperatura por debajo de los 2\u00b0, fortalecer el mecanismo de transferencia de tecnolog\u00eda, dise\u00f1ar un marco de adaptaci\u00f3n, implementar estrategias nacionales para REDD+ e implementar el Fondo Verde para el Clima.<\/p>\n\n<p>Cinco a\u00f1os despu\u00e9s, en la COP21 se llevaron a cabo los acuerdos de Par\u00eds, que incluyeron metas de mitigaci\u00f3n y adaptaci\u00f3n al cambio clim\u00e1tico de los pa\u00edses parte, encarnadas en los compromisos nacionalmente determinados (NDC). \u00c9stas son las herramientas que cada pa\u00eds elabora para instrumentar los acuerdos de Par\u00eds de manera nacional.&nbsp;<\/p>\n\n<p>Para este 2021, que corresponde a la COP26, se acord\u00f3 que el evento se llevar\u00eda a cabo en Glasgow, Reino Unido, del 1 al 12 de noviembre de 2021. Esta COP es de suma importancia, ya que se cumple el plazo de reelaboraci\u00f3n de las NDC, as\u00ed los pa\u00edses parte tendr\u00e1n que presentar las metas de descarbonizaci\u00f3n que pongan al mundo en una trayectoria compatible con la meta de limitar el aumento de temperatura en 1.5\u00b0C, esto se vuelve fundamental ya que estos NDC trazar\u00e1n el camino de adaptaci\u00f3n y mitigaci\u00f3n al cambio clim\u00e1tico para la mitad de la d\u00e9cada m\u00e1s cr\u00edtica en cuesti\u00f3n de acci\u00f3n clim\u00e1tica, estos pr\u00f3ximos 5 a\u00f1os ser\u00e1n clave para mantener abierta o cerrar definitivamente la posibilidad de mantenernos por debajo del 1.5\u00b0C.&nbsp;&nbsp;<\/p>\n\n<p>Entre los temas a tratar est\u00e1 presupuesto, energ\u00eda, agua, oc\u00e9anos y zonas costeras, uso de suelo, adaptaci\u00f3n y resiliencia, industria, transporte y otros.&nbsp;&nbsp;<\/p>\n\n<figure class=\"wp-block-image size-large\"><img loading=\"lazy\" decoding=\"async\" width=\"1024\" height=\"768\" src=\"https:\/\/www.greenpeace.org\/static\/planet4-mexico-stateless\/83eca140-gp0sttxt1-1024x768.jpg\" title=\"Una sociedad m\u00e1s informada respecto a los impactos ambientales de su consumo es m\u00e1s activa por un futuro ecol\u00f3gico. \u00a9 V\u00edctor Ceballos \/ Greenpeace.\" alt=\"Una sociedad m\u00e1s informada respecto a los impactos ambientales de su consumo es m\u00e1s activa por un futuro ecol\u00f3gico. \u00a9 V\u00edctor Ceballos \/ Greenpeace.\" class=\"wp-image-9324\"\/><figcaption><div class=\"credit icon-left\"> \u00a9 V\u00edctor Ceballos \/ Greenpeace<\/div><\/figcaption><\/figure>\n\n<p>Desde Greenpeace creemos que el cambio clim\u00e1tico es la mayor amenaza medioambiental a la que se enfrenta nuestro planeta, ya que la comunidad cient\u00edfica advierte que si la temperatura global supera los 1.5\u00b0C, los impactos econ\u00f3micos, sociales, pol\u00edticos, culturales y ambientales perjudicar\u00e1n seriamente a todas las regiones del mundo.&nbsp;<\/p>\n\n<p>En Greenpeace trabajamos para lograr un modelo energ\u00e9tico sostenible y apostamos por una revoluci\u00f3n energ\u00e9tica para reducir el uso de combustibles f\u00f3siles, responsables de la contaminaci\u00f3n del aire que respiramos y de la emisi\u00f3n de gases de efecto invernadero, principales causantes del calentamiento global.\u00a0<\/p>\n\n<h2 class=\"wp-block-heading\">\u00a1Es momento de actuar! Firma:<\/h2>\n\n<!--[if lte IE 8]>\n<script charset=\"utf-8\" type=\"text\/javascript\" src=\"\/\/js.hsforms.net\/forms\/v2-legacy.js\"><\/script>\n<![endif]-->\n<script charset=\"utf-8\" type=\"text\/javascript\" src=\"\/\/js.hsforms.net\/forms\/v2.js\"><\/script>\n<script>\n  hbspt.forms.create({\n\tregion: \"na1\",\n\tportalId: \"2617486\",\n\tformId: \"e3d21cf2-dceb-4bf4-8a75-7e9bb0f9ad96\",\n\tsfdcCampaignId: \"7011P000000op47QAA\",\n\tsubmitButtonClass: 'hs-button',\nonFormReady: function($form, ctx){\nvar paramsp4 = new window.URLSearchParams(window.location.search);\nvar utm_content = paramsp4.get('utm_content');\nif(utm_content == null) {\nvar urlp4 = window.location.href;\nvar fromGPMXBlog = urlp4.includes(\"\/blog\/\");\nif (fromGPMXBlog == true) {\nvar arrayp4 = urlp4.split(\"\/\");\nvar hs_origin = arrayp4[6];\n$('input[name=\"hs_origen__c\"]').val(hs_origin).change();\n$('input[name=\"utm_content\"]').val(hs_origin).change();\n}\n}\n}\n});\n<\/script>\n\t\t\t<section\n\t\t\tclass=\"boxout post-8448 \"\n\t\t\t\n\t\t>\n\t\t\t<a\n\t\t\t\tdata-ga-category=\"Take Action Boxout\"\n\t\t\t\tdata-ga-action=\"Image\"\n\t\t\t\tdata-ga-label=\"n\/a\"\n\t\t\t\tclass=\"cover-card-overlay\"\n\t\t\t\thref=\"https:\/\/www.greenpeace.org\/mexico\/participa\/no-al-bloqueo-de-energias-renovables-en-mexico\/\" \n\t\t\t><\/a>\n\t\t\t\t\t\t\t<img\n\t\t\t\t\t\tsrc=\"https:\/\/www.greenpeace.org\/static\/planet4-mexico-stateless\/2021\/10\/c67b6127-001-1024x638.png\"\n\t\t\t\t\t\tsrcset=\"https:\/\/www.greenpeace.org\/static\/planet4-mexico-stateless\/2021\/10\/c67b6127-001-300x187.png 300w, https:\/\/www.greenpeace.org\/static\/planet4-mexico-stateless\/2021\/10\/c67b6127-001-1024x638.png 1024w, https:\/\/www.greenpeace.org\/static\/planet4-mexico-stateless\/2021\/10\/c67b6127-001-768x479.png 768w, https:\/\/www.greenpeace.org\/static\/planet4-mexico-stateless\/2021\/10\/c67b6127-001-510x318.png 510w, https:\/\/www.greenpeace.org\/static\/planet4-mexico-stateless\/2021\/10\/c67b6127-001.png 1280w\"\n\t\t\t\t\t\tsizes=\"(min-width: 1000px) 358px, (min-width: 780px) 313px, 88px\"\n\t\t\t\t\t\talt=\"\" title=\"\"\n\t\t\t\t\/>\n            \t\t\t<div class=\"boxout-content\">\n\t\t\t\t\t\t\t\t\t<a\n\t\t\t\t\t\tclass=\"boxout-heading medium\"\n\t\t\t\t\t\tdata-ga-category=\"Take Action Boxout\"\n\t\t\t\t\t\tdata-ga-action=\"Title\"\n\t\t\t\t\t\tdata-ga-label=\"n\/a\"\n\t\t\t\t\t\thref=\"https:\/\/www.greenpeace.org\/mexico\/participa\/no-al-bloqueo-de-energias-renovables-en-mexico\/\"\n\t\t\t\t\t\t\n\t\t\t\t\t>\n\t\t\t\t\t\t\u00a1No m\u00e1s combustibles f\u00f3siles!\n\t\t\t\t\t<\/a>\n\t\t\t\t\t\t\t\t\t\t\t\t\t<p class=\"boxout-excerpt\">Que no se prioricen combustibles f\u00f3siles altamente contaminantes como el combust\u00f3leo, el carb\u00f3n y el gas natural para producir la energ\u00eda que necesitamos, sobre fuentes renovables que son m\u00e1s baratas y ayudan a combatir el cambio clim\u00e1tico.<\/p>\n\t\t\t\t                                    <a\n                        class=\"btn btn-primary\"\n                        data-ga-category=\"Take Action Boxout\"\n                        data-ga-action=\"Call to Action\"\n                        data-ga-label=\"n\/a\"\n                        href=\"https:\/\/www.greenpeace.org\/mexico\/participa\/no-al-bloqueo-de-energias-renovables-en-mexico\/\"\n                        \n                    >\n                        Participa\n                    <\/a>\n                \t\t\t<\/div>\n\t\t\t\t\t<\/section>\n\t","protected":false},"excerpt":{"rendered":"<p>La Conferencia de las Partes (COP) sobre Cambio Clim\u00e1tico es un evento que re\u00fane a los \u00f3rganos de negociaci\u00f3n sobre cambio clim\u00e1tico m\u00e1s importantes del mundo.<\/p>\n","protected":false},"author":29,"featured_media":9490,"comment_status":"open","ping_status":"open","sticky":false,"template":"","format":"standard","meta":{"ep_exclude_from_search":false,"p4_og_title":"","p4_og_description":"","p4_og_image":"","p4_og_image_id":"","p4_seo_canonical_url":"","p4_campaign_name":"not set","p4_local_project":"not set","p4_basket_name":"not set","p4_department":"","footnotes":""},"categories":[2],"tags":[],"p4-page-type":[14],"class_list":["post-49467","post","type-post","status-publish","format-standard","has-post-thumbnail","hentry","category-cambio-climatico","p4-page-type-blog"],"_links":{"self":[{"href":"https:\/\/www.greenpeace.org\/mexico\/wp-json\/wp\/v2\/posts\/49467","targetHints":{"allow":["GET"]}}],"collection":[{"href":"https:\/\/www.greenpeace.org\/mexico\/wp-json\/wp\/v2\/posts"}],"about":[{"href":"https:\/\/www.greenpeace.org\/mexico\/wp-json\/wp\/v2\/types\/post"}],"author":[{"embeddable":true,"href":"https:\/\/www.greenpeace.org\/mexico\/wp-json\/wp\/v2\/users\/29"}],"replies":[{"embeddable":true,"href":"https:\/\/www.greenpeace.org\/mexico\/wp-json\/wp\/v2\/comments?post=49467"}],"version-history":[{"count":2,"href":"https:\/\/www.greenpeace.org\/mexico\/wp-json\/wp\/v2\/posts\/49467\/revisions"}],"predecessor-version":[{"id":49646,"href":"https:\/\/www.greenpeace.org\/mexico\/wp-json\/wp\/v2\/posts\/49467\/revisions\/49646"}],"wp:featuredmedia":[{"embeddable":true,"href":"https:\/\/www.greenpeace.org\/mexico\/wp-json\/wp\/v2\/media\/9490"}],"wp:attachment":[{"href":"https:\/\/www.greenpeace.org\/mexico\/wp-json\/wp\/v2\/media?parent=49467"}],"wp:term":[{"taxonomy":"category","embeddable":true,"href":"https:\/\/www.greenpeace.org\/mexico\/wp-json\/wp\/v2\/categories?post=49467"},{"taxonomy":"post_tag","embeddable":true,"href":"https:\/\/www.greenpeace.org\/mexico\/wp-json\/wp\/v2\/tags?post=49467"},{"taxonomy":"p4-page-type","embeddable":true,"href":"https:\/\/www.greenpeace.org\/mexico\/wp-json\/wp\/v2\/p4-page-type?post=49467"}],"curies":[{"name":"wp","href":"https:\/\/api.w.org\/{rel}","templated":true}]}}