{"id":49585,"date":"2021-11-22T11:47:35","date_gmt":"2021-11-22T16:47:35","guid":{"rendered":"https:\/\/www.greenpeace.org\/mexico\/?p=49585"},"modified":"2025-06-25T16:08:13","modified_gmt":"2025-06-25T21:08:13","slug":"se-parte-del-greenfest-menos-cosas-mas-musica","status":"publish","type":"post","link":"https:\/\/www.greenpeace.org\/mexico\/informacion-prensa\/49585\/se-parte-del-greenfest-menos-cosas-mas-musica\/","title":{"rendered":"S\u00e9 parte del Greenfest \u00a1menos cosas, m\u00e1s m\u00fasica!"},"content":{"rendered":"\n<p><strong>Ciudad de M\u00e9xico, 22 de noviembre de 2021.<\/strong>&#8211; En Greenpeace M\u00e9xico estamos trabajando para crear un mundo m\u00e1s feliz: m\u00e1s sustentable, m\u00e1s justo, m\u00e1s disfrutable. Los momentos de crisis de salud, econ\u00f3mica y ambiental que estamos viviendo como humanidad nos est\u00e1n ense\u00f1ando muchas cosas y son una valiosa oportunidad de cambio.\u00a0<\/p>\n\n<p>Por mucho tiempo nos han hecho creer que tener es m\u00e1s importante que ser, dicho de otra forma, que somos lo que poseemos, que las compras dan la felicidad o al menos curan la depresi\u00f3n, que estar a la moda te hace mejor persona y varias otras mentiras que tienen impactos muy negativos: primero, en nuestra salud emocional ya que quienes no pueden cubrir esas necesidades creadas por la mercadotecnia se enfrentan a sentimientos de frustraci\u00f3n;&nbsp; y segundo, en la salud del planeta ya que el consumismo es sin\u00f3nimo de sobreexplotaci\u00f3n de recursos naturales, contaminaci\u00f3n y calentamiento global.&nbsp;<\/p>\n\n<p>Esto tiene que cambiar. Es por eso que Greenpeace&nbsp; busca crear experiencias alternativas y por medio del lenguaje musical llegar a todas las personas para que se unan a nuestro movimiento \u201cmenos cosas, m\u00e1s m\u00fasica\u201d.&nbsp;<\/p>\n\n<figure class=\"wp-block-image size-full\"><img loading=\"lazy\" decoding=\"async\" width=\"1024\" height=\"1024\" src=\"https:\/\/www.greenpeace.org\/static\/planet4-mexico-stateless\/2025\/06\/5522b9f0-greenfest.jpg\" title=\"Cartel de presentaci\u00f3n del &quot;Greenfest&quot; organizado por Greenpeace M\u00e9xico.\" alt=\"Cartel de presentaci\u00f3n del &quot;Greenfest&quot; organizado por Greenpeace M\u00e9xico.\" class=\"wp-image-58645\" srcset=\"https:\/\/www.greenpeace.org\/static\/planet4-mexico-stateless\/2025\/06\/5522b9f0-greenfest.jpg 1024w, https:\/\/www.greenpeace.org\/static\/planet4-mexico-stateless\/2025\/06\/5522b9f0-greenfest-300x300.jpg 300w, https:\/\/www.greenpeace.org\/static\/planet4-mexico-stateless\/2025\/06\/5522b9f0-greenfest-150x150.jpg 150w, https:\/\/www.greenpeace.org\/static\/planet4-mexico-stateless\/2025\/06\/5522b9f0-greenfest-768x768.jpg 768w, https:\/\/www.greenpeace.org\/static\/planet4-mexico-stateless\/2025\/06\/5522b9f0-greenfest-340x340.jpg 340w\" sizes=\"auto, (max-width: 1024px) 100vw, 1024px\" \/><\/figure>\n\n<p>&nbsp;Los invitamos a ser parte del primer festival de m\u00fasica digital por un consumo responsable -el pr\u00f3ximo s\u00e1bado 27 de noviembre de 2021, a las 18:00 horas- en el que contaremos con la m\u00fasica de Santa Fe Klan, Vivir Quintana, LNGSHT, Pahua y Veralux.&nbsp;<\/p>\n\n<p>&nbsp;\u201cMe alegra ser parte de este festival y poder alzar mi voz para que sea escuchada no solo con mi m\u00fasica, tambi\u00e9n con un mensaje urgente: todos estamos acostumbrados a consumir un mont\u00f3n de cosas durante el d\u00eda y sabemos que podemos tener responsabilidad sobre eso: desde&nbsp; nuestras materias primas, de c\u00f3mo hacer composta, de c\u00f3mo hacer bien la separaci\u00f3n de residuos,&nbsp; de utilizar menos pl\u00e1sticos o hasta consumir mucho menos carne. Son ciertos detalles b\u00e1sicos que podemos hacer en nuestro d\u00eda a d\u00eda y que va a traer un beneficio para todos nosotros ya que eso va a hacer que nuestro planeta siga existiendo\u201d&nbsp; dijo Pahua.&nbsp;<\/p>\n\n<p>Nuestro modelo econ\u00f3mico actual de \u201cextraer recursos naturales, fabricar &#8211; productos, comprar productos innecesarios o altamente contaminantes,&nbsp; usarlos y finalmente tirarlos ya no es viable. Tenemos que cambiar los patrones de producci\u00f3n en masa y consumo excesivo porque est\u00e1n acabando con nuestro planeta. Para ello, debemos transitar a un consumo responsable donde nuestras decisiones se basen en qu\u00e9 tan ecol\u00f3gico y socialmente justo es aquello que deseamos consumir. Un consumo consciente que tambi\u00e9n nos permita pasar de consumidores irreflexivos a personas pol\u00edticamente activas que demandan a las empresas y gobiernos formas alternativas de producir y consumir que pongan la sostenibilidad de la vida en el planeta en el centro, no las ganancias de unos cuantos\u201d, se\u00f1al\u00f3 Ornela Garelli, especialista en consumo responsable y cambio clim\u00e1tico de Greenpeace M\u00e9xico.&nbsp;<\/p>\n\n<p>Los datos del sobreconsumo hablan por s\u00ed mismos: actualmente se extraen y emplean alrededor de un 50% m\u00e1s de recursos naturales que hace 30 a\u00f1os, una media de 60 mil millones de toneladas de materias primas al a\u00f1o (1), el valor del mercado del e-commerce en 2020 fue de 316 mil millones de pesos, un alza de 81 por ciento respecto a 2019 (2) y cada persona compra un 60% m\u00e1s de prendas de ropa que hace 15 a\u00f1os (inicio 2000) y las conserva la mitad de tiempo, 40% de esas prendas casi nunca o nunca se usan (3).<\/p>\n\n<p>Desde Greenpeace invitamos a la ciudadan\u00eda a buscar formas alternativas de consumir, por ejemplo, a trav\u00e9s del trueque o intercambio con amigos y amigas, la adquisici\u00f3n de art\u00edculos de segunda mano como libros o zapatos, o la renta o pr\u00e9stamos de objetos que necesitamos pero que no necesariamente debemos comprar (como bicicletas, vestidos de fiesta, etc.). Podemos consumir y satisfacer nuestras necesidades sin comprar cosas nuevas. Otra gran idea es reparar y reacondicionar lo que ya tenemos en casa para extender su vida \u00fatil. No desechar, sino reparar.<\/p>\n\n<p>\u201cA veces no pensamos en que cada una de nuestras compras tiene un efecto y puede que no sea&nbsp; c\u00f3modo ni f\u00e1cil hacernos responsables de estas decisiones pero es necesario, por eso hoy queremos hacer un llamado a la acci\u00f3n: amigos los&nbsp; invitamos a tener un consumo responsable,&nbsp; por favor, chequen los aparatos que tienen, chequen todo lo que ustedes poseen, a veces no es necesario estar comprando tantas cosas nuevas cuando lo que ya tenemos nos funciona muy bien, no gasten no despilfarren, vamos a tener un consumo responsable, porque juntos podemos hacer el cambio, recuerden \u00a1menos cosas, m\u00e1s m\u00fasica!\u201d, afirm\u00f3 Veralux, este comprometido dueto, creador del Himno a Greenpeace que dar\u00e1n a conocer durante el Greenfest.<\/p>\n\n<p>En conferencia de prensa, los artistas y Greenpeace invitaron a a sumarse al Greenfest para aprender m\u00e1s de lo que podemos hacer desde nuestras decisiones de compra para salvar al planeta mientras disfrutan&nbsp;de la m\u00fasica.&nbsp;<\/p>\n\n<p><strong>El GreenFest es gratuito y para ser parte de solo tienes que registrarte en <\/strong><a href=\"http:\/\/greenpeace.boletia.com\/\" target=\"_blank\" rel=\"noreferrer noopener\"><strong>Greenpeace.boletia.com<\/strong><\/a><strong>\u00a0<\/strong><\/p>\n\n<p>Notas<\/p>\n\n<ol class=\"wp-block-list\">\n<li>\u00a0<a href=\"https:\/\/www.tierra.org\/un-mundo-de-bajo-consumo\/2-recursosnaturales.html\" target=\"_blank\" rel=\"noreferrer noopener\">https:\/\/www.tierra.org\/un-mundo-de-bajo-consumo\/2-recursosnaturales.html<\/a><\/li>\n\n\n\n<li>Publicado en <a href=\"https:\/\/www.reforma.com\/aplicacioneslibre\/preacceso\/articulo\/default.aspx?__rval=1&amp;urlredirect=https:\/\/www.reforma.com\/es-desigual-avance-del-e-commerce-en-mexico\/ar2272050?utm_source=bcm_nl_coronavirus_reforma&amp;utm_medium=email&amp;utm_campaign=nl_coronavirus_reforma_20211006&amp;utm_term=usr_registrado&amp;referer=--7d616165662f3a3a726760657a6770737a6778743b6770737a6778743b767a783a--\" target=\"_blank\" rel=\"noreferrer noopener\">https:\/\/www.reforma.com\/aplicacioneslibre\/preacceso\/articulo\/default.aspx?__rval=1&amp;urlredirect=https:\/\/www.reforma.com\/es-desigual-avance-del-e-commerce-en-mexico\/ar2272050?utm_source=bcm_nl_coronavirus_reforma&amp;utm_medium=email&amp;utm_campaign=nl_coronavirus_reforma_20211006&amp;utm_term=usr_registrado&amp;referer=&#8211;7d616165662f3a3a726760657a6770737a6778743b6770737a6778743b767a783a&#8211;<\/a><\/li>\n\n\n\n<li>Consulta.<a href=\"http:\/\/archivo-es.greenpeace.org\/espana\/es\/Blog\/revoluciona-la-moda-cambia-tu-consumo-cambia-\/blog\/59250\/\" target=\"_blank\" rel=\"noreferrer noopener\">http:\/\/archivo-es.greenpeace.org\/espana\/es\/Blog\/revoluciona-la-moda-cambia-tu-consumo-cambia-\/blog\/59250\/<\/a><\/li>\n<\/ol>\n\t\t\t<section\n\t\t\tclass=\"boxout post-518 \"\n\t\t\t\n\t\t>\n\t\t\t<a\n\t\t\t\tdata-ga-category=\"Take Action Boxout\"\n\t\t\t\tdata-ga-action=\"Image\"\n\t\t\t\tdata-ga-label=\"n\/a\"\n\t\t\t\tclass=\"cover-card-overlay\"\n\t\t\t\thref=\"https:\/\/www.greenpeace.org\/mexico\/participa\/apoyanos\/\" \n\t\t\t><\/a>\n\t\t\t\t\t\t\t<img\n\t\t\t\t\t\tsrc=\"https:\/\/www.greenpeace.org\/static\/planet4-mexico-stateless\/2018\/10\/2d21d92f-gp0stsba7-1024x683.jpg\"\n\t\t\t\t\t\tsrcset=\"https:\/\/www.greenpeace.org\/static\/planet4-mexico-stateless\/2018\/10\/2d21d92f-gp0stsba7-300x200.jpg 300w, https:\/\/www.greenpeace.org\/static\/planet4-mexico-stateless\/2018\/10\/2d21d92f-gp0stsba7-768x512.jpg 768w, https:\/\/www.greenpeace.org\/static\/planet4-mexico-stateless\/2018\/10\/2d21d92f-gp0stsba7-1024x683.jpg 1024w, https:\/\/www.greenpeace.org\/static\/planet4-mexico-stateless\/2018\/10\/2d21d92f-gp0stsba7-510x340.jpg 510w\"\n\t\t\t\t\t\tsizes=\"(min-width: 1000px) 358px, (min-width: 780px) 313px, 88px\"\n\t\t\t\t\t\talt=\"Clean-up and Brand Audit Activity at Miramar Beach in Mexico.\" title=\"Clean-up and Brand Audit Activity at Miramar Beach in Mexico.\"\n\t\t\t\t\/>\n            \t\t\t<div class=\"boxout-content\">\n\t\t\t\t\t\t\t\t\t<a\n\t\t\t\t\t\tclass=\"boxout-heading medium\"\n\t\t\t\t\t\tdata-ga-category=\"Take Action Boxout\"\n\t\t\t\t\t\tdata-ga-action=\"Title\"\n\t\t\t\t\t\tdata-ga-label=\"n\/a\"\n\t\t\t\t\t\thref=\"https:\/\/www.greenpeace.org\/mexico\/participa\/apoyanos\/\"\n\t\t\t\t\t\t\n\t\t\t\t\t>\n\t\t\t\t\t\t\u00a1Ap\u00f3yanos!\n\t\t\t\t\t<\/a>\n\t\t\t\t\t\t\t\t\t\t\t\t\t<p class=\"boxout-excerpt\">Gracias a tu donativo podemos seguir luchando por el planeta.<\/p>\n\t\t\t\t                                    <a\n                        class=\"btn btn-primary\"\n                        data-ga-category=\"Take Action Boxout\"\n                        data-ga-action=\"Call to Action\"\n                        data-ga-label=\"n\/a\"\n                        href=\"https:\/\/www.greenpeace.org\/mexico\/participa\/apoyanos\/\"\n                        \n                    >\n                        Participa\n                    <\/a>\n                \t\t\t<\/div>\n\t\t\t\t\t<\/section>\n\t","protected":false},"excerpt":{"rendered":"<p>Greenfest promueve el consumo responsable con m\u00fasica y activismo. \u00a1\u00danete al festival digital y elige menos cosas, m\u00e1s m\u00fasica!<\/p>\n","protected":false},"author":24,"featured_media":49586,"comment_status":"open","ping_status":"open","sticky":false,"template":"","format":"standard","meta":{"ep_exclude_from_search":false,"p4_og_title":"S\u00e9 parte del Greenfest \u00a1menos cosas, m\u00e1s m\u00fasica!","p4_og_description":"Greenfest promueve el consumo responsable con m\u00fasica y activismo. \u00a1\u00danete al festival digital y elige menos cosas, m\u00e1s m\u00fasica!","p4_og_image":"https:\/\/www.greenpeace.org\/static\/planet4-mexico-stateless\/2025\/06\/5522b9f0-greenfest.jpg","p4_og_image_id":"58645","p4_seo_canonical_url":"","p4_campaign_name":"not set","p4_local_project":"not set","p4_basket_name":"not set","p4_department":"","footnotes":""},"categories":[46],"tags":[20,21],"p4-page-type":[16],"class_list":["post-49585","post","type-post","status-publish","format-standard","has-post-thumbnail","hentry","category-por-definir","tag-consumo","tag-activismo","p4-page-type-informacion-prensa"],"_links":{"self":[{"href":"https:\/\/www.greenpeace.org\/mexico\/wp-json\/wp\/v2\/posts\/49585","targetHints":{"allow":["GET"]}}],"collection":[{"href":"https:\/\/www.greenpeace.org\/mexico\/wp-json\/wp\/v2\/posts"}],"about":[{"href":"https:\/\/www.greenpeace.org\/mexico\/wp-json\/wp\/v2\/types\/post"}],"author":[{"embeddable":true,"href":"https:\/\/www.greenpeace.org\/mexico\/wp-json\/wp\/v2\/users\/24"}],"replies":[{"embeddable":true,"href":"https:\/\/www.greenpeace.org\/mexico\/wp-json\/wp\/v2\/comments?post=49585"}],"version-history":[{"count":6,"href":"https:\/\/www.greenpeace.org\/mexico\/wp-json\/wp\/v2\/posts\/49585\/revisions"}],"predecessor-version":[{"id":58646,"href":"https:\/\/www.greenpeace.org\/mexico\/wp-json\/wp\/v2\/posts\/49585\/revisions\/58646"}],"wp:featuredmedia":[{"embeddable":true,"href":"https:\/\/www.greenpeace.org\/mexico\/wp-json\/wp\/v2\/media\/49586"}],"wp:attachment":[{"href":"https:\/\/www.greenpeace.org\/mexico\/wp-json\/wp\/v2\/media?parent=49585"}],"wp:term":[{"taxonomy":"category","embeddable":true,"href":"https:\/\/www.greenpeace.org\/mexico\/wp-json\/wp\/v2\/categories?post=49585"},{"taxonomy":"post_tag","embeddable":true,"href":"https:\/\/www.greenpeace.org\/mexico\/wp-json\/wp\/v2\/tags?post=49585"},{"taxonomy":"p4-page-type","embeddable":true,"href":"https:\/\/www.greenpeace.org\/mexico\/wp-json\/wp\/v2\/p4-page-type?post=49585"}],"curies":[{"name":"wp","href":"https:\/\/api.w.org\/{rel}","templated":true}]}}