{"id":50192,"date":"2021-12-10T15:15:26","date_gmt":"2021-12-10T20:15:26","guid":{"rendered":"https:\/\/www.greenpeace.org\/mexico\/?p=50192"},"modified":"2025-06-25T13:16:25","modified_gmt":"2025-06-25T18:16:25","slug":"los-bosques-el-corazon-del-planeta","status":"publish","type":"post","link":"https:\/\/www.greenpeace.org\/mexico\/blog\/50192\/los-bosques-el-corazon-del-planeta\/","title":{"rendered":"Los bosques: El coraz\u00f3n del planeta"},"content":{"rendered":"\n<p>Los bosques son uno de los ecosistemas m\u00e1s interesantes del planeta: cubren un tercio de la superficie terrestre y albergan m\u00e1s de la mitad de especies animales y vegetales a nivel mundial.<\/p>\n\n<p>Una restauraci\u00f3n y gesti\u00f3n sostenibles son vitales para afrontar la crisis clim\u00e1tica y de biodiversidad. Te presentamos datos que quiz\u00e1s no conoc\u00edas y c\u00f3mo puedes entablar una relaci\u00f3n m\u00e1s cercana con ellos, incluyendo un kit con todo lo que necesitas para acampar en el bosque.<\/p>\n\n<h2 class=\"wp-block-heading\">Descarga el material aqu\u00ed:<\/h2>\n\n<!--[if lte IE 8]>\n<script charset=\"utf-8\" type=\"text\/javascript\" src=\"\/\/js.hsforms.net\/forms\/v2-legacy.js\"><\/script>\n<![endif]-->\n<script charset=\"utf-8\" type=\"text\/javascript\" src=\"\/\/js.hsforms.net\/forms\/v2.js\"><\/script>\n<script>\n  hbspt.forms.create({\nregion: \"na1\",\nportalId: \"2617486\",\nformId: \"411e2dc5-0f96-4212-a942-051906338b5f\",\nsfdcCampaignId: \"7011P000001VnacQAC\",\nsubmitButtonClass: 'hs-button',\nonFormReady: function($form, ctx){\nvar paramsp4 = new window.URLSearchParams(window.location.search);\nvar utm_content = paramsp4.get('utm_content');\nif(utm_content == null) {\nvar urlp4 = window.location.href;\nvar fromGPMXBlog = urlp4.includes(\"\/blog\/\");\nif (fromGPMXBlog == true) {\nvar arrayp4 = urlp4.split(\"\/\");\nvar hs_origin = arrayp4[6];\n$('input[name=\"hs_origen__c\"]').val(hs_origin).change();\n$('input[name=\"utm_content\"]').val(hs_origin).change();\n}\n}\n}\n});\n<\/script>\n\n<p><\/p>\n\t\t\t<section\n\t\t\tclass=\"boxout post-3769 \"\n\t\t\t\n\t\t>\n\t\t\t<a\n\t\t\t\tdata-ga-category=\"Take Action Boxout\"\n\t\t\t\tdata-ga-action=\"Image\"\n\t\t\t\tdata-ga-label=\"n\/a\"\n\t\t\t\tclass=\"cover-card-overlay\"\n\t\t\t\thref=\"https:\/\/www.greenpeace.org\/mexico\/participa\/mi-dieta-salva-el-planeta\/\" \n\t\t\t><\/a>\n\t\t\t\t\t\t\t<img\n\t\t\t\t\t\tsrc=\"https:\/\/www.greenpeace.org\/static\/planet4-mexico-stateless\/2020\/01\/eb68e53e-avatar2-1024x1024.png\"\n\t\t\t\t\t\tsrcset=\"https:\/\/www.greenpeace.org\/static\/planet4-mexico-stateless\/2020\/01\/eb68e53e-avatar2-300x300.png 300w, https:\/\/www.greenpeace.org\/static\/planet4-mexico-stateless\/2020\/01\/eb68e53e-avatar2-1024x1024.png 1024w, https:\/\/www.greenpeace.org\/static\/planet4-mexico-stateless\/2020\/01\/eb68e53e-avatar2-150x150.png 150w, https:\/\/www.greenpeace.org\/static\/planet4-mexico-stateless\/2020\/01\/eb68e53e-avatar2-768x768.png 768w, https:\/\/www.greenpeace.org\/static\/planet4-mexico-stateless\/2020\/01\/eb68e53e-avatar2-1536x1536.png 1536w, https:\/\/www.greenpeace.org\/static\/planet4-mexico-stateless\/2020\/01\/eb68e53e-avatar2-1366x1366.png 1366w, https:\/\/www.greenpeace.org\/static\/planet4-mexico-stateless\/2020\/01\/eb68e53e-avatar2-340x340.png 340w, https:\/\/www.greenpeace.org\/static\/planet4-mexico-stateless\/2020\/01\/eb68e53e-avatar2.png 1876w\"\n\t\t\t\t\t\tsizes=\"(min-width: 1000px) 358px, (min-width: 780px) 313px, 88px\"\n\t\t\t\t\t\talt=\"\" title=\"\"\n\t\t\t\t\/>\n            \t\t\t<div class=\"boxout-content\">\n\t\t\t\t\t\t\t\t\t<a\n\t\t\t\t\t\tclass=\"boxout-heading medium\"\n\t\t\t\t\t\tdata-ga-category=\"Take Action Boxout\"\n\t\t\t\t\t\tdata-ga-action=\"Title\"\n\t\t\t\t\t\tdata-ga-label=\"n\/a\"\n\t\t\t\t\t\thref=\"https:\/\/www.greenpeace.org\/mexico\/participa\/mi-dieta-salva-el-planeta\/\"\n\t\t\t\t\t\t\n\t\t\t\t\t>\n\t\t\t\t\t\tMi dieta salva el planeta\n\t\t\t\t\t<\/a>\n\t\t\t\t\t\t\t\t\t\t\t\t\t<p class=\"boxout-excerpt\">Tu alimentaci\u00f3n y reducci\u00f3n de consumo de carne puede salvar el planeta<\/p>\n\t\t\t\t                                    <a\n                        class=\"btn btn-primary\"\n                        data-ga-category=\"Take Action Boxout\"\n                        data-ga-action=\"Call to Action\"\n                        data-ga-label=\"n\/a\"\n                        href=\"https:\/\/www.greenpeace.org\/mexico\/participa\/mi-dieta-salva-el-planeta\/\"\n                        \n                    >\n                        Participa\n                    <\/a>\n                \t\t\t<\/div>\n\t\t\t\t\t<\/section>\n\t","protected":false},"excerpt":{"rendered":"<p>Los bosques albergan gran parte de la vida del planeta. Con\u00f3celos mejor y descarga un kit para reconectar con la naturaleza de forma responsable.<\/p>\n","protected":false},"author":29,"featured_media":50194,"comment_status":"open","ping_status":"open","sticky":false,"template":"","format":"standard","meta":{"ep_exclude_from_search":false,"p4_og_title":"Los bosques: El coraz\u00f3n del planeta","p4_og_description":"Los bosques albergan gran parte de la vida del planeta. Con\u00f3celos mejor y descarga un kit para reconectar con la naturaleza de forma responsable.","p4_og_image":"https:\/\/www.greenpeace.org\/static\/planet4-mexico-stateless\/2021\/12\/170aee6e-los-bosques-edited.png","p4_og_image_id":"50194","p4_seo_canonical_url":"","p4_campaign_name":"not set","p4_local_project":"not set","p4_basket_name":"not set","p4_department":"","footnotes":""},"categories":[46],"tags":[19,70],"p4-page-type":[14],"class_list":["post-50192","post","type-post","status-publish","format-standard","has-post-thumbnail","hentry","category-por-definir","tag-deforestacion","tag-tips-y-guias","p4-page-type-blog"],"_links":{"self":[{"href":"https:\/\/www.greenpeace.org\/mexico\/wp-json\/wp\/v2\/posts\/50192","targetHints":{"allow":["GET"]}}],"collection":[{"href":"https:\/\/www.greenpeace.org\/mexico\/wp-json\/wp\/v2\/posts"}],"about":[{"href":"https:\/\/www.greenpeace.org\/mexico\/wp-json\/wp\/v2\/types\/post"}],"author":[{"embeddable":true,"href":"https:\/\/www.greenpeace.org\/mexico\/wp-json\/wp\/v2\/users\/29"}],"replies":[{"embeddable":true,"href":"https:\/\/www.greenpeace.org\/mexico\/wp-json\/wp\/v2\/comments?post=50192"}],"version-history":[{"count":10,"href":"https:\/\/www.greenpeace.org\/mexico\/wp-json\/wp\/v2\/posts\/50192\/revisions"}],"predecessor-version":[{"id":58617,"href":"https:\/\/www.greenpeace.org\/mexico\/wp-json\/wp\/v2\/posts\/50192\/revisions\/58617"}],"wp:featuredmedia":[{"embeddable":true,"href":"https:\/\/www.greenpeace.org\/mexico\/wp-json\/wp\/v2\/media\/50194"}],"wp:attachment":[{"href":"https:\/\/www.greenpeace.org\/mexico\/wp-json\/wp\/v2\/media?parent=50192"}],"wp:term":[{"taxonomy":"category","embeddable":true,"href":"https:\/\/www.greenpeace.org\/mexico\/wp-json\/wp\/v2\/categories?post=50192"},{"taxonomy":"post_tag","embeddable":true,"href":"https:\/\/www.greenpeace.org\/mexico\/wp-json\/wp\/v2\/tags?post=50192"},{"taxonomy":"p4-page-type","embeddable":true,"href":"https:\/\/www.greenpeace.org\/mexico\/wp-json\/wp\/v2\/p4-page-type?post=50192"}],"curies":[{"name":"wp","href":"https:\/\/api.w.org\/{rel}","templated":true}]}}