{"id":50413,"date":"2022-02-18T13:55:21","date_gmt":"2022-02-18T18:55:21","guid":{"rendered":"https:\/\/www.greenpeace.org\/mexico\/?p=50413"},"modified":"2025-06-23T11:40:27","modified_gmt":"2025-06-23T16:40:27","slug":"fallo-historico-de-scjn-contra-mineras","status":"publish","type":"post","link":"https:\/\/www.greenpeace.org\/mexico\/informacion-prensa\/50413\/fallo-historico-de-scjn-contra-mineras\/","title":{"rendered":"Fallo hist\u00f3rico de SCJN contra mineras"},"content":{"rendered":"\n<p>Ciudad de M\u00e9xico, 18 de febrero de 2022.- &nbsp;Por primera vez, comunidades ind\u00edgenas ganan juicio a mineras lo que representa un importante precedente para la lucha por la justicia social y ambiental en M\u00e9xico.<\/p>\n\n<figure class=\"wp-block-image size-large\"><img loading=\"lazy\" decoding=\"async\" width=\"1024\" height=\"683\" src=\"https:\/\/www.greenpeace.org\/static\/planet4-mexico-stateless\/2025\/06\/3117417e-mineria-selva-maya-1024x683.jpg\" title=\"Vista a\u00e9rea de la mina Sacan Kuchel, Samahil Yucat\u00e1n.\" alt=\"Vista a\u00e9rea de la mina Sacan Kuchel, Samahil Yucat\u00e1n.\" class=\"wp-image-57255\" srcset=\"https:\/\/www.greenpeace.org\/static\/planet4-mexico-stateless\/2025\/06\/3117417e-mineria-selva-maya-1024x683.jpg 1024w, https:\/\/www.greenpeace.org\/static\/planet4-mexico-stateless\/2025\/06\/3117417e-mineria-selva-maya-300x200.jpg 300w, https:\/\/www.greenpeace.org\/static\/planet4-mexico-stateless\/2025\/06\/3117417e-mineria-selva-maya-768x512.jpg 768w, https:\/\/www.greenpeace.org\/static\/planet4-mexico-stateless\/2025\/06\/3117417e-mineria-selva-maya-510x340.jpg 510w, https:\/\/www.greenpeace.org\/static\/planet4-mexico-stateless\/2025\/06\/3117417e-mineria-selva-maya.jpg 1200w\" sizes=\"auto, (max-width: 1024px) 100vw, 1024px\" \/><\/figure>\n\n<p>En un fallo hist\u00f3rico, La Primera Sala de la Suprema Corte de Justicia de la Naci\u00f3n (SCJN) resolvi\u00f3 el Amparo en Revisi\u00f3n 134\/2021 y reconoci\u00f3 la violaci\u00f3n al derecho a la consulta y al consentimiento ind\u00edgena <em>en<\/em>&nbsp;el caso de la Comunidad Nahua y Ejido de Tecoltemi&nbsp;\u00ad\u00ad\u00ad\u00ad\u00ad\u00adordenando la cancelaci\u00f3n de dos concesiones mineras.<\/p>\n\n<p>Con esta sentencia, la SCJN reafirma que antes de haberse emitido una concesi\u00f3n minera, el Estado Mexicano deb\u00eda haber cumplido con su obligaci\u00f3n de consulta y de obtenci\u00f3n del consentimiento conforme lo ya establecido en el marco de derechos humanos de pueblos ind\u00edgenas.<\/p>\n\n<p>Greenpeace celebra esta decisi\u00f3n de la Corte y hace un llamado a esta instancia a continuar en la construcci\u00f3n de un mundo m\u00e1s verde y m\u00e1s justo y revisar la alerta formulada por las comunidades en torno a que la Ley Minera, al dar preferencia a las actividades mineras, viola el derecho a la tierra y al territorio de los pueblos ind\u00edgenas, as\u00ed como el derecho a la propiedad de los ejidos. Es tiempo de seguir haciendo historia.  <\/p>\n","protected":false},"excerpt":{"rendered":"<p>La SCJN reconoce violaciones a derechos ind\u00edgenas y cancela concesiones mineras en Tecoltemi, marcando un precedente hist\u00f3rico por justicia ambiental.<\/p>\n","protected":false},"author":24,"featured_media":50182,"comment_status":"open","ping_status":"open","sticky":false,"template":"","format":"standard","meta":{"ep_exclude_from_search":false,"p4_og_title":"Fallo hist\u00f3rico de SCJN contra mineras","p4_og_description":"La SCJN reconoce violaciones a derechos ind\u00edgenas y cancela concesiones mineras en Tecoltemi, marcando un precedente hist\u00f3rico por justicia ambiental.","p4_og_image":"https:\/\/www.greenpeace.org\/static\/planet4-mexico-stateless\/2021\/12\/439377cc-deforestacion-por-mineri\u0301a-amapa\u0301-brazil.jpg","p4_og_image_id":"50182","p4_seo_canonical_url":"","p4_campaign_name":"not set","p4_local_project":"not set","p4_basket_name":"not set","p4_department":"","footnotes":""},"categories":[46],"tags":[49,62],"p4-page-type":[16],"class_list":["post-50413","post","type-post","status-publish","format-standard","has-post-thumbnail","hentry","category-por-definir","tag-derechos-humanos","tag-victorias","p4-page-type-informacion-prensa"],"_links":{"self":[{"href":"https:\/\/www.greenpeace.org\/mexico\/wp-json\/wp\/v2\/posts\/50413","targetHints":{"allow":["GET"]}}],"collection":[{"href":"https:\/\/www.greenpeace.org\/mexico\/wp-json\/wp\/v2\/posts"}],"about":[{"href":"https:\/\/www.greenpeace.org\/mexico\/wp-json\/wp\/v2\/types\/post"}],"author":[{"embeddable":true,"href":"https:\/\/www.greenpeace.org\/mexico\/wp-json\/wp\/v2\/users\/24"}],"replies":[{"embeddable":true,"href":"https:\/\/www.greenpeace.org\/mexico\/wp-json\/wp\/v2\/comments?post=50413"}],"version-history":[{"count":3,"href":"https:\/\/www.greenpeace.org\/mexico\/wp-json\/wp\/v2\/posts\/50413\/revisions"}],"predecessor-version":[{"id":57257,"href":"https:\/\/www.greenpeace.org\/mexico\/wp-json\/wp\/v2\/posts\/50413\/revisions\/57257"}],"wp:featuredmedia":[{"embeddable":true,"href":"https:\/\/www.greenpeace.org\/mexico\/wp-json\/wp\/v2\/media\/50182"}],"wp:attachment":[{"href":"https:\/\/www.greenpeace.org\/mexico\/wp-json\/wp\/v2\/media?parent=50413"}],"wp:term":[{"taxonomy":"category","embeddable":true,"href":"https:\/\/www.greenpeace.org\/mexico\/wp-json\/wp\/v2\/categories?post=50413"},{"taxonomy":"post_tag","embeddable":true,"href":"https:\/\/www.greenpeace.org\/mexico\/wp-json\/wp\/v2\/tags?post=50413"},{"taxonomy":"p4-page-type","embeddable":true,"href":"https:\/\/www.greenpeace.org\/mexico\/wp-json\/wp\/v2\/p4-page-type?post=50413"}],"curies":[{"name":"wp","href":"https:\/\/api.w.org\/{rel}","templated":true}]}}