{"id":50453,"date":"2022-02-23T12:51:50","date_gmt":"2022-02-23T17:51:50","guid":{"rendered":"https:\/\/www.greenpeace.org\/mexico\/?p=50453"},"modified":"2025-06-25T09:37:59","modified_gmt":"2025-06-25T14:37:59","slug":"celebra-greenpeace-ciclovia-permanente-en-av-insurgentes-de-la-cdmx","status":"publish","type":"post","link":"https:\/\/www.greenpeace.org\/mexico\/informacion-prensa\/50453\/celebra-greenpeace-ciclovia-permanente-en-av-insurgentes-de-la-cdmx\/","title":{"rendered":"Celebra Greenpeace ciclov\u00eda permanente en Av. Insurgentes de la CDMX"},"content":{"rendered":"\n<ul class=\"wp-block-list\"><li>La Ciclov\u00eda Insurgentes fue establecida en 2020 de manera temporal, derivado de la pandemia.<\/li><li>La decisi\u00f3n de hacerla permanente estimula la coexistencia entre transporte p\u00fablico masivo en carriles confinados, el transporte no motorizado en sendas exclusivas y el transporte de uso individual.<\/li><\/ul>\n\n<p><strong>Ciudad de M\u00e9xico, 23 de febrero de 2022.<\/strong>&#8211; La organizaci\u00f3n ambientalista Greenpeace M\u00e9xico celebra la decisi\u00f3n de la Jefa de Gobierno de la Ciudad de M\u00e9xico de dotar a la Avenida Insurgentes con una ciclov\u00eda permanente.<\/p>\n\n<p>El 20 de febrero pasado Claudia Sheinbaum, Jefa de Gobierno de la CDMX, inaugur\u00f3 de manera formal la Ciclov\u00eda Insurgentes, carril exclusivo para bicicletas que se extiende por 28.5 km, entre San Sim\u00f3n (al norte de la Ciudad) y Eje 10 Sur.<\/p>\n\n<p>La Ciclov\u00eda Insurgentes fue establecida en la primera quincena de junio de 2020 como parte del plan gradual hacia la \u201cnueva normalidad\u201d del Gobierno de la Ciudad de M\u00e9xico, derivado de la pandemia de COVID-19. Su instalaci\u00f3n buscaba evitar las aglomeraciones en sistemas de transporte semi-masivo (de ah\u00ed que se instalaron dos de forma paralela sobre Metrob\u00fas L1 y L2) y a su vez permitir a las personas contar con una oferta m\u00e1s para atender las distintas necesidades de viaje en la ciudad.<\/p>\n\n<p>En 2020, organizaciones nucleadas en torno a la Coalici\u00f3n Cero Emisiones, de la cual Greenpeace es miembro fundador, realizaron una serie de estudios, documentaci\u00f3n en campo y trabajo de sensibilizaci\u00f3n p\u00fablica para resaltar los beneficios de los carriles de uso exclusivo para bicicletas en arterias viales importantes de la Ciudad.<\/p>\n\n<p>Entre los beneficios que tiene optar por la bicicleta como medio de transporte en una ciudad se cuentan: (1) mejorar la salud, considerando que 7 de cada 10 mexicanos padecen obesidad y sobrepeso, ambos factores de riesgo que incrementan la mortalidad por COVID-19 entre la poblaci\u00f3n menor a 60 a\u00f1os; (2) ayuda a reducir los problemas de sobrepeso; (3) ayudar a reducir la contaminaci\u00f3n del aire que provoca m\u00e1s de 48 mil muertes prematuras al a\u00f1o, y constituye el noveno factor de enfermedades y muertes a nivel nacional. \u201cLimpiar el aire de las ciudades mexicanas requiere, necesariamente, reducir el uso masivo del autom\u00f3vil mediante alternativas de transporte seguro y sustentable como el de la bicicleta. La Ciudad de M\u00e9xico dio un paso muy significativo al ofrecer infraestructura de envergadura para estimular el transporte no motorizado. Esperamos que otras ciudades del pa\u00eds se sumen a esta tendencia\u201d, se\u00f1al\u00f3 Carlos Samayoa, Coordinador de Ciudades Sustentables de Greenpeace M\u00e9xico.<\/p>\n\n<p>En marzo de 2021, el Gobierno de la Ciudad de M\u00e9xico a trav\u00e9s de la Secretar\u00eda de Movilidad (SEMOVI), anunci\u00f3 que estar\u00eda trabajando en el redise\u00f1o de la Avenida Insurgentes para adaptarla con un carril exclusivo para bicicletas en ambos sentidos.<\/p>\n\n<p>\u201cCelebramos el compromiso de la Jefa de Gobierno de la Ciudad de M\u00e9xico con el redise\u00f1o de las vialidades para hacerlas m\u00e1s democr\u00e1ticas e incluyentes. Con la inauguraci\u00f3n formal de la Ciclov\u00eda Insurgentes se estimula la coexistencia entre transporte p\u00fablico masivo en carriles confinados, el transporte no motorizado en sendas exclusivas y el transporte de uso individual. Es uno de los pilares para aspirar a ciudades saludables y sostenibles. Ahora nos toca a nosotros, como ciudadan\u00eda, utilizarla, cuidarla y respetarla\u201d, afirm\u00f3 Gustavo Ampugnani, director de Greenpeace M\u00e9xico.<\/p>\n\n<p>Para mayor informaci\u00f3n comunicarse a: prmx@greenpeace.org<\/p>\n","protected":false},"excerpt":{"rendered":"<p>CDMX hace permanente la Ciclov\u00eda Insurgentes: una apuesta por la movilidad sustentable, la salud p\u00fablica y el aire limpio en una de las avenidas m\u00e1s importantes.<\/p>\n","protected":false},"author":27,"featured_media":57246,"comment_status":"open","ping_status":"open","sticky":false,"template":"","format":"standard","meta":{"ep_exclude_from_search":false,"p4_og_title":"Celebra Greenpeace ciclov\u00eda permanente en Av. Insurgentes de la CDMX","p4_og_description":"CDMX hace permanente la Ciclov\u00eda Insurgentes: una apuesta por la movilidad sustentable, la salud p\u00fablica y el aire limpio en una de las avenidas m\u00e1s importantes.","p4_og_image":"https:\/\/www.greenpeace.org\/static\/planet4-mexico-stateless\/2025\/06\/b944f1e2-ciclovia-cdmx-transporte.jpg","p4_og_image_id":"57246","p4_seo_canonical_url":"","p4_campaign_name":"not set","p4_local_project":"not set","p4_basket_name":"not set","p4_department":"","footnotes":""},"categories":[46],"tags":[7,48],"p4-page-type":[16],"class_list":["post-50453","post","type-post","status-publish","format-standard","has-post-thumbnail","hentry","category-por-definir","tag-transporte","tag-salud","p4-page-type-informacion-prensa"],"_links":{"self":[{"href":"https:\/\/www.greenpeace.org\/mexico\/wp-json\/wp\/v2\/posts\/50453","targetHints":{"allow":["GET"]}}],"collection":[{"href":"https:\/\/www.greenpeace.org\/mexico\/wp-json\/wp\/v2\/posts"}],"about":[{"href":"https:\/\/www.greenpeace.org\/mexico\/wp-json\/wp\/v2\/types\/post"}],"author":[{"embeddable":true,"href":"https:\/\/www.greenpeace.org\/mexico\/wp-json\/wp\/v2\/users\/27"}],"replies":[{"embeddable":true,"href":"https:\/\/www.greenpeace.org\/mexico\/wp-json\/wp\/v2\/comments?post=50453"}],"version-history":[{"count":5,"href":"https:\/\/www.greenpeace.org\/mexico\/wp-json\/wp\/v2\/posts\/50453\/revisions"}],"predecessor-version":[{"id":58192,"href":"https:\/\/www.greenpeace.org\/mexico\/wp-json\/wp\/v2\/posts\/50453\/revisions\/58192"}],"wp:featuredmedia":[{"embeddable":true,"href":"https:\/\/www.greenpeace.org\/mexico\/wp-json\/wp\/v2\/media\/57246"}],"wp:attachment":[{"href":"https:\/\/www.greenpeace.org\/mexico\/wp-json\/wp\/v2\/media?parent=50453"}],"wp:term":[{"taxonomy":"category","embeddable":true,"href":"https:\/\/www.greenpeace.org\/mexico\/wp-json\/wp\/v2\/categories?post=50453"},{"taxonomy":"post_tag","embeddable":true,"href":"https:\/\/www.greenpeace.org\/mexico\/wp-json\/wp\/v2\/tags?post=50453"},{"taxonomy":"p4-page-type","embeddable":true,"href":"https:\/\/www.greenpeace.org\/mexico\/wp-json\/wp\/v2\/p4-page-type?post=50453"}],"curies":[{"name":"wp","href":"https:\/\/api.w.org\/{rel}","templated":true}]}}