{"id":50681,"date":"2022-03-25T15:51:21","date_gmt":"2022-03-25T20:51:21","guid":{"rendered":"https:\/\/www.greenpeace.org\/mexico\/?p=50681"},"modified":"2025-07-22T12:34:55","modified_gmt":"2025-07-22T17:34:55","slug":"greenpeace-y-su-lucha-contra-el-turismo-depredador","status":"publish","type":"post","link":"https:\/\/www.greenpeace.org\/mexico\/blog\/50681\/greenpeace-y-su-lucha-contra-el-turismo-depredador\/","title":{"rendered":"Greenpeace y su lucha contra el turismo depredador"},"content":{"rendered":"\n<p>Desde nuestros inicios, una de las prioridades de Greenpeace ha sido velar porque los desarrollos de infraestructura, econ\u00f3micos y tur\u00edsticos no deriven de la destrucci\u00f3n de la naturaleza ni de la violaci\u00f3n de los derechos de las comunidades y pueblos ind\u00edgenas. En relaci\u00f3n a proyectos tur\u00edsticos, a lo largo de los a\u00f1os Greenpeace ha desarrollado diversas campa\u00f1as contra empresas hoteleras y de turismo depredador, a continuaci\u00f3n algunos ejemplos.<\/p>\n\n<h2 class=\"wp-block-heading\"><strong>Cabo Pulmo: Una historia de \u00e9xito por la defensa de la vida marina&nbsp;<\/strong><\/h2>\n\n<p>En 2008 lanzamos una campa\u00f1a contra la compa\u00f1\u00eda espa\u00f1ola Hansa Urbana que pretend\u00eda desarrollar un mega complejo tur\u00edstico llamado \u201cCabo Cort\u00e9s\u201d en una zona lim\u00edtrofe con Cabo Pulmo, en el estado de Baja California Sur. Cabo Pulmo es un Parque Marino Nacional que alberga un gran arrecife de coral, el cual cuenta con una amplia biodiversidad compuesta por una variedad de peces, crust\u00e1ceos, moluscos, aves y mam\u00edferos marinos. El proyecto Cabo Cort\u00e9s era una amenaza para el arrecife y su vida marina debido a los impactos ambientales que traer\u00eda consigo: vertimiento de aguas residuales y de aceites de las embarcaciones, destrucci\u00f3n de dunas, alta demanda de agua potable, entre otras.&nbsp;<\/p>\n\n<figure class=\"wp-block-image size-full\"><img loading=\"lazy\" decoding=\"async\" width=\"1200\" height=\"800\" src=\"https:\/\/www.greenpeace.org\/static\/planet4-mexico-stateless\/2025\/06\/cdc0f6ad-cabo-cortes.jpg\" title=\"Frente a la Semarnat (Secretar\u00eda de Medio Ambiente y Recursos Naturales), activistas de Greenpeace desplegaron una manta con el mensaje: &quot;\u00a1Semarnat, Cancela Cabo Cort\u00e9s Ya!&quot;.\" alt=\"Frente a la Semarnat (Secretar\u00eda de Medio Ambiente y Recursos Naturales), activistas de Greenpeace desplegaron una manta con el mensaje: &quot;\u00a1Semarnat, Cancela Cabo Cort\u00e9s Ya!&quot;.\" class=\"wp-image-57204\" srcset=\"https:\/\/www.greenpeace.org\/static\/planet4-mexico-stateless\/2025\/06\/cdc0f6ad-cabo-cortes.jpg 1200w, https:\/\/www.greenpeace.org\/static\/planet4-mexico-stateless\/2025\/06\/cdc0f6ad-cabo-cortes-300x200.jpg 300w, https:\/\/www.greenpeace.org\/static\/planet4-mexico-stateless\/2025\/06\/cdc0f6ad-cabo-cortes-1024x683.jpg 1024w, https:\/\/www.greenpeace.org\/static\/planet4-mexico-stateless\/2025\/06\/cdc0f6ad-cabo-cortes-768x512.jpg 768w, https:\/\/www.greenpeace.org\/static\/planet4-mexico-stateless\/2025\/06\/cdc0f6ad-cabo-cortes-510x340.jpg 510w\" sizes=\"auto, (max-width: 1200px) 100vw, 1200px\" \/><\/figure>\n\n<p>Las comunidades locales trabajaron junto a organizaciones como Greenpeace para presionar a los gobiernos estatal y federal con la demanda de cancelar Cabo Cort\u00e9s. M\u00e1s de 220 mil ciudadanos y ciudadanas firmaron una petici\u00f3n lanzada por Greenpeace para detener este proyecto destructivo. Finalmente, en 2012, el gobierno panista del presidente Felipe Calder\u00f3n se vio forzado a cancelar el proyecto. Para m\u00e1s informaci\u00f3n sobre esta historia, consultar <a href=\"https:\/\/www.greenpeace.org\/mexico\/blog\/8796\/cabo-pulmo-una-historia-de-exito-para-la-gente-y-la-vida-marina\/\" target=\"_blank\" rel=\"noreferrer noopener\">aqu\u00ed.<\/a><\/p>\n\n<h2 class=\"wp-block-heading\"><strong>Denuncia contra los grandes hoteleros espa\u00f1oles&nbsp;<\/strong><\/h2>\n\n<p>En 2009 denunciamos a grupos hoteleros espa\u00f1oles depredadores ambientales en la Riviera Maya y lanzamos el informe <a href=\"http:\/\/archivo-es.greenpeace.org\/espana\/Global\/espana\/report\/other\/090930-03.pdf\" target=\"_blank\" rel=\"noreferrer noopener\">&#8220;Los nuevos conquistadores. Multinacionales espa\u00f1olas en Am\u00e9rica Latina<\/a>&#8220;, en el que Greenpeace document\u00f3 43 casos de depredaci\u00f3n ambiental en la regi\u00f3n. Uno de los casos destacados que se documentaron en el informe es el del grupo Sol Meli\u00e1, el cual ha intentado en diversas ocasiones construir complejos hoteleros en la Riviera Maya, llevando por ejemplo a la devastaci\u00f3n de amplias zonas de manglar. En 2001, Greenpeace M\u00e9xico denunci\u00f3 a este grupo por sus proyectos de turismo depredador con algunos logros, como la cancelaci\u00f3n de la construcci\u00f3n de uno de sus complejos tur\u00edsticos en las\u00a0 playas de X\u2019cacel y X\u2019cacelito, zona de anidaci\u00f3n de tortugas marinas verde y boba.<\/p>\n\n<h2 class=\"wp-block-heading\"><strong>Protecci\u00f3n de la Isla Holbox<\/strong><\/h2>\n\n<p>En 2014 denunciamos las intenciones de construir el megaproyecto tur\u00edstico \u201cLa Ensenada\u201d en la isla Holbox, que forma parte del \u00c1rea de Protecci\u00f3n de Flora y Fauna denominada Yum-Balam en el municipio de L\u00e1zaro C\u00e1rdenas, Quintana Roo. Este proyecto buscaba construir un complejo tur\u00edstico en un \u00e1rea de 980 hect\u00e1reas y fue propuesto por el conglomerado Pen\u00ednsula Maya Developments. Una construcci\u00f3n de las dimensiones de La Ensenada podr\u00eda da\u00f1ar el h\u00e1bitat de varias especies de flora y fauna como el manat\u00ed, el tibur\u00f3n ballena, los manglares y la anidaci\u00f3n de tortugas marinas. Despu\u00e9s de mucha presi\u00f3n por parte de diversas organizaciones ambientales, incluida Greenpeace, los inversores <a href=\"https:\/\/elpais.com\/internacional\/2014\/06\/09\/actualidad\/1402281549_437828.html\" target=\"_blank\" rel=\"noreferrer noopener\">desistieron de continuar con la construcci\u00f3n del complejo tur\u00edstico<\/a>.<\/p>\n\n<h2 class=\"wp-block-heading\"><strong>Nayarit, m\u00e1s casos de depredaci\u00f3n tur\u00edstica<\/strong><\/h2>\n\n<p>En el estado de Nayarit, desde Greenpeace denunciamos al menos dos proyectos de turismo depredador, el primero de ellos fue el Centro Integralmente Planeado de Litib\u00fa (CIP), sobre el que denunciamos en los a\u00f1os 2005-2009 los da\u00f1os ambientales ocasionados en el municipio de Bah\u00eda de Banderas, como el desmonte de grandes tramos de selva y la destrucci\u00f3n de corredores de fauna para la construcci\u00f3n de una carretera. Asimismo, tambi\u00e9n denunciamos al presidente panista Vicente Fox y al FONATUR, el principal promotor de este proyecto, por la venta de terrenos a empresas espa\u00f1olas a precios menores al m\u00ednimo legal, que llev\u00f3 al FONATUR a recibir 35 millones de pesos menos de lo que deb\u00eda haber recibido por estas ventas. M\u00e1s informaci\u00f3n<a href=\"https:\/\/www.jornada.com.mx\/2009\/03\/09\/estados\/037n1est\" target=\"_blank\" rel=\"noreferrer noopener\"> aqu\u00ed.<\/a>\u00a0<\/p>\n\n<p>El segundo proyecto que denunciamos en este estado en 2015\u00a0 fue el de otro Centro Integralmente Planeado (CIP) del FONATUR en la zona de los Marismas Nacionales, ubicada entre Nayarita y Sinaloa, un \u00e1rea protegida que cuenta con cuatro variedades de manglar y que presta innumerables servicios ambientales a los habitantes de la regi\u00f3n, como el suministro de agua. Las previsiones para este proyecto buscaban la construcci\u00f3n de un complejo de 44 mil habitaciones, entre hoteles y condominios, adem\u00e1s de campos de golf, marinas y villas. <a href=\"https:\/\/www.noroeste.com.mx\/buen-vivir\/avalan-proyecto-que-incumple-ley-NBNO110409\" target=\"_blank\" rel=\"noreferrer noopener\">Este proyecto presentaba grandes irregularidades y no ten\u00eda evaluaci\u00f3n de impacto ambiental.<\/a><\/p>\n\n<p>Como se pudo observar en este blog, Greenpeace ha denunciado un buen n\u00famero de proyectos de turismo depredador en diversos estados de la Rep\u00fablica y frente a gobiernos de distintos partidos a lo largo de los a\u00f1os, una lucha por la protecci\u00f3n ambiental y por el bienestar de las personas.<\/p>\n\t\t\t<section\n\t\t\tclass=\"boxout post-50574 \"\n\t\t\t\n\t\t>\n\t\t\t<a\n\t\t\t\tdata-ga-category=\"Take Action Boxout\"\n\t\t\t\tdata-ga-action=\"Image\"\n\t\t\t\tdata-ga-label=\"n\/a\"\n\t\t\t\tclass=\"cover-card-overlay\"\n\t\t\t\thref=\"https:\/\/www.greenpeace.org\/mexico\/participa\/no-a-la-devastacion-de-la-selva-maya\/\" \n\t\t\t><\/a>\n\t\t\t\t\t\t\t<img\n\t\t\t\t\t\tsrc=\"https:\/\/www.greenpeace.org\/static\/planet4-mexico-stateless\/2022\/03\/12514dae-tren-maya.jpeg\"\n\t\t\t\t\t\tsrcset=\"https:\/\/www.greenpeace.org\/static\/planet4-mexico-stateless\/2022\/03\/12514dae-tren-maya-300x200.jpeg 300w, https:\/\/www.greenpeace.org\/static\/planet4-mexico-stateless\/2022\/03\/12514dae-tren-maya-768x511.jpeg 768w, https:\/\/www.greenpeace.org\/static\/planet4-mexico-stateless\/2022\/03\/12514dae-tren-maya-510x340.jpeg 510w, https:\/\/www.greenpeace.org\/static\/planet4-mexico-stateless\/2022\/03\/12514dae-tren-maya.jpeg 799w\"\n\t\t\t\t\t\tsizes=\"(min-width: 1000px) 358px, (min-width: 780px) 313px, 88px\"\n\t\t\t\t\t\talt=\"Toma a\u00e9rea que muestra la devastaci\u00f3n causada por la deforestaci\u00f3n por la construcci\u00f3n del Tren Maya.\" title=\"Toma a\u00e9rea que muestra la devastaci\u00f3n causada por la deforestaci\u00f3n por la construcci\u00f3n del Tren Maya.\"\n\t\t\t\t\/>\n            \t\t\t<div class=\"boxout-content\">\n\t\t\t\t\t\t\t\t\t<a\n\t\t\t\t\t\tclass=\"boxout-heading medium\"\n\t\t\t\t\t\tdata-ga-category=\"Take Action Boxout\"\n\t\t\t\t\t\tdata-ga-action=\"Title\"\n\t\t\t\t\t\tdata-ga-label=\"n\/a\"\n\t\t\t\t\t\thref=\"https:\/\/www.greenpeace.org\/mexico\/participa\/no-a-la-devastacion-de-la-selva-maya\/\"\n\t\t\t\t\t\t\n\t\t\t\t\t>\n\t\t\t\t\t\tProtejamos la selva maya\n\t\t\t\t\t<\/a>\n\t\t\t\t\t\t\t\t\t\t\t\t\t<p class=\"boxout-excerpt\">Sin una Manifestaci\u00f3n de Impacto Ambiental objetiva y fundada en estudios cient\u00edficos, la construcci\u00f3n del Tramo 5 del Tren Maya debe parar.<\/p>\n\t\t\t\t                                    <a\n                        class=\"btn btn-primary\"\n                        data-ga-category=\"Take Action Boxout\"\n                        data-ga-action=\"Call to Action\"\n                        data-ga-label=\"n\/a\"\n                        href=\"https:\/\/www.greenpeace.org\/mexico\/participa\/no-a-la-devastacion-de-la-selva-maya\/\"\n                        \n                    >\n                        Participa\n                    <\/a>\n                \t\t\t<\/div>\n\t\t\t\t\t<\/section>\n\t","protected":false},"excerpt":{"rendered":"<p>Greenpeace ha frenado megaproyectos tur\u00edsticos que amenazan arrecifes, manglares y especies en riesgo en zonas como Cabo Pulmo, Holbox y Nayarit.<\/p>\n","protected":false},"author":29,"featured_media":57204,"comment_status":"open","ping_status":"open","sticky":false,"template":"","format":"standard","meta":{"ep_exclude_from_search":false,"p4_og_title":"Greenpeace y su lucha contra el turismo depredador","p4_og_description":"Greenpeace ha frenado megaproyectos tur\u00edsticos que amenazan arrecifes, manglares y especies en riesgo en zonas como Cabo Pulmo, Holbox y Nayarit.","p4_og_image":"https:\/\/www.greenpeace.org\/static\/planet4-mexico-stateless\/2025\/06\/cdc0f6ad-cabo-cortes.jpg","p4_og_image_id":"57204","p4_seo_canonical_url":"","p4_campaign_name":"not set","p4_local_project":"not set","p4_basket_name":"not set","p4_department":"","footnotes":""},"categories":[43],"tags":[57,66],"p4-page-type":[14],"class_list":["post-50681","post","type-post","status-publish","format-standard","has-post-thumbnail","hentry","category-sobre-greenpeace","tag-turismo","tag-cabo-pulmo","p4-page-type-blog"],"_links":{"self":[{"href":"https:\/\/www.greenpeace.org\/mexico\/wp-json\/wp\/v2\/posts\/50681","targetHints":{"allow":["GET"]}}],"collection":[{"href":"https:\/\/www.greenpeace.org\/mexico\/wp-json\/wp\/v2\/posts"}],"about":[{"href":"https:\/\/www.greenpeace.org\/mexico\/wp-json\/wp\/v2\/types\/post"}],"author":[{"embeddable":true,"href":"https:\/\/www.greenpeace.org\/mexico\/wp-json\/wp\/v2\/users\/29"}],"replies":[{"embeddable":true,"href":"https:\/\/www.greenpeace.org\/mexico\/wp-json\/wp\/v2\/comments?post=50681"}],"version-history":[{"count":4,"href":"https:\/\/www.greenpeace.org\/mexico\/wp-json\/wp\/v2\/posts\/50681\/revisions"}],"predecessor-version":[{"id":58183,"href":"https:\/\/www.greenpeace.org\/mexico\/wp-json\/wp\/v2\/posts\/50681\/revisions\/58183"}],"wp:featuredmedia":[{"embeddable":true,"href":"https:\/\/www.greenpeace.org\/mexico\/wp-json\/wp\/v2\/media\/57204"}],"wp:attachment":[{"href":"https:\/\/www.greenpeace.org\/mexico\/wp-json\/wp\/v2\/media?parent=50681"}],"wp:term":[{"taxonomy":"category","embeddable":true,"href":"https:\/\/www.greenpeace.org\/mexico\/wp-json\/wp\/v2\/categories?post=50681"},{"taxonomy":"post_tag","embeddable":true,"href":"https:\/\/www.greenpeace.org\/mexico\/wp-json\/wp\/v2\/tags?post=50681"},{"taxonomy":"p4-page-type","embeddable":true,"href":"https:\/\/www.greenpeace.org\/mexico\/wp-json\/wp\/v2\/p4-page-type?post=50681"}],"curies":[{"name":"wp","href":"https:\/\/api.w.org\/{rel}","templated":true}]}}