{"id":50722,"date":"2022-04-18T09:38:08","date_gmt":"2022-04-18T14:38:08","guid":{"rendered":"https:\/\/www.greenpeace.org\/mexico\/?p=50722"},"modified":"2025-06-22T23:14:18","modified_gmt":"2025-06-23T04:14:18","slug":"lucha-campesina","status":"publish","type":"post","link":"https:\/\/www.greenpeace.org\/mexico\/blog\/50722\/lucha-campesina\/","title":{"rendered":"Lucha campesina"},"content":{"rendered":"\n<p>El 17 de abril es el D\u00eda Internacional de la Lucha Campesina, es un d\u00eda en el que se conmemora la contienda de personas campesinas por la transformaci\u00f3n del sector agrario y la constante b\u00fasqueda del respeto por los derechos de las y los campesinos, el movimiento por la defensa de la soberan\u00eda alimentaria, la reforma agraria, el cuidado de las semillas y la promoci\u00f3n de la agroecolog\u00eda.<\/p>\n\n<p>El d\u00eda Internacional de la Lucha Campesina es en memoria y homenaje de 19 campesinos que fueron asesinados cuando reclamaban&nbsp; acceso a la tierra y a la justicia, el 17 de abril de 1996, en El dorado dos Caraj\u00e1s, en Brasil (1).&nbsp; Un hecho lamentable que caus\u00f3 indignaci\u00f3n alrededor del mundo.<\/p>\n\n<h2 class=\"wp-block-heading\">El movimiento campesino y su resistencia<\/h2>\n\n<p>Hoy en d\u00eda este movimiento congrega a una gran diversidad de voces de comunidades originarias, campesinas, campesinos, agricultoras y agricultores de todo el mundo, a quienes expresamos un profundo agradecimiento porque a pesar de las dificultades que trae el contexto actual, que ha tra\u00eddo consecuencias devastadoras para el sector. Las agricultoras, agricultores, personas campesinas y comunidades ind\u00edgenas no paran y siguen produciendo alimentos para el ancho de la poblaci\u00f3n.<\/p>\n\n<figure class=\"wp-block-image size-large\"><img loading=\"lazy\" decoding=\"async\" width=\"1024\" height=\"684\" src=\"https:\/\/www.greenpeace.org\/static\/planet4-mexico-stateless\/2025\/06\/1cd75940-agricultura-1024x684.jpg\" title=\"Toma a\u00e9rea de un campo de plantaciones de palma aceitera.\" alt=\"Toma a\u00e9rea de un campo de plantaciones de palma aceitera.\" class=\"wp-image-57187\" srcset=\"https:\/\/www.greenpeace.org\/static\/planet4-mexico-stateless\/2025\/06\/1cd75940-agricultura-1024x684.jpg 1024w, https:\/\/www.greenpeace.org\/static\/planet4-mexico-stateless\/2025\/06\/1cd75940-agricultura-300x201.jpg 300w, https:\/\/www.greenpeace.org\/static\/planet4-mexico-stateless\/2025\/06\/1cd75940-agricultura-768x513.jpg 768w, https:\/\/www.greenpeace.org\/static\/planet4-mexico-stateless\/2025\/06\/1cd75940-agricultura-510x340.jpg 510w, https:\/\/www.greenpeace.org\/static\/planet4-mexico-stateless\/2025\/06\/1cd75940-agricultura.jpg 1200w\" sizes=\"auto, (max-width: 1024px) 100vw, 1024px\" \/><\/figure>\n\n<p>Este movimiento fortalece al campo mexicano y aviva la lucha por la tierra, la protecci\u00f3n de las semillas, el suelo, el agua y la biodiversidad. Al incluir la promoci\u00f3n de la agroecolog\u00eda como forma de producci\u00f3n coherente con los ciclos de la naturaleza, capaz de preservar la biodiversidad y reducir la contaminaci\u00f3n, hablamos de un tipo de agricultura que nos beneficia a todas y todos y nos permitir\u00e1 asegurar alimentos nutritivos e inocuos en todo momento, adem\u00e1s de que nos permitir\u00e1 mantenernos en los umbrales del 1.5 \u00baC, siguiendo lo estipulado por el Acuerdo de&nbsp; Par\u00eds para frenar el cambio clim\u00e1tico, lo cual es de suma importancia porque uno de los sectores m\u00e1s vulnerables a los efectos negativos del cambio clim\u00e1tico es precisamente la agricultura pues cada vez se experimentan sequ\u00edas m\u00e1s prolongadas, inundaciones y otros eventos que afectan directamente la producci\u00f3n de alimentos; haci\u00e9ndonos m\u00e1s vulnerables.&nbsp;<\/p>\n\n<h2 class=\"wp-block-heading\">Agroecolog\u00eda y cambio clim\u00e1tico<\/h2>\n\n<p>Si logramos cambiar el modelo de producci\u00f3n industrial por uno agroecol\u00f3gico que vaya de la mano del conocimiento de las y los campesinos, el sector agropecuario pasar\u00e1 de ser una fuente de carbono impulsada por energ\u00edas f\u00f3siles, a funcionar como un sumidero de carbono que nos ayude a reducir la cantidad de gases de efecto invernadero presentes en la atm\u00f3sfera, que agudizan el calentamiento global.<\/p>\n\n<figure class=\"wp-block-image size-large\"><img loading=\"lazy\" decoding=\"async\" width=\"1024\" height=\"683\" src=\"https:\/\/www.greenpeace.org\/static\/planet4-mexico-stateless\/2025\/06\/ff66765e-agricultura-greenpeace-1024x683.jpg\" title=\"Hombre trabajando la tierra entre plantaciones de banano, rodeado de hojas verdes y racimos en formaci\u00f3n.\" alt=\"Hombre trabajando la tierra entre plantaciones de banano, rodeado de hojas verdes y racimos en formaci\u00f3n.\" class=\"wp-image-56427\" srcset=\"https:\/\/www.greenpeace.org\/static\/planet4-mexico-stateless\/2025\/06\/ff66765e-agricultura-greenpeace-1024x683.jpg 1024w, https:\/\/www.greenpeace.org\/static\/planet4-mexico-stateless\/2025\/06\/ff66765e-agricultura-greenpeace-300x200.jpg 300w, https:\/\/www.greenpeace.org\/static\/planet4-mexico-stateless\/2025\/06\/ff66765e-agricultura-greenpeace-768x512.jpg 768w, https:\/\/www.greenpeace.org\/static\/planet4-mexico-stateless\/2025\/06\/ff66765e-agricultura-greenpeace-510x340.jpg 510w, https:\/\/www.greenpeace.org\/static\/planet4-mexico-stateless\/2025\/06\/ff66765e-agricultura-greenpeace.jpg 1200w\" sizes=\"auto, (max-width: 1024px) 100vw, 1024px\" \/><\/figure>\n\n<p>El 17 de abril es un d\u00eda para reflexionar, para hacer homenaje y para continuar luchando por los derechos de campesinas y campesinos, por la soberan\u00eda alimentaria y la transformaci\u00f3n de un sistema agroalimentario industrializado dominado por grandes corporaciones; hacia un modelo agroalimentario ecol\u00f3gico que cuide de la salud de las personas y del planeta, que garantice la preservaci\u00f3n de las semillas y la tierra en manos campesinas, que proporciones alimentos suficientes, nutritivos y sustentables para toda la poblaci\u00f3n.<\/p>\n\t\t\t<section\n\t\t\tclass=\"boxout post-437 \"\n\t\t\t\n\t\t>\n\t\t\t<a\n\t\t\t\tdata-ga-category=\"Take Action Boxout\"\n\t\t\t\tdata-ga-action=\"Image\"\n\t\t\t\tdata-ga-label=\"n\/a\"\n\t\t\t\tclass=\"cover-card-overlay\"\n\t\t\t\thref=\"https:\/\/www.greenpeace.org\/mexico\/participa\/transgenicos\/\" \n\t\t\t><\/a>\n\t\t\t\t\t\t\t<img\n\t\t\t\t\t\tsrc=\"https:\/\/www.greenpeace.org\/static\/planet4-mexico-stateless\/2018\/10\/2c14ef5f-gp04qb5-1024x683.jpg\"\n\t\t\t\t\t\tsrcset=\"https:\/\/www.greenpeace.org\/static\/planet4-mexico-stateless\/2018\/10\/2c14ef5f-gp04qb5-300x200.jpg 300w, https:\/\/www.greenpeace.org\/static\/planet4-mexico-stateless\/2018\/10\/2c14ef5f-gp04qb5-768x512.jpg 768w, https:\/\/www.greenpeace.org\/static\/planet4-mexico-stateless\/2018\/10\/2c14ef5f-gp04qb5-1024x683.jpg 1024w, https:\/\/www.greenpeace.org\/static\/planet4-mexico-stateless\/2018\/10\/2c14ef5f-gp04qb5-510x340.jpg 510w, https:\/\/www.greenpeace.org\/static\/planet4-mexico-stateless\/2018\/10\/2c14ef5f-gp04qb5.jpg 1200w\"\n\t\t\t\t\t\tsizes=\"(min-width: 1000px) 358px, (min-width: 780px) 313px, 88px\"\n\t\t\t\t\t\talt=\"Vegetables in Germany. \u00a9 Axel Kirchhof\" title=\"Vegetables in Germany. \u00a9 Axel Kirchhof\"\n\t\t\t\t\/>\n            \t\t\t<div class=\"boxout-content\">\n\t\t\t\t\t\t\t\t\t<a\n\t\t\t\t\t\tclass=\"boxout-heading medium\"\n\t\t\t\t\t\tdata-ga-category=\"Take Action Boxout\"\n\t\t\t\t\t\tdata-ga-action=\"Title\"\n\t\t\t\t\t\tdata-ga-label=\"n\/a\"\n\t\t\t\t\t\thref=\"https:\/\/www.greenpeace.org\/mexico\/participa\/transgenicos\/\"\n\t\t\t\t\t\t\n\t\t\t\t\t>\n\t\t\t\t\t\tTransg\u00e9nicos\n\t\t\t\t\t<\/a>\n\t\t\t\t\t\t\t\t\t\t\t\t\t<p class=\"boxout-excerpt\">Los transg\u00e9nicos son organismos que han sido gen\u00e9ticamente modificados (GM), por ejemplo, para producir insecticida o generar resistencia a herbicidas. Forman parte del modelo de agricultura industrial, el cual acent\u00faa la desigualdad en el campo y que adem\u00e1s hace uso excesivo de plaguicidas y fertilizantes sint\u00e9ticos que afectan la salud y el medio ambiente.<\/p>\n\t\t\t\t                                    <a\n                        class=\"btn btn-primary\"\n                        data-ga-category=\"Take Action Boxout\"\n                        data-ga-action=\"Call to Action\"\n                        data-ga-label=\"n\/a\"\n                        href=\"https:\/\/www.greenpeace.org\/mexico\/participa\/transgenicos\/\"\n                        \n                    >\n                        Participa\n                    <\/a>\n                \t\t\t<\/div>\n\t\t\t\t\t<\/section>\n\t\n<p>(1) &nbsp;CNDH. (s.f.). D\u00eda Internacional de la Lucha Campesina. https:\/\/www.cndh.org.mx\/noticia\/dia-internacional-de-la-lucha-campesina#_ftn1<\/p>\n","protected":false},"excerpt":{"rendered":"<p>El 17 de abril se conmemora la lucha campesina por la tierra, soberan\u00eda alimentaria y agroecolog\u00eda frente al modelo industrial agroalimentario.<\/p>\n","protected":false},"author":29,"featured_media":57187,"comment_status":"open","ping_status":"open","sticky":false,"template":"","format":"standard","meta":{"ep_exclude_from_search":false,"p4_og_title":"Lucha campesina","p4_og_description":"El 17 de abril se conmemora la lucha campesina por la tierra, soberan\u00eda alimentaria y agroecolog\u00eda frente al modelo industrial agroalimentario.","p4_og_image":"https:\/\/www.greenpeace.org\/static\/planet4-mexico-stateless\/2025\/06\/1cd75940-agricultura.jpg","p4_og_image_id":"57187","p4_seo_canonical_url":"","p4_campaign_name":"not set","p4_local_project":"not set","p4_basket_name":"not set","p4_department":"","footnotes":""},"categories":[46],"tags":[30,55],"p4-page-type":[14],"class_list":["post-50722","post","type-post","status-publish","format-standard","has-post-thumbnail","hentry","category-por-definir","tag-alimentacion","tag-agricultura","p4-page-type-blog"],"_links":{"self":[{"href":"https:\/\/www.greenpeace.org\/mexico\/wp-json\/wp\/v2\/posts\/50722","targetHints":{"allow":["GET"]}}],"collection":[{"href":"https:\/\/www.greenpeace.org\/mexico\/wp-json\/wp\/v2\/posts"}],"about":[{"href":"https:\/\/www.greenpeace.org\/mexico\/wp-json\/wp\/v2\/types\/post"}],"author":[{"embeddable":true,"href":"https:\/\/www.greenpeace.org\/mexico\/wp-json\/wp\/v2\/users\/29"}],"replies":[{"embeddable":true,"href":"https:\/\/www.greenpeace.org\/mexico\/wp-json\/wp\/v2\/comments?post=50722"}],"version-history":[{"count":6,"href":"https:\/\/www.greenpeace.org\/mexico\/wp-json\/wp\/v2\/posts\/50722\/revisions"}],"predecessor-version":[{"id":57189,"href":"https:\/\/www.greenpeace.org\/mexico\/wp-json\/wp\/v2\/posts\/50722\/revisions\/57189"}],"wp:featuredmedia":[{"embeddable":true,"href":"https:\/\/www.greenpeace.org\/mexico\/wp-json\/wp\/v2\/media\/57187"}],"wp:attachment":[{"href":"https:\/\/www.greenpeace.org\/mexico\/wp-json\/wp\/v2\/media?parent=50722"}],"wp:term":[{"taxonomy":"category","embeddable":true,"href":"https:\/\/www.greenpeace.org\/mexico\/wp-json\/wp\/v2\/categories?post=50722"},{"taxonomy":"post_tag","embeddable":true,"href":"https:\/\/www.greenpeace.org\/mexico\/wp-json\/wp\/v2\/tags?post=50722"},{"taxonomy":"p4-page-type","embeddable":true,"href":"https:\/\/www.greenpeace.org\/mexico\/wp-json\/wp\/v2\/p4-page-type?post=50722"}],"curies":[{"name":"wp","href":"https:\/\/api.w.org\/{rel}","templated":true}]}}