{"id":50901,"date":"2022-05-28T12:08:45","date_gmt":"2022-05-28T17:08:45","guid":{"rendered":"https:\/\/www.greenpeace.org\/mexico\/?p=50901"},"modified":"2025-06-25T09:37:44","modified_gmt":"2025-06-25T14:37:44","slug":"se-reactiva-en-xalapa-la-iniciativa-ecologica-verdever","status":"publish","type":"post","link":"https:\/\/www.greenpeace.org\/mexico\/informacion-prensa\/50901\/se-reactiva-en-xalapa-la-iniciativa-ecologica-verdever\/","title":{"rendered":"Se reactiva en Xalapa la iniciativa ecol\u00f3gica VerdeVer"},"content":{"rendered":"\n<p class=\"has-green-800-color has-text-color has-link-color wp-elements-819ea13a076de191fa107b3be12eee16\"><strong>&#8211; Este espacio ofrece productos y alimentos ecol\u00f3gicos bajo un esquema de consumo responsable, comercio local y justo, adem\u00e1s de capacitaciones para el autoconsumo y la formaci\u00f3n de estilos de vida sustentables<br>&#8211; La iniciativa busca que Xalapa se convierta en una ciudad con mayor acceso a productos ecol\u00f3gicos y locales y a una nueva forma de consumir, se llevar\u00e1 a cabo todos los s\u00e1bados<br>&#8211; La convocatoria para participar sigue abierta a productores locales e iniciativas de comercio justo y ecol\u00f3gico.<\/strong><\/p>\n\n<p><strong>Xalapa, Veracruz a 28 de mayo del 2022.<\/strong> Este s\u00e1bado se present\u00f3 ante los medios de comunicaci\u00f3n la Iniciativa Ecol\u00f3gica VerdeVer, un mercado de productores que se ubicar\u00e1 a partir de hoy en la parte baja del palacio municipal de Xalapa todos los s\u00e1bados de 10 a 4 pm. Esta iniciativa fue creada desde finales de 2021, pero debido a la dificultad de acceder a espacios p\u00fablicos por los altos cobros al comercio, as\u00ed como por la falta de permisos del nuevo gobierno municipal, no hab\u00eda logrado consolidar un espacio permanente para abrirse al p\u00fablico. Es este s\u00e1bado que se presenta en una nueva locaci\u00f3n.<\/p>\n\n<figure class=\"wp-block-image size-full\"><img loading=\"lazy\" decoding=\"async\" width=\"768\" height=\"1024\" src=\"https:\/\/www.greenpeace.org\/static\/planet4-mexico-stateless\/2025\/06\/106fdba8-verde-ver-veracruz.jpeg\" title=\"Fotograf\u00eda de activista de Greenpeace M\u00e9xico caminando entre los stands del mercado ecol\u00f3gico VerdeVer en Veracruz, M\u00e9xico.\" alt=\"Fotograf\u00eda de activista de Greenpeace M\u00e9xico caminando entre los stands del mercado ecol\u00f3gico VerdeVer en Veracruz, M\u00e9xico.\" class=\"wp-image-57147\" srcset=\"https:\/\/www.greenpeace.org\/static\/planet4-mexico-stateless\/2025\/06\/106fdba8-verde-ver-veracruz.jpeg 768w, https:\/\/www.greenpeace.org\/static\/planet4-mexico-stateless\/2025\/06\/106fdba8-verde-ver-veracruz-225x300.jpeg 225w, https:\/\/www.greenpeace.org\/static\/planet4-mexico-stateless\/2025\/06\/106fdba8-verde-ver-veracruz-255x340.jpeg 255w\" sizes=\"auto, (max-width: 768px) 100vw, 768px\" \/><figcaption class=\"wp-element-caption\">Iniciativa ecol\u00f3gica VerdeVer instalada en los bajos del palacio municipal de Xalapa<div class=\"credit icon-left\"> \u00a9 Greenpeace<\/div><\/figcaption><\/figure>\n\n<blockquote class=\"wp-block-quote is-style-plain is-layout-flow wp-block-quote-is-layout-flow\">\n<p>Greenpeace ha acompa\u00f1ado este proceso desde hace meses:<em> <\/em><\/p>\n\n\n\n<p><em>\u201cEn enero de este a\u00f1o comenzamos una labor para que el nuevo gobierno municipal de Xalapa autorizara a VerdeVer el uso de un espacio p\u00fablico, fijo y bien ubicado, para la comercializaci\u00f3n pero tambi\u00e9n para las actividades comunitarias de nuestros miembros, como la oferta de talleres de educaci\u00f3n ambiental. Fue hasta mediados de este mes que el alcalde Ricardo Ahued cumpli\u00f3 con esta demanda ciudadana y se nos otorg\u00f3 el permiso para usar este espacio en el coraz\u00f3n de la ciudad. Reconocemos el apoyo del alcalde Ahued y esperamos que su compromiso con la econom\u00eda social y solidaria se mantenga para garantizar la continuidad de esta iniciativa en el espacio asignado\u201d<\/em>, <\/p>\n<cite>recalc\u00f3 Ornela Garelli, campa\u00f1ista de Greenpeace M\u00e9xico.&nbsp;<\/cite><\/blockquote>\n\n<p>El mercado de productores ofrece productos y alimentos ecol\u00f3gicos, bajo un esquema de consumo responsable, comercio local y justo. Entre ellos las personas que lo visiten podr\u00e1n encontrar hierbas, cereales, semillas, condimentos, aceites vegetales, tortillas, salsas, botanas saludables, hongos comestibles y medicinales, alimentos de ma\u00edz, productos de higiene personal, productos cosm\u00e9ticos naturales, medicina herbolaria, productos de limpieza, productos veterinarios naturales y medicina veterinaria, textiles hechos de prendas recicladas, productos de cacao y sus derivados, chocolates, panes y galletas integrales, org\u00e1nicos y sin gluten, quesos de leche de b\u00fafala, entre otros.&nbsp;<\/p>\n\n<p>Ampliando la oferta, VerdeVer tambi\u00e9n ofrece servicios de capacitaci\u00f3n y asesor\u00eda para la producci\u00f3n de hongos comestibles y medicinales, asesor\u00eda y acompa\u00f1amiento para producciones agroecol\u00f3gicas y de econom\u00eda circular as\u00ed como reparaci\u00f3n de bicicletas. Las y los productores ofrecer\u00e1n con regularidad talleres de educaci\u00f3n ambiental dirigidos a adultos y ni\u00f1os, por ejemplo c\u00f3mo hacer composta, c\u00f3mo hacer juguetes para mascotas con art\u00edculos reciclados, limpiar sin contaminar, recetas nutritivas con germinados, etc.<\/p>\n\n<figure class=\"wp-block-image size-full\"><img loading=\"lazy\" decoding=\"async\" width=\"1024\" height=\"768\" src=\"https:\/\/www.greenpeace.org\/static\/planet4-mexico-stateless\/2025\/06\/97b05df1-mercado-ecologico-verdever-veracruz.jpeg\" title=\"Fotograf\u00eda de los stands y productos disponibles en el mercado ecol\u00f3gico VerdeVer en Veracruz, M\u00e9xico.\" alt=\"Fotograf\u00eda de los stands y productos disponibles en el mercado ecol\u00f3gico VerdeVer en Veracruz, M\u00e9xico.\" class=\"wp-image-57148\" srcset=\"https:\/\/www.greenpeace.org\/static\/planet4-mexico-stateless\/2025\/06\/97b05df1-mercado-ecologico-verdever-veracruz.jpeg 1024w, https:\/\/www.greenpeace.org\/static\/planet4-mexico-stateless\/2025\/06\/97b05df1-mercado-ecologico-verdever-veracruz-300x225.jpeg 300w, https:\/\/www.greenpeace.org\/static\/planet4-mexico-stateless\/2025\/06\/97b05df1-mercado-ecologico-verdever-veracruz-768x576.jpeg 768w, https:\/\/www.greenpeace.org\/static\/planet4-mexico-stateless\/2025\/06\/97b05df1-mercado-ecologico-verdever-veracruz-453x340.jpeg 453w\" sizes=\"auto, (max-width: 1024px) 100vw, 1024px\" \/><figcaption class=\"wp-element-caption\">Existe una amplia oferta de productos ecol\u00f3gicos en VerdeVer.<div class=\"credit icon-left\"> \u00a9 Greenpeace<\/div><\/figcaption><\/figure>\n\n<blockquote class=\"wp-block-quote is-style-plain is-layout-flow wp-block-quote-is-layout-flow\">\n<p><em>\u201cVerdeVer busca que Xalapa se convierta en una ciudad con mayor acceso a alimentos y otros productos ecol\u00f3gicos y de consumo responsable y es organizado por la Coalici\u00f3n Xalape\u00f1os Ilustres Verdes, la cual est\u00e1 conformada por diversas iniciativas de consumo responsable, productoras y productores y organizaciones de la sociedad civil que buscan garantizar el acceso de la ciudadan\u00eda a productos y alimentos sanos, ecol\u00f3gicos y locales. Y algo muy importante, que buscan reducir la generaci\u00f3n de desechos\u201d<\/em> <\/p>\n<cite>dio a conocer Emilia Lucero de Huerteras Urbanas.<\/cite><\/blockquote>\n\n<p>Entre los integrantes de dicha coalici\u00f3n se encuentran: Greenpeace M\u00e9xico, Huerteras Urbanas, Productos y Servicios de la Cuenca del R\u00edo Pixquiac, Hongos Jalape\u00f1os, Cacao la Seiba, Medicina herbolaria Teocalli, Tlali Kuali, Confecciones artesanales Los Helechos, Fungi Cultura, Mundo Herbal Mercadela, entre otras.<\/p>\n\n<p>En el mercado participan 40 productores, pero la convocatoria est\u00e1 abierta a productores locales e iniciativas de consumo responsable (de comercio justo y agroecol\u00f3gico) que deseen ofrecer productos en el VerdeVer y que cumplan con los requisitos para participar. Personas interesadas deber\u00e1n solicitar su registro al n\u00famero 2288354743 [1]<\/p>\n\n<p>Invitamos a toda la ciudadan\u00eda a conocer la iniciativa y a llevar a casa productos que son buenos para nuestra salud y la del planeta.&nbsp;<\/p>\n\n<p class=\"has-text-align-center has-white-color has-green-800-background-color has-text-color has-background has-link-color wp-elements-ace60a0254db5cf103fdef09e14416df\">[1] Para m\u00e1s informaci\u00f3n pueden seguir las redes sociales de VerdeVer. Facebook: <a href=\"https:\/\/www.facebook.com\/VerdeVer-Tianguis-Ecol%C3%B3gico-Espacio-de-Cultura-Ecol%C3%B3gica-105956885266740\/\">VerdeVer Tianguis Ecol\u00f3gico<\/a>. Espacio de Cultura Ecol\u00f3gica. Instagram: @tianguis.verde.ver<\/p>\n\n<p><\/p>\n","protected":false},"excerpt":{"rendered":"<p>VerdeVer se reactiva en Xalapa: mercado ecol\u00f3gico con productos locales, talleres y consumo responsable todos los s\u00e1bados en el centro de la ciudad.<\/p>\n","protected":false},"author":63,"featured_media":57147,"comment_status":"open","ping_status":"open","sticky":false,"template":"","format":"standard","meta":{"ep_exclude_from_search":false,"p4_og_title":"Se reactiva en Xalapa la iniciativa ecol\u00f3gica VerdeVer","p4_og_description":"VerdeVer se reactiva en Xalapa: mercado ecol\u00f3gico con productos locales, talleres y consumo responsable todos los s\u00e1bados en el centro de la ciudad.","p4_og_image":"https:\/\/www.greenpeace.org\/static\/planet4-mexico-stateless\/2025\/06\/106fdba8-verde-ver-veracruz.jpeg","p4_og_image_id":"57147","p4_seo_canonical_url":"","p4_campaign_name":"not set","p4_local_project":"not set","p4_basket_name":"not set","p4_department":"","footnotes":""},"categories":[46],"tags":[21,20],"p4-page-type":[16],"class_list":["post-50901","post","type-post","status-publish","format-standard","has-post-thumbnail","hentry","category-por-definir","tag-activismo","tag-consumo","p4-page-type-informacion-prensa"],"_links":{"self":[{"href":"https:\/\/www.greenpeace.org\/mexico\/wp-json\/wp\/v2\/posts\/50901","targetHints":{"allow":["GET"]}}],"collection":[{"href":"https:\/\/www.greenpeace.org\/mexico\/wp-json\/wp\/v2\/posts"}],"about":[{"href":"https:\/\/www.greenpeace.org\/mexico\/wp-json\/wp\/v2\/types\/post"}],"author":[{"embeddable":true,"href":"https:\/\/www.greenpeace.org\/mexico\/wp-json\/wp\/v2\/users\/63"}],"replies":[{"embeddable":true,"href":"https:\/\/www.greenpeace.org\/mexico\/wp-json\/wp\/v2\/comments?post=50901"}],"version-history":[{"count":9,"href":"https:\/\/www.greenpeace.org\/mexico\/wp-json\/wp\/v2\/posts\/50901\/revisions"}],"predecessor-version":[{"id":58170,"href":"https:\/\/www.greenpeace.org\/mexico\/wp-json\/wp\/v2\/posts\/50901\/revisions\/58170"}],"wp:featuredmedia":[{"embeddable":true,"href":"https:\/\/www.greenpeace.org\/mexico\/wp-json\/wp\/v2\/media\/57147"}],"wp:attachment":[{"href":"https:\/\/www.greenpeace.org\/mexico\/wp-json\/wp\/v2\/media?parent=50901"}],"wp:term":[{"taxonomy":"category","embeddable":true,"href":"https:\/\/www.greenpeace.org\/mexico\/wp-json\/wp\/v2\/categories?post=50901"},{"taxonomy":"post_tag","embeddable":true,"href":"https:\/\/www.greenpeace.org\/mexico\/wp-json\/wp\/v2\/tags?post=50901"},{"taxonomy":"p4-page-type","embeddable":true,"href":"https:\/\/www.greenpeace.org\/mexico\/wp-json\/wp\/v2\/p4-page-type?post=50901"}],"curies":[{"name":"wp","href":"https:\/\/api.w.org\/{rel}","templated":true}]}}