{"id":50928,"date":"2022-06-08T10:45:00","date_gmt":"2022-06-08T15:45:00","guid":{"rendered":"https:\/\/www.greenpeace.org\/mexico\/?p=50928"},"modified":"2025-06-25T09:37:43","modified_gmt":"2025-06-25T14:37:43","slug":"greenpeace-presenta-reporte-sobre-la-contaminacion-por-plasticos-en-veracruz-y-hace-un-fuerte-llamado-a-la-camara-de-diputados-y-diputadas","status":"publish","type":"post","link":"https:\/\/www.greenpeace.org\/mexico\/informacion-prensa\/50928\/greenpeace-presenta-reporte-sobre-la-contaminacion-por-plasticos-en-veracruz-y-hace-un-fuerte-llamado-a-la-camara-de-diputados-y-diputadas\/","title":{"rendered":"Greenpeace presenta reporte sobre la contaminaci\u00f3n por pl\u00e1sticos en Veracruz y hace un fuerte llamado a la C\u00e1mara de Diputados y Diputadas"},"content":{"rendered":"\n<p class=\"has-green-800-color has-text-color has-link-color wp-elements-b97c7c1db227dbccadd8214fc7647043\"><strong>A trav\u00e9s de esta investigaci\u00f3n, se muestra que The Coca Cola Company es la empresa con mayor responsabilidad en la contaminaci\u00f3n por pl\u00e1sticos en las playas de la zona conurbada Boca del R\u00edo- Alvarado, adem\u00e1s de la seis islas del Parque Nacional Sistema Arrecifal Veracruzano y la parte baja del r\u00edo Jamapa-Cotaxtla<\/strong><\/p>\n\n<p class=\"has-green-800-color has-text-color has-link-color wp-elements-f67d708e3dea7cab2c6708df0bf26847\"><strong>Los pl\u00e1sticos se fragmentan en micropl\u00e1sticos e incluso en nanopl\u00e1sticos y son los menos visibles y los que m\u00e1s da\u00f1o est\u00e1n generando a la biodiversidad y al ser humano ya que \u00e9stos se han encontrado en tejidos y \u00f3rganos de los seres vivos y adem\u00e1s est\u00e1n presentes en agua y aire.<\/strong><\/p>\n\n<p class=\"has-green-800-color has-text-color has-link-color wp-elements-a696b3b7739eb9a4862ec34163254b44\"><strong>La C\u00e1mara de Diputados y Diputadas tiene la posibilidad de reformar la LGPGIR para que se proh\u00edban los pl\u00e1sticos de un solo uso y se incluya la Responsabilidad Extendida de los Productores.<\/strong><\/p>\n\n<figure class=\"wp-block-image size-large\"><img loading=\"lazy\" decoding=\"async\" width=\"1024\" height=\"683\" src=\"https:\/\/www.greenpeace.org\/static\/planet4-mexico-stateless\/2025\/06\/f8d76876-tortuga-plasticos-1024x683.jpg\" title=\"Fotograf\u00eda del cad\u00e1ver de una tortuga marina varada tras ser arrastrada por una ola y sepultada por residuos pl\u00e1sticos.\" alt=\"Fotograf\u00eda del cad\u00e1ver de una tortuga marina varada tras ser arrastrada por una ola y sepultada por residuos pl\u00e1sticos.\" class=\"wp-image-57133\" srcset=\"https:\/\/www.greenpeace.org\/static\/planet4-mexico-stateless\/2025\/06\/f8d76876-tortuga-plasticos-1024x683.jpg 1024w, https:\/\/www.greenpeace.org\/static\/planet4-mexico-stateless\/2025\/06\/f8d76876-tortuga-plasticos-300x200.jpg 300w, https:\/\/www.greenpeace.org\/static\/planet4-mexico-stateless\/2025\/06\/f8d76876-tortuga-plasticos-768x512.jpg 768w, https:\/\/www.greenpeace.org\/static\/planet4-mexico-stateless\/2025\/06\/f8d76876-tortuga-plasticos-510x340.jpg 510w, https:\/\/www.greenpeace.org\/static\/planet4-mexico-stateless\/2025\/06\/f8d76876-tortuga-plasticos.jpg 1200w\" sizes=\"auto, (max-width: 1024px) 100vw, 1024px\" \/><\/figure>\n\n<h2 class=\"wp-block-heading\">Amenaza pl\u00e1stica en costas veracruzanas: principales hallazgos<\/h2>\n\n<p>Este mi\u00e9rcoles se present\u00f3 en conferencia de prensa la investigaci\u00f3n elaborada por Greenpeace M\u00e9xico y el Tecnol\u00f3gico Nacional de M\u00e9xico -Instituto Tecnol\u00f3gico de Veracruz: <strong>\u201cAmenaza pl\u00e1stica: un problema en las costas veracruzanas\u201d<\/strong> donde se muestra que la contaminaci\u00f3n por pl\u00e1sticos es una problem\u00e1tica en M\u00e9xico, a trav\u00e9s de este caso de estudio en Veracruz. La investigaci\u00f3n consisti\u00f3 en un monitoreo &#8211;de la mano del doctor Luis Alberto Peralta del Instituto Tecnol\u00f3gico de Veracruz&#8211; de la presencia y caracterizaci\u00f3n (tipo de pl\u00e1stico, tipo de producto, marca) de los residuos pl\u00e1sticos en 11 playas de la zona conurbada Boca del R\u00edo- Alvarado, en las islas y sus lagunas arrecifales del Parque Nacional Sistema Arrecifal Veracruzano (PNSAV) y en la parte baja del r\u00edo Jamapa- Cotaxtla.&nbsp;&nbsp;<\/p>\n\n<h3 class=\"wp-block-heading\">Empresas responsables, impactos y llamados urgentes<\/h3>\n\n<p>Se contabilizaron un total de 4,344 \u00edtems de pl\u00e1stico en toda la zona estudiada, la mayor\u00eda de los cuales fueron fragmentos de pl\u00e1sticos no identificados y de poliestireno expandido (EPS), es decir, de unicel; seguidos de las botellas de PET desechables y sus tapas, usadas por la industria refresquera. Otros residuos hallados fueron bolsas, desechables para alimentos y botellas de diversos tipos de pl\u00e1stico, etc . Estos resultados muestran c\u00f3mo los pl\u00e1sticos de un solo uso forman la mayor parte de la basura marina identificada. S\u00f3lo el 25 % de estos residuos (1,104 \u00edtems) pudieron ser rastreados hasta el nombre de la compa\u00f1\u00eda que fabrica este producto. Entre las compa\u00f1\u00edas con mayor n\u00famero de productos pl\u00e1sticos encontrados en los ecosistemas costeros, se encontr\u00f3 a <em>The Coca Cola Company<\/em> con el 35 %. Tambi\u00e9n destacan <em>Pepsico<\/em>, <em>Colgate Palmolive<\/em>, <em>Keuring Dr. Pepper<\/em>, <em>Unilever<\/em>, <em>Procter &amp; Gamble<\/em>, <em>Nestl\u00e9<\/em>, <em>Quala <\/em>y <em>Grupo Danone<\/em>. Adem\u00e1s, sobresalen compa\u00f1\u00edas mexicanas como <em>Industrias Clarasol<\/em>, <em>Grupo Bimbo<\/em>, <em>Grupo Lala<\/em>, <em>Alpura<\/em>, <em>Industrias Patrona<\/em> y <em>Pisa Farmac\u00e9utica<\/em>. Estos datos muestran resultados semejantes a los de otros informes de auditor\u00edas de residuos como <em>Break Free From Plastics<\/em> (2021), el cual, por cuarto a\u00f1o consecutivo, identifica a <em>The Coca-Cola Company<\/em> como la empresa con mayor contribuci\u00f3n a este problema ambiental, seguida por <em>Pepsico<\/em>, <em>Unilever<\/em>, <em>Nestl\u00e9<\/em> y <em>Procter &amp; Gamble<\/em> en el top 5.&nbsp;<\/p>\n\n<blockquote class=\"wp-block-quote is-layout-flow wp-block-quote-is-layout-flow\">\n<p>\u201cLa degradaci\u00f3n de los pl\u00e1sticos termina fragment\u00e1ndolos en micropl\u00e1sticos e incluso en nanopl\u00e1sticos. Son estos peque\u00f1os fragmentos los menos visibles y los que m\u00e1s da\u00f1o est\u00e1n generando a la biodiversidad y al ser humano, ya que existe evidencia cient\u00edfica en la que consta que cada vez se incorporan m\u00e1s micro y nano pl\u00e1sticos en los tejidos y \u00f3rganos de los seres vivos y adem\u00e1s est\u00e1n presentes en agua y aire. Si bien deben hacerse m\u00e1s investigaciones sobre los efectos de los pl\u00e1sticos en la salud humana y en la biodiversidad, los potenciales impactos est\u00e1n presentes y por ello es necesario tomar medidas urgentes para frenar este problema.\u201d <\/p>\n<cite>declar\u00f3 Jacobo Santander Monsalvo, uno de los autores de la publicaci\u00f3n.<\/cite><\/blockquote>\n\n<blockquote class=\"wp-block-quote is-layout-flow wp-block-quote-is-layout-flow\">\n<p>\u201cEl problema de la contaminaci\u00f3n por pl\u00e1sticos no es solo una cuesti\u00f3n de un manejo de residuos inadecuado, sino que en el centro del problema se encuentra la producci\u00f3n y el consumo masivo de productos dise\u00f1ados para desecharse. Por ello, para solucionar de ra\u00edz este problema las empresas deben dejar atr\u00e1s los pl\u00e1sticos de un solo uso y avanzar hacia sistemas de distribuci\u00f3n de sus productos que sean reutilizables\u201d, <\/p>\n<cite>declar\u00f3 Ornela Garelli, campa\u00f1ista de Oc\u00e9anos sin pl\u00e1sticos de Greenpeace M\u00e9xico.&nbsp;<\/cite><\/blockquote>\n\n<p>En ese sentido, Greenpeace M\u00e9xico hace un llamado contundente a la la C\u00e1mara de Diputados y Diputadas para que se modifique sustancialmente la minuta de la reforma a la&nbsp; Ley General para la Prevenci\u00f3n y Gesti\u00f3n Integral de Residuos (LGPGIR), aprobada por el Senado el a\u00f1o pasado, y lograr verdaderos cambios para salvaguardar nuestras cuencas, r\u00edos y mares a trav\u00e9s de los siguientes puntos:&nbsp;<\/p>\n\n<div class=\"wp-block-columns is-layout-flex wp-container-core-columns-is-layout-9d6595d7 wp-block-columns-is-layout-flex\">\n<div class=\"wp-block-column is-layout-flow wp-block-column-is-layout-flow\" style=\"flex-basis:100%\">\n<ol class=\"wp-block-list\">\n<li><strong>Incluir la Responsabilidad Extendida de los Productores como mecanismo complementario a la responsabilidad compartida que ya existe en la ley.<\/strong> La REP es esencial para que las empresas se hagan responsables de los productos (y sus empaques) que ponen en el mercado durante todo su ciclo de vida y que terminan en nuestras aguas.\u00a0<\/li>\n\n\n\n<li><strong>Modificar la definici\u00f3n de pl\u00e1sticos de un solo uso<\/strong>, de modo que se elimine la excepci\u00f3n a los pl\u00e1sticos reciclables, compostables, aprovechables y valorizables ya que afecta su correcta regulaci\u00f3n.<\/li>\n\n\n\n<li><strong>La incineraci\u00f3n de residuos\/transformaci\u00f3n de residuos en energ\u00eda no es econom\u00eda circular<\/strong>, sino que es una medida altamente contaminante porque genera emisiones de gases de efecto invernadero y de otras sustancias t\u00f3xicas en suelo, agua y aire.\u00a0<\/li>\n\n\n\n<li><strong>La econom\u00eda circular no es igual a reciclar:<\/strong> se debe privilegiar la prevenci\u00f3n y la minimizaci\u00f3n en la generaci\u00f3n de residuos, as\u00ed como el dise\u00f1o de productos reutilizables (por encima del aprovechamiento y valorizaci\u00f3n de residuos ya generados o su disposici\u00f3n final).\u00a0<\/li>\n\n\n\n<li><strong>Asegurar la participaci\u00f3n de las organizaciones de pepenadores y recicladores<\/strong> de base.\u00a0<\/li>\n\n\n\n<li><strong>Salvaguardar lo avanzado<\/strong>: no retrocedamos en lo logrado como lo son las pol\u00edticas municipales y estatales de prohibici\u00f3n de pl\u00e1sticos de un s\u00f3lo uso.\u00a0<\/li>\n<\/ol>\n<\/div>\n<\/div>\n\n<p>Regular correctamente es un primer paso para cambiar la responsabilidad de las empresas y crear obligaciones determinadas y sanciones m\u00e1s r\u00edgidas, transformar la cultura de consumo de quienes compran estos productos y mejorar los sistema de gesti\u00f3n de residuos de las ciudades del pa\u00eds. La cultura del usar y desechar debe quedarse atr\u00e1s, nuestro planeta necesita cambios sist\u00e9micos y para ello transitar hacia la reutilizaci\u00f3n y el refill es esencial.&nbsp;<\/p>\n\n<p>Para consultar o descargar el reporte visita <a href=\"https:\/\/act.gp\/AmenazaPlastica\" target=\"_blank\" rel=\"noreferrer noopener\">este link. <\/a><\/p>\n","protected":false},"excerpt":{"rendered":"<p>Greenpeace alerta sobre la contaminaci\u00f3n pl\u00e1stica en Veracruz y urge reformar la LGPGIR para prohibir pl\u00e1sticos de un solo uso y responsabilizar a empresas.<\/p>\n","protected":false},"author":63,"featured_media":57133,"comment_status":"open","ping_status":"open","sticky":false,"template":"","format":"standard","meta":{"ep_exclude_from_search":false,"p4_og_title":"Greenpeace presenta reporte sobre la contaminaci\u00f3n por pl\u00e1sticos en Veracruz y hace un fuerte llamado a la C\u00e1mara de Diputados y Diputadas","p4_og_description":"Greenpeace alerta sobre la contaminaci\u00f3n pl\u00e1stica en Veracruz y urge reformar la LGPGIR para prohibir pl\u00e1sticos de un solo uso y responsabilizar a empresas.","p4_og_image":"https:\/\/www.greenpeace.org\/static\/planet4-mexico-stateless\/2025\/06\/f8d76876-tortuga-plasticos.jpg","p4_og_image_id":"57133","p4_seo_canonical_url":"","p4_campaign_name":"not set","p4_local_project":"not set","p4_basket_name":"not set","p4_department":"","footnotes":""},"categories":[45],"tags":[20,68],"p4-page-type":[16],"class_list":["post-50928","post","type-post","status-publish","format-standard","has-post-thumbnail","hentry","category-plasticos","tag-consumo","tag-mexico-sin-plasticos","p4-page-type-informacion-prensa"],"_links":{"self":[{"href":"https:\/\/www.greenpeace.org\/mexico\/wp-json\/wp\/v2\/posts\/50928","targetHints":{"allow":["GET"]}}],"collection":[{"href":"https:\/\/www.greenpeace.org\/mexico\/wp-json\/wp\/v2\/posts"}],"about":[{"href":"https:\/\/www.greenpeace.org\/mexico\/wp-json\/wp\/v2\/types\/post"}],"author":[{"embeddable":true,"href":"https:\/\/www.greenpeace.org\/mexico\/wp-json\/wp\/v2\/users\/63"}],"replies":[{"embeddable":true,"href":"https:\/\/www.greenpeace.org\/mexico\/wp-json\/wp\/v2\/comments?post=50928"}],"version-history":[{"count":13,"href":"https:\/\/www.greenpeace.org\/mexico\/wp-json\/wp\/v2\/posts\/50928\/revisions"}],"predecessor-version":[{"id":58169,"href":"https:\/\/www.greenpeace.org\/mexico\/wp-json\/wp\/v2\/posts\/50928\/revisions\/58169"}],"wp:featuredmedia":[{"embeddable":true,"href":"https:\/\/www.greenpeace.org\/mexico\/wp-json\/wp\/v2\/media\/57133"}],"wp:attachment":[{"href":"https:\/\/www.greenpeace.org\/mexico\/wp-json\/wp\/v2\/media?parent=50928"}],"wp:term":[{"taxonomy":"category","embeddable":true,"href":"https:\/\/www.greenpeace.org\/mexico\/wp-json\/wp\/v2\/categories?post=50928"},{"taxonomy":"post_tag","embeddable":true,"href":"https:\/\/www.greenpeace.org\/mexico\/wp-json\/wp\/v2\/tags?post=50928"},{"taxonomy":"p4-page-type","embeddable":true,"href":"https:\/\/www.greenpeace.org\/mexico\/wp-json\/wp\/v2\/p4-page-type?post=50928"}],"curies":[{"name":"wp","href":"https:\/\/api.w.org\/{rel}","templated":true}]}}