{"id":51001,"date":"2022-06-21T09:00:00","date_gmt":"2022-06-21T14:00:00","guid":{"rendered":"https:\/\/www.greenpeace.org\/mexico\/?p=51001"},"modified":"2025-06-21T19:28:52","modified_gmt":"2025-06-22T00:28:52","slug":"la-fuente-de-energia-mas-abundante-del-planeta-el-sol","status":"publish","type":"post","link":"https:\/\/www.greenpeace.org\/mexico\/blog\/51001\/la-fuente-de-energia-mas-abundante-del-planeta-el-sol\/","title":{"rendered":"El sol, la fuente de energ\u00eda m\u00e1s abundante del planeta"},"content":{"rendered":"\n<p>El sol es la fuente de energ\u00eda m\u00e1s abundante en el planeta tierra y es el factor que ha permitido la vida como la conocemos y que mantiene vivo al planeta. Se calcula que en dos d\u00edas, el planeta recibe del sol una cantidad de energ\u00eda equivalente a todas las reservas probadas de petr\u00f3leo, gas y carb\u00f3n, el equivalente a 60 veces el consumo humano anual de energ\u00eda.&nbsp;&nbsp;<\/p>\n\n<p>Este recurso \u201cpr\u00e1cticamente ilimitado\u201d ha sido utilizado desde hace muchos a\u00f1os para diversos fines. El primer registro que se tiene del uso de la energ\u00eda solar data del siglo 3 a.C. en los imperios Griego y Romano, donde se inventaron artefactos para poder utilizar la luz solar para generar fuego, pero fue hasta 1938 que Alexandre Edmond Becquerel descubrir\u00eda el efecto fotovoltaico, es decir la transformaci\u00f3n de luz solar directamente en energ\u00eda el\u00e9ctrica. En un principio la tecnolog\u00eda de celdas generaba muy poca electricidad, por lo que no era posible su utilizaci\u00f3n pr\u00e1ctica, pero marc\u00f3 un hito en las posibilidades de generar electricidad.<\/p>\n\n<p>Mucho ha pasado desde ese momento, la tecnolog\u00eda ha avanzado para generar artefactos m\u00e1s eficientes y m\u00e1s accesibles, a tal punto que ahora mismo es m\u00e1s barato generar electricidad a trav\u00e9s del sol que a trav\u00e9s de casi cualquier fuente f\u00f3sil. Estas son buenas noticias especialmente para pa\u00edses como M\u00e9xico, donde existen zonas con un alt\u00edsimo potencial fotovolt\u00e1ico, como la zona norte del pa\u00eds, una de las regiones con el mayor potencial del mundo.<\/p>\n\n<figure class=\"wp-block-image size-full is-resized\"><img loading=\"lazy\" decoding=\"async\" width=\"648\" height=\"431\" src=\"https:\/\/www.greenpeace.org\/static\/planet4-mexico-stateless\/2025\/06\/3a3b330e-mapa-radiacion-solar.png\" title=\"Mapa que muestra los diferentes niveles de radiaci\u00f3n solar alrededor del mundo.\" alt=\"Mapa que muestra los diferentes niveles de radiaci\u00f3n solar alrededor del mundo.\" class=\"wp-image-57097\" style=\"width:772px;height:513px\" srcset=\"https:\/\/www.greenpeace.org\/static\/planet4-mexico-stateless\/2025\/06\/3a3b330e-mapa-radiacion-solar.png 648w, https:\/\/www.greenpeace.org\/static\/planet4-mexico-stateless\/2025\/06\/3a3b330e-mapa-radiacion-solar-300x200.png 300w, https:\/\/www.greenpeace.org\/static\/planet4-mexico-stateless\/2025\/06\/3a3b330e-mapa-radiacion-solar-510x340.png 510w\" sizes=\"auto, (max-width: 648px) 100vw, 648px\" \/><\/figure>\n\n<p>Mucho ha pasado tambi\u00e9n en t\u00e9rminos de impactos ambientales, el cambio clim\u00e1tico es ahora uno de las principales amenazas que pone en riesgo el equilibrio ecosist\u00e9mico y la vida de cientos de miles de especies, incluida la nuestra, en el mundo.&nbsp;<\/p>\n\n<h2 class=\"wp-block-heading\">\u00bfEsto c\u00f3mo se relaciona?<\/h2>\n\n<p>El cambio clim\u00e1tico es un fen\u00f3meno atmosf\u00e9rico ocasionado por las actividades humanas, principalmente para la generaci\u00f3n de energ\u00eda. Desde finales del siglo 19, la quema de combustibles f\u00f3siles como el carb\u00f3n, el gas, el petr\u00f3leo, etc. ha aumentado enormemente para el uso industrial y con ellas ha aumentado tambi\u00e9n la emisi\u00f3n de gases contaminantes que da\u00f1an la salud y que se acumulan en la atm\u00f3sfera incrementando el llamado \u201cefecto Invernadero\u201d y con esto al calentamiento global.&nbsp;<\/p>\n\n<h2 class=\"wp-block-heading\">\u00bfD\u00f3nde queda la energ\u00eda solar?<\/h2>\n\n<p>Como ya vimos, la energ\u00eda solar es ahora una realidad, sin embargo su uso a\u00fan sigue siendo muy bajo, particularmente en pa\u00edses altamente dependientes de los combustibles f\u00f3siles como M\u00e9xico. De acuerdo con cifras oficiales, del 100% de electricidad que se genera en M\u00e9xico, solo el 4.3% es solar.&nbsp; \u00bfPor qu\u00e9? Actualmente somos testigos\/as de un cambio en el paradigma de la energ\u00eda, seguir bajo el modelo f\u00f3sil que nos ha tra\u00eddo al borde del colapso ambiental no es deseable pero tampoco es posible. Sin embargo, tambi\u00e9n vemos c\u00f3mo existen muchas resistencias pol\u00edticas y corporativas que siguen tratando de alargar la vida de los combustibles f\u00f3siles. A pesar de todos los avances que existen y de ejemplos de \u00e9xito por todo el mundo, todav\u00eda se sigue diciendo que no funcionan\u2026&nbsp;<\/p>\n\n<p>La energ\u00eda solar, a diferencia de los combustibles f\u00f3siles, no est\u00e1 concentrada en un solo yacimiento. Podr\u00eda decirse que haciendo una analog\u00eda con el agua, el petr\u00f3leo ser\u00eda como un lago y la energ\u00eda solar como la lluvia. Esto hace que su aprovechamiento y transporte sea m\u00e1s complejo que el del petr\u00f3leo y dem\u00e1s combustibles f\u00f3siles, pero tambi\u00e9n presenta ventajas, la energ\u00eda solar a diferencia de las tecnolog\u00edas f\u00f3siles puede implementarse en peque\u00f1a escala en el lugar de consumo, cada vez es m\u00e1s com\u00fan y m\u00e1s factible que personas y comunidades puedan producir su propia electricidad a trav\u00e9s de fuentes solares, esto es un factor muy importante para tener energ\u00eda limpia, segura y asequible en lugares donde ahora mismo no hay acceso a la electricidad. <\/p>\n\n<figure class=\"wp-block-image size-full is-resized\"><img loading=\"lazy\" decoding=\"async\" width=\"1200\" height=\"648\" src=\"https:\/\/www.greenpeace.org\/static\/planet4-mexico-stateless\/2025\/06\/b8ad6a0f-sol-rainbow-warrior.jpg\" title=\"Fotograf\u00eda del Rainbow Warrior, mientras navega en el Mediterr\u00e1neo al atardecer.\" alt=\"Fotograf\u00eda del Rainbow Warrior, mientras navega en el Mediterr\u00e1neo al atardecer.\" class=\"wp-image-57096\" style=\"width:701px;height:436px\" srcset=\"https:\/\/www.greenpeace.org\/static\/planet4-mexico-stateless\/2025\/06\/b8ad6a0f-sol-rainbow-warrior.jpg 1200w, https:\/\/www.greenpeace.org\/static\/planet4-mexico-stateless\/2025\/06\/b8ad6a0f-sol-rainbow-warrior-300x162.jpg 300w, https:\/\/www.greenpeace.org\/static\/planet4-mexico-stateless\/2025\/06\/b8ad6a0f-sol-rainbow-warrior-1024x553.jpg 1024w, https:\/\/www.greenpeace.org\/static\/planet4-mexico-stateless\/2025\/06\/b8ad6a0f-sol-rainbow-warrior-768x415.jpg 768w, https:\/\/www.greenpeace.org\/static\/planet4-mexico-stateless\/2025\/06\/b8ad6a0f-sol-rainbow-warrior-510x275.jpg 510w\" sizes=\"auto, (max-width: 1200px) 100vw, 1200px\" \/><figcaption class=\"wp-element-caption\">Greenpeace flag ship, Rainbow Warrior is seen sailing in the Mediterranean sea at sunset. Greenpeace is in the Mediterranean to take action against the bluefin tuna fishing fleets and to promote marine reserves.<\/figcaption><\/figure>\n\n<p>Otra de las razones es que, como todos\/as sabemos, el sol sale y se pone, es decir que es una fuente de energ\u00eda variable que se puede aprovechar por el d\u00eda pero no por la noche, aunque existen diferentes formas para hacer frente a la puesta del sol, existen sistemas de almacenamiento que permite guardar el excedente de energ\u00eda que se produce por el d\u00eda y utilizarlo durante la noche, tambi\u00e9n existen sistemas h\u00edbridos que conjuntan diversas fuentes renovables que se cubren unas a otras cuando no est\u00e1n disponibles: sistemas solares, e\u00f3licos, microhidroel\u00e9ctrica, biodigestores, etc. <\/p>\n\n<p>Por \u00faltimo, a pesar de que generar electricidad a trav\u00e9s del sol cada vez es m\u00e1s barato, la instalaci\u00f3n de este tipo de sistemas todav\u00eda no est\u00e1 al alcance de todxs, sobre todo de las personas que m\u00e1s lo necesitan.&nbsp;<\/p>\n\n<p>En conclusi\u00f3n, la energ\u00eda solar es una realidad y es una de las mejores alternativas que tenemos para combatir el cambio clim\u00e1tico y la pobreza energ\u00e9tica, lo que hace falta es desarrollar mecanismos para poder hacerla una realidad: fortalecer nuestro sistema el\u00e9ctrico, integrar en las estrategias sistemas de almacenamiento; desarrollar estrategias ambiciosas de generaci\u00f3n descentralizada en peque\u00f1a escala para que la gente y las comunidades, principalmente las que no tienen acceso a la electricidad, pueden producir su propia electricidad de forma limpia y asequible, implementando mecanismos de financiamiento que permitan el acceso a sectores de la poblaci\u00f3n que actualmente no lo tienen.<\/p>\n\n<p>Fuentes:<\/p>\n\n<p>(1) &nbsp;Camilo Arancibia Bulnes y Roberto Best y Brown. (Abril -Junio 2010). Energ\u00eda del Sol. Ciencia, 61, 10-17.<\/p>\n\n<p>(2) &nbsp;Oviedo-Salazar, J.L., M.H. Badii, A. Guillen &amp; O. Lugo Serrato. (2015). Historia y Uso de Energ\u00edas Renovables. San Nicol\u00e1s de los Garza, N.L., M\u00e9xico: UANL.<\/p>\n\n<p>(3) &nbsp;Beatriz Olivera Villa . (2020). EL CAMINO DE M\u00c9XICO HACIA LA JUSTICIA ENERG\u00c9TICA. CDMX: Greenpeace M\u00e9xico.<\/p>\n\n<p>(4) <a href=\"https:\/\/climate.selectra.com\/es\/que-es\/efecto-invernadero#:~:text=Los%20gases%20de%20efecto%20invernadero,-Los%20Gases%20de&amp;text=Absorben%20algunos%20de%20los%20rayos,principal%20causa%20del%20efecto%20invernadero.\" target=\"_blank\" rel=\"noreferrer noopener\">https:\/\/climate.selectra.com\/es\/que-es\/efecto-invernadero#:~:text=Los%20gases%20de%20efecto%20invernadero,-Los%20Gases%20de&amp;text=Absorben%20algunos%20de%20los%20rayos,principal%20causa%20del%20efecto%20invernadero.<\/a><\/p>\n\n<p>(5) &nbsp;PRODESEN 2022-2036, SENER, 2022.<\/p>\n\t\t\t<section\n\t\t\tclass=\"boxout post-8448 \"\n\t\t\t\n\t\t>\n\t\t\t<a\n\t\t\t\tdata-ga-category=\"Take Action Boxout\"\n\t\t\t\tdata-ga-action=\"Image\"\n\t\t\t\tdata-ga-label=\"n\/a\"\n\t\t\t\tclass=\"cover-card-overlay\"\n\t\t\t\thref=\"https:\/\/www.greenpeace.org\/mexico\/participa\/no-al-bloqueo-de-energias-renovables-en-mexico\/\" \n\t\t\t><\/a>\n\t\t\t\t\t\t\t<img\n\t\t\t\t\t\tsrc=\"https:\/\/www.greenpeace.org\/static\/planet4-mexico-stateless\/2021\/10\/c67b6127-001-1024x638.png\"\n\t\t\t\t\t\tsrcset=\"https:\/\/www.greenpeace.org\/static\/planet4-mexico-stateless\/2021\/10\/c67b6127-001-300x187.png 300w, https:\/\/www.greenpeace.org\/static\/planet4-mexico-stateless\/2021\/10\/c67b6127-001-1024x638.png 1024w, https:\/\/www.greenpeace.org\/static\/planet4-mexico-stateless\/2021\/10\/c67b6127-001-768x479.png 768w, https:\/\/www.greenpeace.org\/static\/planet4-mexico-stateless\/2021\/10\/c67b6127-001-510x318.png 510w, https:\/\/www.greenpeace.org\/static\/planet4-mexico-stateless\/2021\/10\/c67b6127-001.png 1280w\"\n\t\t\t\t\t\tsizes=\"(min-width: 1000px) 358px, (min-width: 780px) 313px, 88px\"\n\t\t\t\t\t\talt=\"\" title=\"\"\n\t\t\t\t\/>\n            \t\t\t<div class=\"boxout-content\">\n\t\t\t\t\t\t\t\t\t<a\n\t\t\t\t\t\tclass=\"boxout-heading large\"\n\t\t\t\t\t\tdata-ga-category=\"Take Action Boxout\"\n\t\t\t\t\t\tdata-ga-action=\"Title\"\n\t\t\t\t\t\tdata-ga-label=\"n\/a\"\n\t\t\t\t\t\thref=\"https:\/\/www.greenpeace.org\/mexico\/participa\/no-al-bloqueo-de-energias-renovables-en-mexico\/\"\n\t\t\t\t\t\t\n\t\t\t\t\t>\n\t\t\t\t\t\t\u00a1No m\u00e1s combustibles f\u00f3siles!\n\t\t\t\t\t<\/a>\n\t\t\t\t\t\t\t\t\t\t\t\t\t<p class=\"boxout-excerpt\">Que no se prioricen combustibles f\u00f3siles altamente contaminantes como el combust\u00f3leo, el carb\u00f3n y el gas natural para producir la energ\u00eda que necesitamos, sobre fuentes renovables que son m\u00e1s baratas y ayudan a combatir el cambio clim\u00e1tico.<\/p>\n\t\t\t\t                                    <a\n                        class=\"btn btn-primary\"\n                        data-ga-category=\"Take Action Boxout\"\n                        data-ga-action=\"Call to Action\"\n                        data-ga-label=\"n\/a\"\n                        href=\"https:\/\/www.greenpeace.org\/mexico\/participa\/no-al-bloqueo-de-energias-renovables-en-mexico\/\"\n                        \n                    >\n                        Participa\n                    <\/a>\n                \t\t\t<\/div>\n\t\t\t\t\t<\/section>\n\t\n<p><\/p>\n","protected":false},"excerpt":{"rendered":"<p>El sol es la fuente m\u00e1s abundante de energ\u00eda y clave para combatir el cambio clim\u00e1tico con una transici\u00f3n justa hacia energ\u00edas limpias en M\u00e9xico.<\/p>\n","protected":false},"author":29,"featured_media":57096,"comment_status":"open","ping_status":"open","sticky":false,"template":"","format":"standard","meta":{"ep_exclude_from_search":false,"p4_og_title":"El sol, la fuente de energ\u00eda m\u00e1s abundante del planeta","p4_og_description":"El sol es la fuente m\u00e1s abundante de energ\u00eda y clave para combatir el cambio clim\u00e1tico con una transici\u00f3n justa hacia energ\u00edas limpias en M\u00e9xico.","p4_og_image":"https:\/\/www.greenpeace.org\/static\/planet4-mexico-stateless\/2025\/06\/b8ad6a0f-sol-rainbow-warrior.jpg","p4_og_image_id":"57096","p4_seo_canonical_url":"","p4_campaign_name":"not set","p4_local_project":"not set","p4_basket_name":"not set","p4_department":"","footnotes":""},"categories":[39],"tags":[47,54],"p4-page-type":[14],"class_list":["post-51001","post","type-post","status-publish","format-standard","has-post-thumbnail","hentry","category-clima-y-energia","tag-cambio-climatico","tag-energia-renovable","p4-page-type-blog"],"_links":{"self":[{"href":"https:\/\/www.greenpeace.org\/mexico\/wp-json\/wp\/v2\/posts\/51001","targetHints":{"allow":["GET"]}}],"collection":[{"href":"https:\/\/www.greenpeace.org\/mexico\/wp-json\/wp\/v2\/posts"}],"about":[{"href":"https:\/\/www.greenpeace.org\/mexico\/wp-json\/wp\/v2\/types\/post"}],"author":[{"embeddable":true,"href":"https:\/\/www.greenpeace.org\/mexico\/wp-json\/wp\/v2\/users\/29"}],"replies":[{"embeddable":true,"href":"https:\/\/www.greenpeace.org\/mexico\/wp-json\/wp\/v2\/comments?post=51001"}],"version-history":[{"count":4,"href":"https:\/\/www.greenpeace.org\/mexico\/wp-json\/wp\/v2\/posts\/51001\/revisions"}],"predecessor-version":[{"id":57098,"href":"https:\/\/www.greenpeace.org\/mexico\/wp-json\/wp\/v2\/posts\/51001\/revisions\/57098"}],"wp:featuredmedia":[{"embeddable":true,"href":"https:\/\/www.greenpeace.org\/mexico\/wp-json\/wp\/v2\/media\/57096"}],"wp:attachment":[{"href":"https:\/\/www.greenpeace.org\/mexico\/wp-json\/wp\/v2\/media?parent=51001"}],"wp:term":[{"taxonomy":"category","embeddable":true,"href":"https:\/\/www.greenpeace.org\/mexico\/wp-json\/wp\/v2\/categories?post=51001"},{"taxonomy":"post_tag","embeddable":true,"href":"https:\/\/www.greenpeace.org\/mexico\/wp-json\/wp\/v2\/tags?post=51001"},{"taxonomy":"p4-page-type","embeddable":true,"href":"https:\/\/www.greenpeace.org\/mexico\/wp-json\/wp\/v2\/p4-page-type?post=51001"}],"curies":[{"name":"wp","href":"https:\/\/api.w.org\/{rel}","templated":true}]}}