{"id":51041,"date":"2022-06-27T13:21:24","date_gmt":"2022-06-27T18:21:24","guid":{"rendered":"https:\/\/www.greenpeace.org\/mexico\/?p=51041"},"modified":"2025-06-21T17:46:47","modified_gmt":"2025-06-21T22:46:47","slug":"cual-es-el-orgullo-de-greenpeace","status":"publish","type":"post","link":"https:\/\/www.greenpeace.org\/mexico\/blog\/51041\/cual-es-el-orgullo-de-greenpeace\/","title":{"rendered":"\u00bfCu\u00e1l es el orgullo de Greenpeace?"},"content":{"rendered":"\n<p>El 28 de junio de 1969, en Nueva York, personas de la comunidad LGBT+ iniciaron de manera espont\u00e1nea una serie de manifestaciones en contra de la represi\u00f3n polic\u00edaca que persegu\u00eda principalmente a personas transg\u00e9nero. Estas acciones se conocen ahora como \u201clos disturbios de Stonewall\u201d porque comenzaron en el Stonewall Inn, un bar en el que muchas personas de la comunidad encontraban un lugar seguro para ser ellas mismas.<\/p>\n\n<p>Con este acto, personas lesbianas, bisexuales, homosexuales, trans, racializadas, pobres, VIH positivas y activistas, dieron origen a la conmemoraci\u00f3n del D\u00eda del Orgullo LGBT+, que tiene el fin de visibilizar la diversidad sexual y de g\u00e9nero en la sociedad.<\/p>\n\n<h2 class=\"wp-block-heading\">Diversidad, paz y comunidad: el trabajo hacia afuera y hacia adentro<\/h2>\n\n<p>Como organizaci\u00f3n ambientalista, el trabajo que realiza Greenpeace est\u00e1 encaminado a que todas las personas podamos vivir en un mundo mejor, trabajamos por la vida y por la paz. Primero, somos personas, m\u00e1s all\u00e1 del verde, buscamos construir en equipo, con la convicci\u00f3n de vivir en armon\u00eda con todos los colores de la diversidad.<\/p>\n\n<p>Nuestro trabajo, hacia afuera, es con personas, comunidades y organizaciones, tenemos la<br>responsabilidad de ser ejemplo de integridad, respeto e inclusi\u00f3n. Hacia dentro, buscamos que en todos los \u00e1mbitos se pueda trabajar en un ambiente seguro, donde cada persona pueda ser quien realmente es, con dignidad y sin miedo.<\/p>\n\n<h3 class=\"wp-block-heading\">Justicia, equidad e interseccionalidad dentro de Greenpeace<\/h3>\n\n<p>Uno de nuestros valores es la responsabilidad personal y la no-violencia, somos responsables de nuestras acciones, nuestro compromiso es por la paz y tomamos acciones rumbo a ella. As\u00ed, es que se cre\u00f3 el \u00e1rea de JEDIS: Justicia, Equidad, Diversidad, Inclusi\u00f3n y Seguridad; JEDIS es realizar acciones concretas para un Greenpeace radicalmente justo y seguro, para un mundo radicalmente justo y seguro.<\/p>\n\n<p>Sabemos que la justicia no se ve igual para todas las personas, por ello tomamos en cuenta la <strong>interseccionalidad<\/strong> en las iniciativas que creamos, conscientes de las desigualdades sociales, econ\u00f3micas, de etnia y g\u00e9nero, de las din\u00e1micas de poder que mantienen oprimidos a muchos sectores de la poblaci\u00f3n. M\u00e9xico es igual a diversidad, y nuestro orgullo es poder ser mejores.<\/p>\n\n<h2 class=\"wp-block-heading\">Celebrar el orgullo, celebrar la vida<\/h2>\n\n<p>En junio celebramos la vida, celebramos la diversidad, celebramos la lucha por una vida digna en un planeta libre, verde y pac\u00edfico, en donde todas las personas gocen del acceso a todos los derechos.<\/p>\n\n<figure class=\"wp-block-image size-large\"><img loading=\"lazy\" decoding=\"async\" width=\"1024\" height=\"683\" src=\"https:\/\/www.greenpeace.org\/static\/planet4-mexico-stateless\/2025\/06\/4b152d59-orgullo-cdmx-greenpeace-1024x683.jpg\" title=\"Activista de Greenpeace M\u00e9xico, entre banderas de arco\u00edris, participa en el Desfile del Orgullo M\u00e9xico 2019.\" alt=\"Activista de Greenpeace M\u00e9xico, entre banderas de arco\u00edris, participa en el Desfile del Orgullo M\u00e9xico 2019.\" class=\"wp-image-57079\" srcset=\"https:\/\/www.greenpeace.org\/static\/planet4-mexico-stateless\/2025\/06\/4b152d59-orgullo-cdmx-greenpeace-1024x683.jpg 1024w, https:\/\/www.greenpeace.org\/static\/planet4-mexico-stateless\/2025\/06\/4b152d59-orgullo-cdmx-greenpeace-300x200.jpg 300w, https:\/\/www.greenpeace.org\/static\/planet4-mexico-stateless\/2025\/06\/4b152d59-orgullo-cdmx-greenpeace-768x512.jpg 768w, https:\/\/www.greenpeace.org\/static\/planet4-mexico-stateless\/2025\/06\/4b152d59-orgullo-cdmx-greenpeace-510x340.jpg 510w, https:\/\/www.greenpeace.org\/static\/planet4-mexico-stateless\/2025\/06\/4b152d59-orgullo-cdmx-greenpeace.jpg 1200w\" sizes=\"auto, (max-width: 1024px) 100vw, 1024px\" \/><figcaption class=\"wp-element-caption\">\u00a9 Copyright<div class=\"credit icon-left\"> \u00a9 Greenpeace \/ Claudia Carrillo<\/div><\/figcaption><\/figure>\n\n<p>En palabras de Jennifer Morgan y Bunny McDiarmid (direcci\u00f3n ejecutiva de Greenpeace Internacional):<\/p>\n\n<blockquote class=\"wp-block-quote is-layout-flow wp-block-quote-is-layout-flow\">\n<p>\u00a0\u201cNuestra misi\u00f3n de proteger el planeta no debe cegarnos ante la realidad del trabajo que tenemos que seguir haciendo para construir y mantener nuestra propia organizaci\u00f3n como un espacio seguro para el activismo colaborativo. No puede haber paz sin equidad, ni sostenibilidad sin paz\u201d.<\/p>\n<\/blockquote>\n\n<p>La visi\u00f3n de un mundo mejor no es una, son todas aquellas que buscan la paz para todas las personas.&nbsp;<\/p>\n\t\t\t<section\n\t\t\tclass=\"boxout post-484 \"\n\t\t\t\n\t\t>\n\t\t\t<a\n\t\t\t\tdata-ga-category=\"Take Action Boxout\"\n\t\t\t\tdata-ga-action=\"Image\"\n\t\t\t\tdata-ga-label=\"n\/a\"\n\t\t\t\tclass=\"cover-card-overlay\"\n\t\t\t\thref=\"https:\/\/www.greenpeace.org\/mexico\/participa\/voluntariado\/\" \n\t\t\t><\/a>\n\t\t\t\t\t\t\t<img\n\t\t\t\t\t\tsrc=\"https:\/\/www.greenpeace.org\/static\/planet4-mexico-stateless\/2023\/08\/4560f38c-hermosillo-1024x768.jpeg\"\n\t\t\t\t\t\tsrcset=\"https:\/\/www.greenpeace.org\/static\/planet4-mexico-stateless\/2023\/08\/4560f38c-hermosillo-300x225.jpeg 300w, https:\/\/www.greenpeace.org\/static\/planet4-mexico-stateless\/2023\/08\/4560f38c-hermosillo-1024x768.jpeg 1024w, https:\/\/www.greenpeace.org\/static\/planet4-mexico-stateless\/2023\/08\/4560f38c-hermosillo-768x576.jpeg 768w, https:\/\/www.greenpeace.org\/static\/planet4-mexico-stateless\/2023\/08\/4560f38c-hermosillo-453x340.jpeg 453w, https:\/\/www.greenpeace.org\/static\/planet4-mexico-stateless\/2023\/08\/4560f38c-hermosillo.jpeg 1280w\"\n\t\t\t\t\t\tsizes=\"(min-width: 1000px) 358px, (min-width: 780px) 313px, 88px\"\n\t\t\t\t\t\talt=\"Fotograf\u00eda de integrantes de Greenpeace M\u00e9xico\" title=\"Fotograf\u00eda de integrantes de Greenpeace M\u00e9xico\"\n\t\t\t\t\/>\n            \t\t\t<div class=\"boxout-content\">\n\t\t\t\t\t\t\t\t\t<a\n\t\t\t\t\t\tclass=\"boxout-heading medium\"\n\t\t\t\t\t\tdata-ga-category=\"Take Action Boxout\"\n\t\t\t\t\t\tdata-ga-action=\"Title\"\n\t\t\t\t\t\tdata-ga-label=\"n\/a\"\n\t\t\t\t\t\thref=\"https:\/\/www.greenpeace.org\/mexico\/participa\/voluntariado\/\"\n\t\t\t\t\t\t\n\t\t\t\t\t>\n\t\t\t\t\t\tVoluntariado\n\t\t\t\t\t<\/a>\n\t\t\t\t\t\t\t\t\t\t\t\t\t<p class=\"boxout-excerpt\">\u00a1\u00danete al voluntariado de Greenpeace M\u00e9xico! Aqu\u00ed te contamos todo lo que necesitas saber para unirte.<\/p>\n\t\t\t\t                                    <a\n                        class=\"btn btn-primary\"\n                        data-ga-category=\"Take Action Boxout\"\n                        data-ga-action=\"Call to Action\"\n                        data-ga-label=\"n\/a\"\n                        href=\"https:\/\/www.greenpeace.org\/mexico\/participa\/voluntariado\/\"\n                        \n                    >\n                        Participa\n                    <\/a>\n                \t\t\t<\/div>\n\t\t\t\t\t<\/section>\n\t","protected":false},"excerpt":{"rendered":"<p>Greenpeace celebra el Orgullo reconociendo la diversidad, la justicia y la equidad como parte esencial de su lucha por un mundo verde y pac\u00edfico.<\/p>\n","protected":false},"author":29,"featured_media":57081,"comment_status":"open","ping_status":"open","sticky":false,"template":"","format":"standard","meta":{"ep_exclude_from_search":false,"p4_og_title":"\u00bfCu\u00e1l es el orgullo de Greenpeace?","p4_og_description":"Greenpeace celebra el Orgullo reconociendo la diversidad, la justicia y la equidad como parte esencial de su lucha por un mundo verde y pac\u00edfico.","p4_og_image":"https:\/\/www.greenpeace.org\/static\/planet4-mexico-stateless\/2025\/06\/3cae9eaf-pride-cdmx.jpg","p4_og_image_id":"57081","p4_seo_canonical_url":"","p4_campaign_name":"not set","p4_local_project":"not set","p4_basket_name":"not set","p4_department":"","footnotes":""},"categories":[43],"tags":[21,60],"p4-page-type":[14],"class_list":["post-51041","post","type-post","status-publish","format-standard","has-post-thumbnail","hentry","category-sobre-greenpeace","tag-activismo","tag-voluntariado","p4-page-type-blog"],"_links":{"self":[{"href":"https:\/\/www.greenpeace.org\/mexico\/wp-json\/wp\/v2\/posts\/51041","targetHints":{"allow":["GET"]}}],"collection":[{"href":"https:\/\/www.greenpeace.org\/mexico\/wp-json\/wp\/v2\/posts"}],"about":[{"href":"https:\/\/www.greenpeace.org\/mexico\/wp-json\/wp\/v2\/types\/post"}],"author":[{"embeddable":true,"href":"https:\/\/www.greenpeace.org\/mexico\/wp-json\/wp\/v2\/users\/29"}],"replies":[{"embeddable":true,"href":"https:\/\/www.greenpeace.org\/mexico\/wp-json\/wp\/v2\/comments?post=51041"}],"version-history":[{"count":3,"href":"https:\/\/www.greenpeace.org\/mexico\/wp-json\/wp\/v2\/posts\/51041\/revisions"}],"predecessor-version":[{"id":57082,"href":"https:\/\/www.greenpeace.org\/mexico\/wp-json\/wp\/v2\/posts\/51041\/revisions\/57082"}],"wp:featuredmedia":[{"embeddable":true,"href":"https:\/\/www.greenpeace.org\/mexico\/wp-json\/wp\/v2\/media\/57081"}],"wp:attachment":[{"href":"https:\/\/www.greenpeace.org\/mexico\/wp-json\/wp\/v2\/media?parent=51041"}],"wp:term":[{"taxonomy":"category","embeddable":true,"href":"https:\/\/www.greenpeace.org\/mexico\/wp-json\/wp\/v2\/categories?post=51041"},{"taxonomy":"post_tag","embeddable":true,"href":"https:\/\/www.greenpeace.org\/mexico\/wp-json\/wp\/v2\/tags?post=51041"},{"taxonomy":"p4-page-type","embeddable":true,"href":"https:\/\/www.greenpeace.org\/mexico\/wp-json\/wp\/v2\/p4-page-type?post=51041"}],"curies":[{"name":"wp","href":"https:\/\/api.w.org\/{rel}","templated":true}]}}