{"id":51051,"date":"2022-06-29T09:35:19","date_gmt":"2022-06-29T14:35:19","guid":{"rendered":"https:\/\/www.greenpeace.org\/mexico\/?p=51051"},"modified":"2025-06-21T17:25:02","modified_gmt":"2025-06-21T22:25:02","slug":"greenpeace-alerta-sobre-la-construccion-de-una-granja-porcicola-ilegal-en-valle-de-guadalupe-jalisco","status":"publish","type":"post","link":"https:\/\/www.greenpeace.org\/mexico\/informacion-prensa\/51051\/greenpeace-alerta-sobre-la-construccion-de-una-granja-porcicola-ilegal-en-valle-de-guadalupe-jalisco\/","title":{"rendered":"Greenpeace alerta sobre la construcci\u00f3n de una granja porc\u00edcola ilegal en Valle de Guadalupe, Jalisco"},"content":{"rendered":"\n<p class=\"has-green-800-color has-text-color has-link-color wp-elements-55e623454bbf1e3b17525a4a78bddc8d\"><strong>Greenpeace M\u00e9xico alerta sobre la construcci\u00f3n de la Granja Porc\u00edcola el Gavil\u00e1n, en el Municipio de Valle de Guadalupe, Jalisco, sobre un predio previamente deforestado en el cual ya se dio una sanci\u00f3n por parte de PROFEPA y dicho predio deber\u00eda estar en estatus de restauraci\u00f3n.<\/strong><\/p>\n\n<p class=\"has-green-800-color has-text-color has-link-color wp-elements-8f08829bf8c96b61ae6a538f8dc5913b\"><strong>La construcci\u00f3n y operaci\u00f3n de dicha granja traer\u00e1 afectaciones medioambientales y da\u00f1os irreversibles a la zona.<br><\/strong><\/p>\n\n<p class=\"has-green-800-color has-text-color has-link-color wp-elements-80d25ffc3d54cc5b554a0f7dd6a6a400\"><strong>La SEMADET ha hecho caso omiso a las solicitudes de reuni\u00f3n de las organizaciones con su titular, Sergio Humberto Graf, en dos ocasiones.<\/strong><\/p>\n\n<p><strong>Ciudad de M\u00e9xico a 29 de junio del 2022.<\/strong> Greenpeace M\u00e9xico alerta sobre la construcci\u00f3n de una granja porc\u00edcola denominada \u201cGranja Porc\u00edcola el Gavil\u00e1n\u201d, en el Municipio de Valle de Guadalupe en el estado de Jalisco, la cual se construir\u00e1 en un predio previamente deforestado y el cual tiene sobre s\u00ed una sanci\u00f3n por parte de Procuradur\u00eda Federal de Protecci\u00f3n al Ambiente (PROFEPA) debido a que existieron diversas irregularidades en su manejo como cambio de uso de suelo de terrenos forestales sin el permiso correspondiente; la remoci\u00f3n de vegetaci\u00f3n forestal en aproximadamente 68 hect\u00e1reas sin contar con autorizaci\u00f3n; as\u00ed como realizar el aprovechamiento forestal sin contar con la autorizaci\u00f3n para el aprovechamiento de recursos forestales maderables que debi\u00f3 ser previamente emitida por la Secretar\u00eda de Medio Ambiente y Recursos Naturales. Este caso fue denunciado y atendido en 2016 por la PROFEPA, la cual determin\u00f3 que el terreno deb\u00eda ser restaurado.&nbsp;<\/p>\n\n<figure class=\"wp-block-image size-large\"><img loading=\"lazy\" decoding=\"async\" width=\"1024\" height=\"768\" src=\"https:\/\/www.greenpeace.org\/static\/planet4-mexico-stateless\/2025\/06\/391c3293-bosque-jalisco-1024x768.jpg\" title=\"Fotograf\u00eda panor\u00e1mica del Bosque de Jalisco.\" alt=\"Fotograf\u00eda panor\u00e1mica del Bosque de Jalisco.\" class=\"wp-image-57056\" srcset=\"https:\/\/www.greenpeace.org\/static\/planet4-mexico-stateless\/2025\/06\/391c3293-bosque-jalisco-1024x768.jpg 1024w, https:\/\/www.greenpeace.org\/static\/planet4-mexico-stateless\/2025\/06\/391c3293-bosque-jalisco-300x225.jpg 300w, https:\/\/www.greenpeace.org\/static\/planet4-mexico-stateless\/2025\/06\/391c3293-bosque-jalisco-768x576.jpg 768w, https:\/\/www.greenpeace.org\/static\/planet4-mexico-stateless\/2025\/06\/391c3293-bosque-jalisco-453x340.jpg 453w, https:\/\/www.greenpeace.org\/static\/planet4-mexico-stateless\/2025\/06\/391c3293-bosque-jalisco.jpg 1536w\" sizes=\"auto, (max-width: 1024px) 100vw, 1024px\" \/><\/figure>\n\n<p>Greenpeace y otras organizaciones internacionales han mostrado su preocupaci\u00f3n por la construcci\u00f3n de granjas porc\u00edcolas en toda la regi\u00f3n, debido a las afectaciones medioambientales y los da\u00f1os irreversibles que \u00e9stas causan, entre las que destacan:&nbsp;<\/p>\n\n<ul class=\"wp-block-list\">\n<li>La deforestaci\u00f3n que ya se ha llevado a cabo, y tiene como consecuencia fragmentaci\u00f3n y p\u00e9rdida de h\u00e1bitat de especies de flora y fauna,<\/li>\n\n\n\n<li>Contaminaci\u00f3n del acu\u00edfero y el suelo con aguas residuales,<\/li>\n\n\n\n<li>Emisiones de gases de efecto invernadero que empeoran el cambio clim\u00e1tico,&nbsp;<\/li>\n\n\n\n<li>Violaciones a los derechos humanos (contenidos en la Constituci\u00f3n) a un medio ambiente sano, a la salud, a la informaci\u00f3n, la participaci\u00f3n p\u00fablica y a la libre determinaci\u00f3n de los pueblos, entre otros.&nbsp;<\/li>\n<\/ul>\n\n<p>Greenpeace M\u00e9xico ha logrado reunirse con el presidente municipal de Valle de Guadalupe, Ra\u00fal Renter\u00eda Torres, quien ha declarado que no se iniciar\u00e1n obras, sin embargo, dar el permiso de construcci\u00f3n de la granja es parte de las responsabilidades de la Secretar\u00eda de Medio Ambiente y Desarrollo Territorial de Jalisco (SEMADET). Por ello, las organizaciones han buscado tener di\u00e1logo con su titular, Sergio Humberlo Graf Montero, sin que hasta la fecha se haya obtenido respuesta de parte de la Secretar\u00eda. Como consecuencia de ello, <strong>Greenpeace hace p\u00fablica la solicitud de audiencia, haciendo uso del derecho de petici\u00f3n mandatado en el Art\u00edculo 8 de la Constituci\u00f3n Pol\u00edtica de los Estados Unidos Mexicanos.<\/strong><\/p>\n\n<blockquote class=\"wp-block-quote is-layout-flow wp-block-quote-is-layout-flow\">\n<p><em>\u201cHemos revisado la Manifestaci\u00f3n de Impacto Ambiental (MIA) de la Granja el Gavil\u00e1n y lo que hemos encontrado es sumamente preocupante como que el suelo en el que se pretende construir es relevante por su cobertura vegetal, ya que brinda servicios ambientales como generaci\u00f3n de agua. Tambi\u00e9n existe el riesgo de contaminaci\u00f3n del suelo y cuerpos de agua por exceso de nutrientes, ya que no se pueden metabolizar debido a que se estar\u00e1n desechando grandes cantidades de cerdaza al d\u00eda (casi 2 toneladas al d\u00eda). Adem\u00e1s, se menciona que las excretas se utilizar\u00e1 como alimento para el ganado, no obstante, si las excretas no son procesadas adecuadamente pueden presentar cierta toxicidad y riesgo potencial para la salud animal y humana. No s\u00f3lo eso, en la misma MIA no detallan el procedimiento de limpieza de la granja y los cerdos ni el tratamiento de los desechos resultantes de esta actividad. Por ejemplo, mencionan un pozo de agua propio, sin embargo, no se anexa informaci\u00f3n de dicho pozo. Por ello, lo que sabemos es que la informaci\u00f3n presentada se encuentra incompleta\u201d<\/em> <\/p>\n<cite>concluy\u00f3 Viridiana L\u00e1zaro, campa\u00f1ista de Greenpeace M\u00e9xico.&nbsp;<\/cite><\/blockquote>\n\n<p>Es por ello que Greenpeace solicita la intervenci\u00f3n urgente de la SEMADET \u2014que fue el organismo que otorg\u00f3 una autorizaci\u00f3n condicionada\u2014 para la protecci\u00f3n del medio ambiente, invocando el principio precautorio para resguardar la salud de las personas y la biodiversidad, poniendo un freno a la ganader\u00eda industrial en el estado de Jalisco. Proteger la salud de las comunidades y el medio ambiente debe ser prioritario frente a salvaguardar las ganancias de particulares.<\/p>\n\n<p>Se invita a la sociedad en general a firmar la petici\u00f3n para proteger a los bosques de Jalisco de la ganader\u00eda industrial a trav\u00e9s de la siguiente petici\u00f3n:&nbsp;<\/p>\n\n<p><a href=\"https:\/\/act.gp\/ProtejamosBosquesJalisco\" target=\"_blank\" rel=\"noreferrer noopener\">https:\/\/act.gp\/ProtejamosBosquesJalisco<\/a><\/p>\n\n<p><\/p>\n","protected":false},"excerpt":{"rendered":"<p>Granja porc\u00edcola en Jalisco amenaza ecosistemas y opera en terreno sancionado. Greenpeace pide frenar su construcci\u00f3n por da\u00f1o ambiental.<\/p>\n","protected":false},"author":63,"featured_media":57056,"comment_status":"open","ping_status":"open","sticky":false,"template":"","format":"standard","meta":{"ep_exclude_from_search":false,"p4_og_title":"Greenpeace alerta sobre la construcci\u00f3n de una granja porc\u00edcola ilegal en Valle de Guadalupe, Jalisco","p4_og_description":"Granja porc\u00edcola en Jalisco amenaza ecosistemas y opera en terreno sancionado. Greenpeace pide frenar su construcci\u00f3n por da\u00f1o ambiental.","p4_og_image":"https:\/\/www.greenpeace.org\/static\/planet4-mexico-stateless\/2025\/06\/391c3293-bosque-jalisco.jpg","p4_og_image_id":"57056","p4_seo_canonical_url":"","p4_campaign_name":"not set","p4_local_project":"not set","p4_basket_name":"not set","p4_department":"","footnotes":""},"categories":[39],"tags":[19,56],"p4-page-type":[16],"class_list":["post-51051","post","type-post","status-publish","format-standard","has-post-thumbnail","hentry","category-clima-y-energia","tag-deforestacion","tag-mega-granjas-de-cerdos","p4-page-type-informacion-prensa"],"_links":{"self":[{"href":"https:\/\/www.greenpeace.org\/mexico\/wp-json\/wp\/v2\/posts\/51051","targetHints":{"allow":["GET"]}}],"collection":[{"href":"https:\/\/www.greenpeace.org\/mexico\/wp-json\/wp\/v2\/posts"}],"about":[{"href":"https:\/\/www.greenpeace.org\/mexico\/wp-json\/wp\/v2\/types\/post"}],"author":[{"embeddable":true,"href":"https:\/\/www.greenpeace.org\/mexico\/wp-json\/wp\/v2\/users\/63"}],"replies":[{"embeddable":true,"href":"https:\/\/www.greenpeace.org\/mexico\/wp-json\/wp\/v2\/comments?post=51051"}],"version-history":[{"count":4,"href":"https:\/\/www.greenpeace.org\/mexico\/wp-json\/wp\/v2\/posts\/51051\/revisions"}],"predecessor-version":[{"id":57078,"href":"https:\/\/www.greenpeace.org\/mexico\/wp-json\/wp\/v2\/posts\/51051\/revisions\/57078"}],"wp:featuredmedia":[{"embeddable":true,"href":"https:\/\/www.greenpeace.org\/mexico\/wp-json\/wp\/v2\/media\/57056"}],"wp:attachment":[{"href":"https:\/\/www.greenpeace.org\/mexico\/wp-json\/wp\/v2\/media?parent=51051"}],"wp:term":[{"taxonomy":"category","embeddable":true,"href":"https:\/\/www.greenpeace.org\/mexico\/wp-json\/wp\/v2\/categories?post=51051"},{"taxonomy":"post_tag","embeddable":true,"href":"https:\/\/www.greenpeace.org\/mexico\/wp-json\/wp\/v2\/tags?post=51051"},{"taxonomy":"p4-page-type","embeddable":true,"href":"https:\/\/www.greenpeace.org\/mexico\/wp-json\/wp\/v2\/p4-page-type?post=51051"}],"curies":[{"name":"wp","href":"https:\/\/api.w.org\/{rel}","templated":true}]}}