{"id":51254,"date":"2022-08-16T18:00:48","date_gmt":"2022-08-16T23:00:48","guid":{"rendered":"https:\/\/www.greenpeace.org\/mexico\/?p=51254"},"modified":"2025-06-25T09:37:35","modified_gmt":"2025-06-25T14:37:35","slug":"alerta-en-la-suprema-corte-ante-posibles-retrocesos-en-leyes-de-prohibicion-de-plasticos-de-un-solo-uso","status":"publish","type":"post","link":"https:\/\/www.greenpeace.org\/mexico\/informacion-prensa\/51254\/alerta-en-la-suprema-corte-ante-posibles-retrocesos-en-leyes-de-prohibicion-de-plasticos-de-un-solo-uso\/","title":{"rendered":"Alerta en la Suprema Corte ante posibles retrocesos en leyes de prohibici\u00f3n de pl\u00e1sticos de un solo uso"},"content":{"rendered":"\n<p>Greenpeace M\u00e9xico, la Academia Mexicana de Derecho Ambiental, la Nueva Asociaci\u00f3n de Abogados Morelenses para M\u00e9xico, el Colegio de Abogados (NAAME), la Alianza M\u00e9xico sin Pl\u00e1sticos (AMSP), Fronteras Comunes, la Asociaci\u00f3n Ecol\u00f3gica Santo Tom\u00e1s, la Revista No es Basura, Acci\u00f3n Ecol\u00f3gica y El Poder del Consumidor, <strong>alertan sobre dos proyectos que se discutir\u00e1n el d\u00eda de ma\u00f1ana mi\u00e9rcoles 17 de agosto en la Segunda Sala de la Suprema Corte de Justicia de la Naci\u00f3n y donde dos empresas (Oxxo y Propimex) buscan que se declare al Estado de Oaxaca como una autoridad NO competente para llevar a cabo prohibiciones de productos pl\u00e1sticos de un solo uso, espec\u00edficamente envases de PET y Unicel, argumentando que \u00e9stas son inconstitucionales y que est\u00e1n fuera de las facultades de las entidades federativas.&nbsp;<\/strong><\/p>\n\n<figure class=\"wp-block-image size-large\"><img loading=\"lazy\" decoding=\"async\" width=\"1024\" height=\"683\" src=\"https:\/\/www.greenpeace.org\/static\/planet4-mexico-stateless\/2025\/04\/372c416b-plasticos-nestle-1024x683.jpg\" title=\"Monta\u00f1a de residuos pl\u00e1sticos cubierta por una manta gigante con el logo de Nestl\u00e9, evidenciando el impacto ambiental de sus empaques desechables.\" alt=\"Monta\u00f1a de residuos pl\u00e1sticos cubierta por una manta gigante con el logo de Nestl\u00e9, evidenciando el impacto ambiental de sus empaques desechables.\" class=\"wp-image-55047\" srcset=\"https:\/\/www.greenpeace.org\/static\/planet4-mexico-stateless\/2025\/04\/372c416b-plasticos-nestle-1024x683.jpg 1024w, https:\/\/www.greenpeace.org\/static\/planet4-mexico-stateless\/2025\/04\/372c416b-plasticos-nestle-300x200.jpg 300w, https:\/\/www.greenpeace.org\/static\/planet4-mexico-stateless\/2025\/04\/372c416b-plasticos-nestle-768x512.jpg 768w, https:\/\/www.greenpeace.org\/static\/planet4-mexico-stateless\/2025\/04\/372c416b-plasticos-nestle-510x340.jpg 510w, https:\/\/www.greenpeace.org\/static\/planet4-mexico-stateless\/2025\/04\/372c416b-plasticos-nestle.jpg 1200w\" sizes=\"auto, (max-width: 1024px) 100vw, 1024px\" \/><\/figure>\n\n<p>Los proyectos preparados por los ministros ponentes, Javier Laynez Potisek y Yasm\u00edn Esquivel Mossa, a discutirse y votarse ma\u00f1ana, resuelven que la Segunda Sala de la SCJN conceda el amparo y protecci\u00f3n de la justicia federal a las empresas quejosas, lo cual significar\u00eda un grave retroceso ya que, de aprobarse los dict\u00e1menes en esos t\u00e9rminos, <strong>la SCJN estar\u00eda abriendo la puerta para que se ponga el inter\u00e9s de la iniciativa privada por encima del inter\u00e9s p\u00fablico. Es decir, que se le d\u00e9 prioridad a los deseos y negocios de las empresas, antes que al derecho a un medio ambiente sano y a la salud de los mexicanos y mexicanas, en contraposici\u00f3n a nuestras leyes y a los avances logrados en materia de pl\u00e1sticos de un s\u00f3lo uso en legislaciones locales (haciendo uso de su facultad en materia de residuos s\u00f3lidos)<\/strong>. Adem\u00e1s se estar\u00eda contradiciendo la m\u00e1s reciente decisi\u00f3n tomada en la Asamblea de las Naciones Unidas, reconociendo el derecho humano al medio ambiente.&nbsp;<\/p>\n\n<h2 class=\"wp-block-heading\">An\u00e1lisis jur\u00eddico y consecuencias ambientales<\/h2>\n\n<p>Asimismo, los proyectos preparados por estos ministros se quedan en un an\u00e1lisis&nbsp; competencial somero y no hacen el estudio de ponderaci\u00f3n y proporcionalidad en cuanto a la protecci\u00f3n m\u00e1xima del Sistema Interamericano, al estar implicados derechos humanos. Jur\u00eddicamente<strong> la Suprema Corte estar\u00eda facilitando que las empresas contaminadoras interpongan nuevos amparos contra todas las medidas protectoras que las entidades federativas emprendan contra la contaminaci\u00f3n pl\u00e1stica y que \u00e9stas sean concedidas <em>ipso facto<\/em>, siguiendo el criterio de la Corte. Por otro lado, se desincentivar\u00eda a las entidades federativas a emprender medidas legislativas m\u00e1s protectoras de la salud humana y del ambiente<\/strong>, violando el Principio de Progresividad de los Derechos Humanos y, de manera indirecta, promover\u00e1 la producci\u00f3n de m\u00e1s desechos pl\u00e1sticos en un contexto global de crisis ambiental.<\/p>\n\n<p>En M\u00e9xico, son ya al menos 29 los estados que han legislado para prohibir la venta de bolsas pl\u00e1sticas, envases de unicel,y otros productos pl\u00e1sticos desechables. <strong>La SCJN DEBE PONDERAR en cuanto a la protecci\u00f3n m\u00e1xima del SISTEMA DE INTERAMERICANO DE DERECHOS HUMANOS y NEGAR EL AMPARO<\/strong> dado que, de no hacerlo, estar\u00edamos&nbsp;frente a un grav\u00edsimo retroceso en el derecho ambiental mexicano; puesto que en el futuro estas empresas que han sido se\u00f1aladas internacionalmente como las m\u00e1s contaminadoras, quedar\u00edan blindadas ante actos de aplicaci\u00f3n futuros de un ley ambiental, lo que significa un mensaje regresivo y en contra de lo que las personas preocupadas por el medio ambiente y la salud, hemos logrado en las \u00faltimas d\u00e9cadas. <strong>&nbsp;<\/strong><\/p>\n\n<h3 class=\"wp-block-heading\">Impacto sobre los derechos humanos y la responsabilidad de las empresas<\/h3>\n\n<p>Este tipo de medidas restrictivas, prohibiciones de productos pl\u00e1sticos, contribuyen a prevenir y reducir el exceso de residuos que se generan por estos productos de pl\u00e1stico desechable, beneficiando la protecci\u00f3n de los derechos humanos a un medio ambiente sano y a la salud de las y los oaxaque\u00f1os en particular y de las y los mexicanos en lo general, por lo que la SCJN debe considerar esto en su determinaci\u00f3n.<\/p>\n\n<p>Las grandes empresas como Coca-Cola, compa\u00f1\u00eda a la que est\u00e1n vinculadas las dos empresas quejosas y que se ha colocado a nivel mundial en <a href=\"https:\/\/www.greenpeace.org\/mexico\/publicacion\/8865\/contaminacion-por-plastico-en-areas-naturales-protegidas-mexicanas\/\" target=\"_blank\" rel=\"noreferrer noopener\">diversos estudios<\/a> como la <a href=\"https:\/\/www.greenpeace.org\/mexico\/publicacion\/51031\/amenaza-plastica-resultados-de-auditorias-de-marca-en-7-ciudades-mexicanas\/\" target=\"_blank\" rel=\"noreferrer noopener\">principal empresa generadora de desechos pl\u00e1stico<\/a>s, deben dejar de bloquear las legislaciones ambientales que intentan avanzar en la protecci\u00f3n ambiental, y en su lugar, transitar a nuevas formas de distribuir sus productos que no dependan de pl\u00e1sticos desechables, es decir, deben avanzar hacia la reutilizaci\u00f3n, el refil y, sobre todo, hacerse responsables de sus productos pl\u00e1sticos durante todo su ciclo de vida.<\/p>\n\n<p>Puedes seguir la sesi\u00f3n de la segunda sala en vivo a trav\u00e9s de:<\/p>\n\n<figure class=\"wp-block-embed is-type-video is-provider-youtube wp-block-embed-youtube wp-embed-aspect-16-9 wp-has-aspect-ratio\"><div class=\"wp-block-embed__wrapper\">\n<iframe loading=\"lazy\" title=\"Sesi\u00f3n de Segunda Sala de la SCJN - 17 agosto 2022\" width=\"500\" height=\"281\" src=\"https:\/\/www.youtube.com\/embed\/xTM9ILOOnlE?feature=oembed\" frameborder=\"0\" allow=\"accelerometer; autoplay; clipboard-write; encrypted-media; gyroscope; picture-in-picture; web-share\" referrerpolicy=\"strict-origin-when-cross-origin\" allowfullscreen><\/iframe>\n<\/div><\/figure>\n\n<p><\/p>\n","protected":false},"excerpt":{"rendered":"<p>Organizaciones alertan que la SCJN podr\u00eda permitir que empresas bloqueen leyes locales que proh\u00edben pl\u00e1sticos de un solo uso en Oaxaca.<\/p>\n","protected":false},"author":63,"featured_media":55047,"comment_status":"open","ping_status":"open","sticky":false,"template":"","format":"standard","meta":{"ep_exclude_from_search":false,"p4_og_title":"Alerta en la Suprema Corte ante posibles retrocesos en leyes de prohibici\u00f3n de pl\u00e1sticos de un solo uso","p4_og_description":"Organizaciones alertan que la SCJN podr\u00eda permitir que empresas bloqueen leyes locales que proh\u00edben pl\u00e1sticos de un solo uso en Oaxaca.","p4_og_image":"https:\/\/www.greenpeace.org\/static\/planet4-mexico-stateless\/2025\/04\/372c416b-plasticos-nestle.jpg","p4_og_image_id":"55047","p4_seo_canonical_url":"","p4_campaign_name":"not set","p4_local_project":"not set","p4_basket_name":"not set","p4_department":"","footnotes":""},"categories":[45],"tags":[68,20],"p4-page-type":[16],"class_list":["post-51254","post","type-post","status-publish","format-standard","has-post-thumbnail","hentry","category-plasticos","tag-mexico-sin-plasticos","tag-consumo","p4-page-type-informacion-prensa"],"_links":{"self":[{"href":"https:\/\/www.greenpeace.org\/mexico\/wp-json\/wp\/v2\/posts\/51254","targetHints":{"allow":["GET"]}}],"collection":[{"href":"https:\/\/www.greenpeace.org\/mexico\/wp-json\/wp\/v2\/posts"}],"about":[{"href":"https:\/\/www.greenpeace.org\/mexico\/wp-json\/wp\/v2\/types\/post"}],"author":[{"embeddable":true,"href":"https:\/\/www.greenpeace.org\/mexico\/wp-json\/wp\/v2\/users\/63"}],"replies":[{"embeddable":true,"href":"https:\/\/www.greenpeace.org\/mexico\/wp-json\/wp\/v2\/comments?post=51254"}],"version-history":[{"count":6,"href":"https:\/\/www.greenpeace.org\/mexico\/wp-json\/wp\/v2\/posts\/51254\/revisions"}],"predecessor-version":[{"id":58158,"href":"https:\/\/www.greenpeace.org\/mexico\/wp-json\/wp\/v2\/posts\/51254\/revisions\/58158"}],"wp:featuredmedia":[{"embeddable":true,"href":"https:\/\/www.greenpeace.org\/mexico\/wp-json\/wp\/v2\/media\/55047"}],"wp:attachment":[{"href":"https:\/\/www.greenpeace.org\/mexico\/wp-json\/wp\/v2\/media?parent=51254"}],"wp:term":[{"taxonomy":"category","embeddable":true,"href":"https:\/\/www.greenpeace.org\/mexico\/wp-json\/wp\/v2\/categories?post=51254"},{"taxonomy":"post_tag","embeddable":true,"href":"https:\/\/www.greenpeace.org\/mexico\/wp-json\/wp\/v2\/tags?post=51254"},{"taxonomy":"p4-page-type","embeddable":true,"href":"https:\/\/www.greenpeace.org\/mexico\/wp-json\/wp\/v2\/p4-page-type?post=51254"}],"curies":[{"name":"wp","href":"https:\/\/api.w.org\/{rel}","templated":true}]}}