{"id":51427,"date":"2022-09-29T13:33:20","date_gmt":"2022-09-29T18:33:20","guid":{"rendered":"https:\/\/www.greenpeace.org\/mexico\/?p=51427"},"modified":"2025-06-25T09:37:29","modified_gmt":"2025-06-25T14:37:29","slug":"la-campana-nacional-sin-maiz-no-hay-pais-llama-a-defender-y-celebrar-el-maiz-y-la-milpa-en-el-dia-nacional-del-maiz","status":"publish","type":"post","link":"https:\/\/www.greenpeace.org\/mexico\/informacion-prensa\/51427\/la-campana-nacional-sin-maiz-no-hay-pais-llama-a-defender-y-celebrar-el-maiz-y-la-milpa-en-el-dia-nacional-del-maiz\/","title":{"rendered":"La Campa\u00f1a Nacional Sin Ma\u00edz No Hay Pa\u00eds llama a defender y celebrar el ma\u00edz y la milpa en el D\u00eda Nacional del Ma\u00edz"},"content":{"rendered":"\n<p>\u00a1Defendiendo nuestro ma\u00edz, cosechamos soberan\u00eda!<\/p>\n\n<p class=\"has-green-800-color has-text-color has-link-color wp-elements-ef6d510b9ebdcbfa8b823f0693c836c8\"><strong>\u25cf La Campa\u00f1a Nacional Sin Ma\u00edz No Hay Pa\u00eds vuelve a poner en boca de todos: Salvemos al campo para salvar a M\u00e9xico y lanza Posicionamiento (1)<br>\u25cf Llama a atender las demandas urgentes: Defensa e incorporaci\u00f3n en el marco legal del Decreto Presidencial del 31 de diciembre de 2020; impulso a la aprobaci\u00f3n de la Ley General de la Alimentaci\u00f3n Adecuada; defensa de las semillas libres, y por tanto en contra de la iniciativa de Reforma a Ley Federal de Variedades Vegetales, presupuesto justo e integral que promueva la transici\u00f3n agroecol\u00f3gica.<\/strong><\/p>\n\n<p>Ciudad de M\u00e9xico a 29 de septiembre del 2022. La Campa\u00f1a Nacional Sin Ma\u00edz no hay Pa\u00eds (CNSMNHP) nuevamente llama a toda la poblaci\u00f3n a unir voces y esfuerzos por rescatar un campo sustentable y digno, por la soberan\u00eda alimentaria con campesinas y campesinos, sin transg\u00e9nicos, sin plaguicidas como el glifosato y con justicia y equidad.<\/p>\n\n<figure class=\"wp-block-image size-large\"><img loading=\"lazy\" decoding=\"async\" width=\"1024\" height=\"683\" src=\"https:\/\/www.greenpeace.org\/static\/planet4-mexico-stateless\/2025\/04\/2f695f73-alto-maiz-transgenico-mexico-1024x683.jpg\" title=\"Activistas de Greenpeace en un puente ferroviario sostienen un cartel que dice &quot;Alto al ma\u00edz transg\u00e9nico&quot;\" alt=\"Activistas de Greenpeace en un puente ferroviario sostienen un cartel que dice &quot;Alto al ma\u00edz transg\u00e9nico&quot;\" class=\"wp-image-55488\" srcset=\"https:\/\/www.greenpeace.org\/static\/planet4-mexico-stateless\/2025\/04\/2f695f73-alto-maiz-transgenico-mexico-1024x683.jpg 1024w, https:\/\/www.greenpeace.org\/static\/planet4-mexico-stateless\/2025\/04\/2f695f73-alto-maiz-transgenico-mexico-300x200.jpg 300w, https:\/\/www.greenpeace.org\/static\/planet4-mexico-stateless\/2025\/04\/2f695f73-alto-maiz-transgenico-mexico-768x512.jpg 768w, https:\/\/www.greenpeace.org\/static\/planet4-mexico-stateless\/2025\/04\/2f695f73-alto-maiz-transgenico-mexico-510x340.jpg 510w, https:\/\/www.greenpeace.org\/static\/planet4-mexico-stateless\/2025\/04\/2f695f73-alto-maiz-transgenico-mexico.jpg 1200w\" sizes=\"auto, (max-width: 1024px) 100vw, 1024px\" \/><figcaption class=\"wp-element-caption\">Greenpeace intercepta un tren cargado de ma\u00edz estadounidense cuando intentaba entrar en M\u00e9xico.<\/figcaption><\/figure>\n\n<p>Hace 13 a\u00f1os, en 2009, la Campa\u00f1a Nacional Sin Ma\u00edz no hay Pa\u00eds lanz\u00f3 la iniciativa ciudadana de encontrarnos este d\u00eda con quienes, desde distintos rincones del pa\u00eds, defendemos el campo, a las familias campesinas y a los pueblos originarios, guardianes de nuestro ma\u00edz, de nuestra milpa y de la biodiversidad que lo acompa\u00f1a.<\/p>\n\n<p>La CNSMNHP eligi\u00f3 este d\u00eda recuperando la tradici\u00f3n de pueblos y comunidades del pa\u00eds que festejan la buena cosecha y el corte de los primeros elotes. Es una fiesta de prosperidad y abundancia, que con flores de peric\u00f3n celebra la siembra de ma\u00edz, mostrando otra agricultura, que nos ofrece una alimentaci\u00f3n nutritiva y sustentable desde la milpa.<\/p>\n\n<p>Es urgente retribuir y dar apoyos a quienes usan, conservan y desarrollan la diversidad de semillas. Tambi\u00e9n se debe reconocer la gran calidad de los ma\u00edces nativos y otros alimentos agroecol\u00f3gicos originarios, hoy sumamente apreciados en la gastronom\u00eda mundial por su calidad y diversidad, pagando un precio justo por ellos con un sobreprecio que vaya por encima del ma\u00edz industrializado, sin que esto signifique elitizarlos.<\/p>\n\n<p>Hay que impulsar no s\u00f3lo un cambio en relaci\u00f3n con el pasado neoliberal, sino la puesta en el centro del desarrollo del campo, de un modo de vida campesina, de pr\u00e1cticas culturales, comunitarias y de opciones ambientales diferentes.&nbsp; En ello ha&nbsp; venido trabajando y luchando la CNSMNHP desde hace ya m\u00e1s de 15 a\u00f1os.<\/p>\n\n<figure class=\"wp-block-image size-large\"><img loading=\"lazy\" decoding=\"async\" width=\"1024\" height=\"701\" src=\"https:\/\/www.greenpeace.org\/static\/planet4-mexico-stateless\/2025\/04\/c30e29cf-maiz-mexico-1024x701.jpg\" title=\"Variedades criollas de ma\u00edz mexicano. Oaxaca, M\u00e9xico\" alt=\"Variedades criollas de ma\u00edz mexicano. Oaxaca, M\u00e9xico\" class=\"wp-image-55361\" srcset=\"https:\/\/www.greenpeace.org\/static\/planet4-mexico-stateless\/2025\/04\/c30e29cf-maiz-mexico-1024x701.jpg 1024w, https:\/\/www.greenpeace.org\/static\/planet4-mexico-stateless\/2025\/04\/c30e29cf-maiz-mexico-300x206.jpg 300w, https:\/\/www.greenpeace.org\/static\/planet4-mexico-stateless\/2025\/04\/c30e29cf-maiz-mexico-768x526.jpg 768w, https:\/\/www.greenpeace.org\/static\/planet4-mexico-stateless\/2025\/04\/c30e29cf-maiz-mexico-496x340.jpg 496w, https:\/\/www.greenpeace.org\/static\/planet4-mexico-stateless\/2025\/04\/c30e29cf-maiz-mexico.jpg 1200w\" sizes=\"auto, (max-width: 1024px) 100vw, 1024px\" \/><figcaption class=\"wp-element-caption\">Variedades criollas de ma\u00edz mexicano. Oaxaca, M\u00e9xico<\/figcaption><\/figure>\n\n<p>Hoy ante la coyuntura nacional e internacional, llama a formar una comunidad amplia y combativa que defienda con paz y creatividad, nuestro derecho a alimentarnos con productos campesinos, sustentables, suficientes y de buena calidad.<\/p>\n\n<p><strong>Vuelve a poner en boca de todos: Salvemos al campo para salvar a M\u00e9xico<\/strong><\/p>\n\n<p>Las demandas urgentes de la Campa\u00f1a Nacional Sin Ma\u00edz No Hay Pa\u00eds son:<\/p>\n\n<ul class=\"wp-block-list\">\n<li>Defensa e incorporaci\u00f3n en el marco legal del Decreto Presidencial del 31 de diciembre que elimina progresivamente el uso del glifosato, as\u00ed como la liberaci\u00f3n al ambiente del ma\u00edz transg\u00e9nico y el uso de su grano en la alimentaci\u00f3n de las y los mexicanos.<\/li>\n\n\n\n<li>Impulso a la aprobaci\u00f3n de la Ley General de la Alimentaci\u00f3n Adecuada.<\/li>\n\n\n\n<li>Defensa de las semillas libres, y por tanto en contra de la iniciativa de Reforma a Ley Federal de Variedades Vegetales que tiene el fin de adherir a M\u00e9xico al convenio UPOV 1991, que nuestro pa\u00eds no debe firmar.<\/li>\n\n\n\n<li>Presupuesto justo e integral que promueva la transici\u00f3n agroecol\u00f3gica de la producci\u00f3n agroalimentaria y la protecci\u00f3n de las semillas libres, que privilegie la peque\u00f1a y mediana producci\u00f3n campesina e ind\u00edgena.\u00a0<\/li>\n<\/ul>\n\n<p>Consulta nuestro Posicionamiento en el siguiente enlace: <a href=\"https:\/\/bit.ly\/3dQhajJ\" target=\"_blank\" rel=\"noreferrer noopener\">https:\/\/bit.ly\/3dQhajJ<\/a><\/p>\n\n<p>Invitamos a seguir el Acto Inaugural del D\u00eda Nacional del Ma\u00edz en el Z\u00f3calo de la Ciudad de M\u00e9xico, con representaciones de la Campa\u00f1a Nacional Sin Ma\u00edz No Hay Pa\u00eds y de las instancias gubernamentales organizadoras, el d\u00eda de hoy en punto de las 3:30 pm, y consultar el Programa de actividades.<\/p>\n\n<ul class=\"wp-block-list\">\n<li>Posicionamiento de la Campa\u00f1a Nacional Sin Ma\u00edz No Hay Pa\u00eds: \u00a1Defendiendo nuestro ma\u00edz, cosechamos soberan\u00eda!, el cual ser\u00e1 le\u00eddo por integrantes de la\u00a0 en el Z\u00f3calo de la Ciudad de M\u00e9xico. Disponible en este enlace: <a href=\"https:\/\/bit.ly\/3dQhajJ\" target=\"_blank\" rel=\"noreferrer noopener\">https:\/\/bit.ly\/3dQhajJ<\/a><\/li>\n<\/ul>\n\n<p>Contactos de prensa: Campa\u00f1a Nacional Sin Ma\u00edz No Hay Pa\u00eds, V\u00edctor Manuel Chima Ort\u00edz al 55 4191 9336 y al correo <a href=\"mailto:victor.manuelchima.ortiz@gmail.com\">victor.manuelchima.ortiz@gmail.com<\/a><\/p>\n\n<p><\/p>\n","protected":false},"excerpt":{"rendered":"<p>La Campa\u00f1a Nacional Sin Ma\u00edz No Hay Pa\u00eds llama a defender el ma\u00edz nativo, la milpa y la soberan\u00eda alimentaria en el D\u00eda Nacional del Ma\u00edz.<\/p>\n","protected":false},"author":63,"featured_media":55488,"comment_status":"open","ping_status":"open","sticky":false,"template":"","format":"standard","meta":{"ep_exclude_from_search":false,"p4_og_title":"La Campa\u00f1a Nacional Sin Ma\u00edz No Hay Pa\u00eds llama a defender y celebrar el ma\u00edz y la milpa en el D\u00eda Nacional del Ma\u00edz","p4_og_description":"La Campa\u00f1a Nacional Sin Ma\u00edz No Hay Pa\u00eds llama a defender el ma\u00edz nativo, la milpa y la soberan\u00eda alimentaria en el D\u00eda Nacional del Ma\u00edz.","p4_og_image":"https:\/\/www.greenpeace.org\/static\/planet4-mexico-stateless\/2025\/04\/2f695f73-alto-maiz-transgenico-mexico.jpg","p4_og_image_id":"55488","p4_seo_canonical_url":"","p4_campaign_name":"not set","p4_local_project":"not set","p4_basket_name":"not set","p4_department":"","footnotes":""},"categories":[46],"tags":[20,30],"p4-page-type":[16],"class_list":["post-51427","post","type-post","status-publish","format-standard","has-post-thumbnail","hentry","category-por-definir","tag-consumo","tag-alimentacion","p4-page-type-informacion-prensa"],"_links":{"self":[{"href":"https:\/\/www.greenpeace.org\/mexico\/wp-json\/wp\/v2\/posts\/51427","targetHints":{"allow":["GET"]}}],"collection":[{"href":"https:\/\/www.greenpeace.org\/mexico\/wp-json\/wp\/v2\/posts"}],"about":[{"href":"https:\/\/www.greenpeace.org\/mexico\/wp-json\/wp\/v2\/types\/post"}],"author":[{"embeddable":true,"href":"https:\/\/www.greenpeace.org\/mexico\/wp-json\/wp\/v2\/users\/63"}],"replies":[{"embeddable":true,"href":"https:\/\/www.greenpeace.org\/mexico\/wp-json\/wp\/v2\/comments?post=51427"}],"version-history":[{"count":6,"href":"https:\/\/www.greenpeace.org\/mexico\/wp-json\/wp\/v2\/posts\/51427\/revisions"}],"predecessor-version":[{"id":58150,"href":"https:\/\/www.greenpeace.org\/mexico\/wp-json\/wp\/v2\/posts\/51427\/revisions\/58150"}],"wp:featuredmedia":[{"embeddable":true,"href":"https:\/\/www.greenpeace.org\/mexico\/wp-json\/wp\/v2\/media\/55488"}],"wp:attachment":[{"href":"https:\/\/www.greenpeace.org\/mexico\/wp-json\/wp\/v2\/media?parent=51427"}],"wp:term":[{"taxonomy":"category","embeddable":true,"href":"https:\/\/www.greenpeace.org\/mexico\/wp-json\/wp\/v2\/categories?post=51427"},{"taxonomy":"post_tag","embeddable":true,"href":"https:\/\/www.greenpeace.org\/mexico\/wp-json\/wp\/v2\/tags?post=51427"},{"taxonomy":"p4-page-type","embeddable":true,"href":"https:\/\/www.greenpeace.org\/mexico\/wp-json\/wp\/v2\/p4-page-type?post=51427"}],"curies":[{"name":"wp","href":"https:\/\/api.w.org\/{rel}","templated":true}]}}