{"id":51442,"date":"2022-10-18T13:59:58","date_gmt":"2022-10-18T18:59:58","guid":{"rendered":"https:\/\/www.greenpeace.org\/mexico\/?p=51442"},"modified":"2025-06-25T09:37:28","modified_gmt":"2025-06-25T14:37:28","slug":"protestan-afuera-de-la-camara-de-diputados-y-diputadas-para-exigir-un-mexico-sin-contaminacion-por-plasticos","status":"publish","type":"post","link":"https:\/\/www.greenpeace.org\/mexico\/informacion-prensa\/51442\/protestan-afuera-de-la-camara-de-diputados-y-diputadas-para-exigir-un-mexico-sin-contaminacion-por-plasticos\/","title":{"rendered":"Protestan afuera de la C\u00e1mara de Diputados y Diputadas para exigir un M\u00e9xico sin contaminaci\u00f3n por pl\u00e1sticos"},"content":{"rendered":"\n<p class=\"has-green-800-color has-text-color has-link-color wp-elements-8195ff38cb2592418583030bd983b868\"><strong>Activistas de Greenpeace M\u00e9xico, la Alianza M\u00e9xico sin Pl\u00e1sticos y del movimiento Lib\u00e9rate del Pl\u00e1stico (Break Free From Plastics) entregaron las firmas de m\u00e1s de 350 mil mexicanas y mexicanos para exigir a las y los diputados que prohiban los pl\u00e1sticos de un solo uso. <\/strong><\/p>\n\n<p class=\"has-green-800-color has-text-color has-link-color wp-elements-4ec1b041b48a858e67c4b95dffe5c928\"><strong>Las y los activistas exigen que se regule y establezca responsabilidades a las empresas contaminantes como Coca-Cola y sus subsidiarias.<\/strong><\/p>\n\n<p class=\"has-green-800-color has-text-color has-link-color wp-elements-ee3697959960cd9fffee041094b9d51d\"><strong>Las y los legisladores deben reformar la Ley General de Residuos priorizando la protecci\u00f3n del planeta y de las personas, no los intereses privados.<\/strong><\/p>\n\n<p><strong>Ciudad de M\u00e9xico, a&nbsp; 18 de octubre de 2022.<\/strong> Este martes, activistas de Greenpeace M\u00e9xico, la Alianza M\u00e9xico sin Pl\u00e1sticos y el movimiento Lib\u00e9rate del Pl\u00e1stico (Break Free From Plastics M\u00e9xico) se dieron cita a las afueras del Palacio Legislativo de San L\u00e1zaro para exigir a las y los diputados federales que legislen en favor de un M\u00e9xico libre de contaminaci\u00f3n por pl\u00e1sticos. La protesta pac\u00edfica se extendi\u00f3 a lo largo de la ma\u00f1ana y cont\u00f3 tambi\u00e9n con la presencia de Teo, un pel\u00edcano de m\u00e1s de 3 metros de altura, que representa la urgencia para la protecci\u00f3n de los ecosistemas costeros del pa\u00eds, los cuales est\u00e1n fuertemente afectados por la contaminaci\u00f3n de residuos pl\u00e1sticos.<\/p>\n\n<figure class=\"wp-block-image size-large\"><img loading=\"lazy\" decoding=\"async\" width=\"1024\" height=\"683\" src=\"https:\/\/www.greenpeace.org\/static\/planet4-mexico-stateless\/2025\/06\/8fa1ba04-plasticos-protesta-camara-diputados-1024x683.jpg\" title=\"Un grupo de activistas de Greenpeace M\u00e9xico se manifiestan frente a la C\u00e1mara de Diputados para exigir que no haya retrocesos en las reformas a la Ley de Residuos y la Ley de Econom\u00eda Circular.\" alt=\"Un grupo de activistas de Greenpeace M\u00e9xico se manifiestan frente a la C\u00e1mara de Diputados para exigir que no haya retrocesos en las reformas a la Ley de Residuos y la Ley de Econom\u00eda Circular.\" class=\"wp-image-56744\" srcset=\"https:\/\/www.greenpeace.org\/static\/planet4-mexico-stateless\/2025\/06\/8fa1ba04-plasticos-protesta-camara-diputados-1024x683.jpg 1024w, https:\/\/www.greenpeace.org\/static\/planet4-mexico-stateless\/2025\/06\/8fa1ba04-plasticos-protesta-camara-diputados-300x200.jpg 300w, https:\/\/www.greenpeace.org\/static\/planet4-mexico-stateless\/2025\/06\/8fa1ba04-plasticos-protesta-camara-diputados-768x512.jpg 768w, https:\/\/www.greenpeace.org\/static\/planet4-mexico-stateless\/2025\/06\/8fa1ba04-plasticos-protesta-camara-diputados-510x340.jpg 510w, https:\/\/www.greenpeace.org\/static\/planet4-mexico-stateless\/2025\/06\/8fa1ba04-plasticos-protesta-camara-diputados.jpg 1200w\" sizes=\"auto, (max-width: 1024px) 100vw, 1024px\" \/><\/figure>\n\n<p>Junto a Teo, las y los activistas colocaron una balanza gigante para exigir que el poder de la gente pese m\u00e1s que el de la industria del pl\u00e1stico. Representantes de esta industria han pasado a\u00f1os haciendo cabildeo a los legisladores del pa\u00eds, especialmente al Senado, para evitar la prohibici\u00f3n de los pl\u00e1sticos de un solo uso y la asignaci\u00f3n de responsabilidades espec\u00edficas a las empresas contaminantes en la soluci\u00f3n de esta problem\u00e1tica. Sin embargo, la ciudadan\u00eda ha luchado para hacer escuchar su voz y han sumado m\u00e1s de 350 mil firmas por un M\u00e9xico sin pl\u00e1sticos.&nbsp; En el Senado la voz de los industriales fue privilegiada, esto no puede ni debe repetirse en la C\u00e1mara de Diputados.&nbsp;<\/p>\n\n<p>Ante ello, representantes de las organizaciones manifestantes entregaron simb\u00f3licamente las firmas de estas cientos de miles de personas a las diputadas y diputados de la Comisi\u00f3n de Medio Ambiente de la C\u00e1mara para que las y los legisladores se rijan por la demanda de la ciudadan\u00eda a la hora de dictaminar las minutas de reforma a la Ley General de Residuos (LGPGIR) y de creaci\u00f3n de la Ley General de Econom\u00eda Circular, aprobadas el a\u00f1o pasado en el Senado de la Rep\u00fablica.<\/p>\n\n<figure class=\"wp-block-image size-large\"><img loading=\"lazy\" decoding=\"async\" width=\"1024\" height=\"683\" src=\"https:\/\/www.greenpeace.org\/static\/planet4-mexico-stateless\/2025\/06\/c7efc397-manifestacion-plasticos-cdmx-1024x683.jpg\" title=\"Activista de Greenpeace M\u00e9xico sostiene una carta gigante de forma simb\u00f3lica para entregar m\u00e1s de 350 mil firmas para exigir que no haya retrocesos en las reformas a la Ley de Residuos y la Ley de Econom\u00eda Circular.\" alt=\"Activista de Greenpeace M\u00e9xico sostiene una carta gigante de forma simb\u00f3lica para entregar m\u00e1s de 350 mil firmas para exigir que no haya retrocesos en las reformas a la Ley de Residuos y la Ley de Econom\u00eda Circular. \" class=\"wp-image-56746\" srcset=\"https:\/\/www.greenpeace.org\/static\/planet4-mexico-stateless\/2025\/06\/c7efc397-manifestacion-plasticos-cdmx-1024x683.jpg 1024w, https:\/\/www.greenpeace.org\/static\/planet4-mexico-stateless\/2025\/06\/c7efc397-manifestacion-plasticos-cdmx-300x200.jpg 300w, https:\/\/www.greenpeace.org\/static\/planet4-mexico-stateless\/2025\/06\/c7efc397-manifestacion-plasticos-cdmx-768x512.jpg 768w, https:\/\/www.greenpeace.org\/static\/planet4-mexico-stateless\/2025\/06\/c7efc397-manifestacion-plasticos-cdmx-510x340.jpg 510w, https:\/\/www.greenpeace.org\/static\/planet4-mexico-stateless\/2025\/06\/c7efc397-manifestacion-plasticos-cdmx.jpg 1200w\" sizes=\"auto, (max-width: 1024px) 100vw, 1024px\" \/><\/figure>\n\n<p>Asimismo, las y los activistas sostuvieron una manta en la que se le\u00eda el mensaje \u201cDiputados y Diputadas, si legislar quieren, prohibir pl\u00e1sticos es lo que deben\u201d. Dicho mensaje hace referencia a las principales demandas de las organizaciones y activistas presentes, las cuales buscan lo siguiente:<\/p>\n\n<ul class=\"wp-block-list\">\n<li><strong>La prohibici\u00f3n de productos pl\u00e1sticos de un solo uso innecesarios<\/strong> (botellas PET, bolsas, popotes, unicel, etc.) que generan residuos.\u00a0<\/li>\n\n\n\n<li><strong>Prohibir la incineraci\u00f3n de residuos\/valorizaci\u00f3n energ\u00e9tica<\/strong>, ya que \u00e9sta genera contaminaci\u00f3n al aire, suelo y agua (de cenizas y otros t\u00f3xicos que adem\u00e1s son da\u00f1inos para la salud humana) y porque se vuelve un incentivo para que las empresas sigan produciendo y vendiendo pl\u00e1stico sin modificar nada bajo la excusa de que despu\u00e9s se va a incinerar.\u00a0<\/li>\n\n\n\n<li><strong>Garantizar en las minutas el respeto de la jerarqu\u00eda de la gesti\u00f3n de residuos, es decir, que se privilegie la prevenci\u00f3n y minimizaci\u00f3n en la generaci\u00f3n de residuos, as\u00ed como el dise\u00f1o de productos reutilizables<\/strong>, por encima del aprovechamiento y valorizaci\u00f3n de residuos ya generados.<\/li>\n\n\n\n<li><strong>Incluir la Responsabilidad Extendida del productor (REP) en la ley<\/strong>. Es importante que la ley en M\u00e9xico incluya este principio de la responsabilidad extendida del productor ya que permite que las empresas que producen, distribuyen, comercializan e importan pl\u00e1sticos, se hagan responsables de los residuos que sus productos generan, pues son \u00e9stas quienes los ponen en el mercado. Adem\u00e1s de que las obliga a innovar en nuevos productos y formas de distribuirlos que no generen desechos.\u00a0<\/li>\n\n\n\n<li><strong>Esquemas de econom\u00eda circular basados en la reutilizaci\u00f3n y el refill.<\/strong> Demandamos que en lugar de que los productos se distribuyan en empaques y envases desechables, se distribuyan mediante esquemas reutilizables y rellenables, como las botellas retornables, los dispensadores de bebidas, los productos libres de empaque (como los jabones s\u00f3lidos), la venta a granel, etc.<\/li>\n\n\n\n<li><strong>El respeto de la soberan\u00eda de los estados, de modo que estos tengan facultades para prohibir pl\u00e1sticos y otros art\u00edculos que generen residuos contaminantes.<\/strong><\/li>\n<\/ul>\n\n<blockquote class=\"wp-block-quote has-small-font-size is-layout-flow wp-block-quote-is-layout-flow\">\n<p>\u201cHemos visto recientemente c\u00f3mo es que la segunda sala de la Suprema Corte de Justicia de la Naci\u00f3n ha admitido amparos de Coca Cola y sus subsidiarias (Oxxo, embotelladora Propimex y Jugos del Valle) para que estas empresas puedan pasar por encima de las leyes, eludiendo la prohibici\u00f3n de pl\u00e1sticos de Oaxaca. Esta decisi\u00f3n pone en riesgo los logros alcanzados por 29 estados que ya tienen alguna prohibici\u00f3n y los a\u00f1os de lucha de la sociedad civil para avanzar ese camino. Por esto, exigimos a las y los diputados que reformen la LGPGIR de forma que se les permita a los estados prohibir pl\u00e1sticos para prevenir la generaci\u00f3n de residuos que da\u00f1an el medio ambiente y que pongan l\u00edmites y responsabilidades a las empresas contaminantes\u201d, <\/p>\n<cite>se\u00f1al\u00f3 Ornela Garelli, campa\u00f1ista de Oc\u00e9anos sin Pl\u00e1sticos de Greenpeace M\u00e9xico.<\/cite><\/blockquote>\n\n<figure class=\"wp-block-image size-large\"><img loading=\"lazy\" decoding=\"async\" width=\"1024\" height=\"683\" src=\"https:\/\/www.greenpeace.org\/static\/planet4-mexico-stateless\/2025\/06\/900afa8e-firmas-protesta-plasticos-cdmx-1024x683.jpg\" title=\"Activista de Greenpeace M\u00e9xico protestando con pancartas detr\u00e1s de una representaci\u00f3n simb\u00f3lica de las 350 mil firmas recabadas para exigir que no haya retrocesos en las reformas a la Ley de Residuos y la Ley de Econom\u00eda Circular.\" alt=\"Activista de Greenpeace M\u00e9xico protestando con pancartas detr\u00e1s de una representaci\u00f3n simb\u00f3lica de las 350 mil firmas recabadas para exigir que no haya retrocesos en las reformas a la Ley de Residuos y la Ley de Econom\u00eda Circular.\" class=\"wp-image-56747\" srcset=\"https:\/\/www.greenpeace.org\/static\/planet4-mexico-stateless\/2025\/06\/900afa8e-firmas-protesta-plasticos-cdmx-1024x683.jpg 1024w, https:\/\/www.greenpeace.org\/static\/planet4-mexico-stateless\/2025\/06\/900afa8e-firmas-protesta-plasticos-cdmx-300x200.jpg 300w, https:\/\/www.greenpeace.org\/static\/planet4-mexico-stateless\/2025\/06\/900afa8e-firmas-protesta-plasticos-cdmx-768x512.jpg 768w, https:\/\/www.greenpeace.org\/static\/planet4-mexico-stateless\/2025\/06\/900afa8e-firmas-protesta-plasticos-cdmx-510x340.jpg 510w, https:\/\/www.greenpeace.org\/static\/planet4-mexico-stateless\/2025\/06\/900afa8e-firmas-protesta-plasticos-cdmx.jpg 1200w\" sizes=\"auto, (max-width: 1024px) 100vw, 1024px\" \/><\/figure>\n\n<blockquote class=\"wp-block-quote has-small-font-size is-layout-flow wp-block-quote-is-layout-flow\">\n<p>\u201cLa contaminaci\u00f3n por pl\u00e1sticos concierne tambi\u00e9n a los defensores de los derechos humanos, ya que sus consecuencias en la salud y el medio ambiente son irreversibles<a href=\"https:\/\/bit.ly\/3S7cNP5\"> (m\u00e1s info<\/a> aqu\u00ed). M\u00e9xico debe prohibir los pl\u00e1sticos de un solo uso, as\u00ed como prohibir la incineraci\u00f3n de pl\u00e1sticos como una forma de reciclaje. El pl\u00e1stico contamina durante todo su ciclo de vida, desde la extracci\u00f3n de su materia prima hasta su desecho. Recientemente en M\u00e9xico las importaciones y exportaciones de desechos pl\u00e1sticos han aumentado y la gesti\u00f3n de los pl\u00e1sticos se ha presentado como un problema para la regi\u00f3n latinoamericana que ahora enfrenta el<a href=\"https:\/\/bit.ly\/GAIAplasticos2022\"> colonialismo de la basura<\/a>, por ello exigimos el cumplimiento de la enmienda de pl\u00e1sticos del<a href=\"http:\/\/www.basel.int\/\"> Convenio de Basilea<\/a>. As\u00ed tambi\u00e9n, exigimos que el gobierno se adhiera a las actividades y la agenda global que se desprendan de las pr\u00f3ximas negociaciones del nuevo<a href=\"https:\/\/bit.ly\/3gbdUAa\"> Tratado internacional del pl\u00e1stico<\/a> pr\u00f3ximo a llevarse a cabo en noviembre 2022 en Punta del Este, Uruguay,\u00a8 <\/p>\n<cite>puntualiz\u00f3 Mariana Linares de Fronteras Comunes.<\/cite><\/blockquote>\n\n<blockquote class=\"wp-block-quote has-small-font-size is-layout-flow wp-block-quote-is-layout-flow\">\n<p>\u201cEs imposible no relacionar la contaminaci\u00f3n pl\u00e1stica con afectaciones a la salud. Sabemos la destrucci\u00f3n que hace la basura pl\u00e1stica a los ecosistemas desde hace algunos a\u00f1os, ahora sabemos que hay micropl\u00e1sticos en el agua potable, tierra, mar y en la lluvia, por lo que no se puede tener retrocesos en las prohibiciones estatales, que han tomado la iniciativa en la regulaci\u00f3n de pl\u00e1sticos de un solo uso\u201d <\/p>\n<cite>agreg\u00f3 Edgar Lugo Ch\u00e1vez, integrante del Comit\u00e9 Coordinador de la Alianza M\u00e9xico Sin Pl\u00e1stico.<\/cite><\/blockquote>\n\n<p>Las firmas recabadas por Greenpeace M\u00e9xico fueron recibidas por la presidenta de la Comisi\u00f3n del Medio Ambiente de la C\u00e1mara, Karen Castrej\u00f3n y la secretaria de la Comisi\u00f3n de Cambio Clim\u00e1tico y Sostenibilidad, la diputada Adriana Bustamante, con el compromiso de atender la petici\u00f3n de las organizaciones.&nbsp;<\/p>\n\n<p>Puedes ver las declaraciones afuera de la C\u00e1mara de Diputados y Diputadas aqu\u00ed: <\/p>\n\n<figure class=\"wp-block-embed is-type-video is-provider-youtube wp-block-embed-youtube wp-embed-aspect-16-9 wp-has-aspect-ratio\"><div class=\"wp-block-embed__wrapper\">\n<iframe loading=\"lazy\" title=\"Diputados y diputadas: \u00a1Legislen para detener la contaminaci\u00f3n por pl\u00e1sticos!\" width=\"500\" height=\"281\" src=\"https:\/\/www.youtube.com\/embed\/oLK-NOjo0nI?feature=oembed\" frameborder=\"0\" allow=\"accelerometer; autoplay; clipboard-write; encrypted-media; gyroscope; picture-in-picture; web-share\" referrerpolicy=\"strict-origin-when-cross-origin\" allowfullscreen><\/iframe>\n<\/div><\/figure>\n","protected":false},"excerpt":{"rendered":"<p>Activistas exigen en el Congreso de M\u00e9xico prohibir pl\u00e1sticos de un solo uso, responsabilizar a empresas y proteger ecosistemas de la contaminaci\u00f3n pl\u00e1stica.<\/p>\n","protected":false},"author":63,"featured_media":56747,"comment_status":"open","ping_status":"open","sticky":false,"template":"","format":"standard","meta":{"ep_exclude_from_search":false,"p4_og_title":"Protestan afuera de la C\u00e1mara de Diputados y Diputadas para exigir un M\u00e9xico sin contaminaci\u00f3n por pl\u00e1sticos","p4_og_description":"Activistas exigen en el Congreso de M\u00e9xico prohibir pl\u00e1sticos de un solo uso, responsabilizar a empresas y proteger ecosistemas de la contaminaci\u00f3n pl\u00e1stica.","p4_og_image":"https:\/\/www.greenpeace.org\/static\/planet4-mexico-stateless\/2025\/06\/900afa8e-firmas-protesta-plasticos-cdmx.jpg","p4_og_image_id":"56747","p4_seo_canonical_url":"","p4_campaign_name":"not set","p4_local_project":"not set","p4_basket_name":"not set","p4_department":"","footnotes":""},"categories":[45],"tags":[21,68],"p4-page-type":[16],"class_list":["post-51442","post","type-post","status-publish","format-standard","has-post-thumbnail","hentry","category-plasticos","tag-activismo","tag-mexico-sin-plasticos","p4-page-type-informacion-prensa"],"_links":{"self":[{"href":"https:\/\/www.greenpeace.org\/mexico\/wp-json\/wp\/v2\/posts\/51442","targetHints":{"allow":["GET"]}}],"collection":[{"href":"https:\/\/www.greenpeace.org\/mexico\/wp-json\/wp\/v2\/posts"}],"about":[{"href":"https:\/\/www.greenpeace.org\/mexico\/wp-json\/wp\/v2\/types\/post"}],"author":[{"embeddable":true,"href":"https:\/\/www.greenpeace.org\/mexico\/wp-json\/wp\/v2\/users\/63"}],"replies":[{"embeddable":true,"href":"https:\/\/www.greenpeace.org\/mexico\/wp-json\/wp\/v2\/comments?post=51442"}],"version-history":[{"count":7,"href":"https:\/\/www.greenpeace.org\/mexico\/wp-json\/wp\/v2\/posts\/51442\/revisions"}],"predecessor-version":[{"id":58149,"href":"https:\/\/www.greenpeace.org\/mexico\/wp-json\/wp\/v2\/posts\/51442\/revisions\/58149"}],"wp:featuredmedia":[{"embeddable":true,"href":"https:\/\/www.greenpeace.org\/mexico\/wp-json\/wp\/v2\/media\/56747"}],"wp:attachment":[{"href":"https:\/\/www.greenpeace.org\/mexico\/wp-json\/wp\/v2\/media?parent=51442"}],"wp:term":[{"taxonomy":"category","embeddable":true,"href":"https:\/\/www.greenpeace.org\/mexico\/wp-json\/wp\/v2\/categories?post=51442"},{"taxonomy":"post_tag","embeddable":true,"href":"https:\/\/www.greenpeace.org\/mexico\/wp-json\/wp\/v2\/tags?post=51442"},{"taxonomy":"p4-page-type","embeddable":true,"href":"https:\/\/www.greenpeace.org\/mexico\/wp-json\/wp\/v2\/p4-page-type?post=51442"}],"curies":[{"name":"wp","href":"https:\/\/api.w.org\/{rel}","templated":true}]}}