{"id":51875,"date":"2023-02-14T11:35:43","date_gmt":"2023-02-14T16:35:43","guid":{"rendered":"https:\/\/www.greenpeace.org\/mexico\/?p=51875"},"modified":"2025-06-02T01:12:09","modified_gmt":"2025-06-02T06:12:09","slug":"advierten-sobre-posibles-impactos-en-las-ballenas-si-se-avanza-en-la-mineria-en-aguas-profundas","status":"publish","type":"post","link":"https:\/\/www.greenpeace.org\/mexico\/blog\/51875\/advierten-sobre-posibles-impactos-en-las-ballenas-si-se-avanza-en-la-mineria-en-aguas-profundas\/","title":{"rendered":"<strong>Advierten sobre posibles impactos en las ballenas si se avanza en la miner\u00eda en aguas profundas<\/strong>"},"content":{"rendered":"\n<figure class=\"wp-block-table\"><table><tbody><tr><td>Falta investigaci\u00f3n sobre los impactos de la miner\u00eda submarina, por lo que podr\u00eda da\u00f1arse a los oc\u00e9anos de maneras que no conocemos y a expensas de especies como las ballenas azules y otros cet\u00e1ceos que han sido el foco de los esfuerzos de conservaci\u00f3n durante d\u00e9cadas<\/td><\/tr><\/tbody><\/table><\/figure>\n\n<p><strong>Exeter, Reino Unido a 14 de febrero del 2023<\/strong>. Los cient\u00edficos advierten que la miner\u00eda en aguas profundas podr\u00eda representar un &#8220;riesgo significativo para los ecosistemas oce\u00e1nicos&#8221; con impactos &#8220;duraderos e irreversibles&#8221;, incluidos los riesgos para las especies en peligro de extinci\u00f3n a nivel mundial, como las ballenas azules. La Universidad de Exeter y los Laboratorios de Investigaci\u00f3n de Greenpeace publicaron hoy un nuevo art\u00edculo revisado por pares que se centra en la coincidencia entre el h\u00e1bitat de cet\u00e1ceos (como ballenas, delfines y marsopas) y los sitios considerados para la miner\u00eda en aguas profundas, especialmente en el Oc\u00e9ano Pac\u00edfico. El estudio dice que se necesita una investigaci\u00f3n urgente para evaluar las amenazas a estos mam\u00edferos, particularmente por la contaminaci\u00f3n ac\u00fastica de las operaciones mineras que se proyectan.<\/p>\n\n<figure class=\"wp-block-image size-large\"><img loading=\"lazy\" decoding=\"async\" width=\"1024\" height=\"657\" src=\"https:\/\/www.greenpeace.org\/static\/planet4-mexico-stateless\/2025\/06\/cd8a87f8-mineria-aguas-profundas-normand-energy-1024x657.jpg\" title=\"Fotograf\u00eda panor\u00e1mica del Normand Energy, un buque de una empresa belga que investiga la miner\u00eda de aguas profundas en el Pac\u00edfico.\" alt=\"Fotograf\u00eda panor\u00e1mica del Normand Energy, un buque de una empresa belga que investiga la miner\u00eda de aguas profundas en el Pac\u00edfico.\" class=\"wp-image-56467\" srcset=\"https:\/\/www.greenpeace.org\/static\/planet4-mexico-stateless\/2025\/06\/cd8a87f8-mineria-aguas-profundas-normand-energy-1024x657.jpg 1024w, https:\/\/www.greenpeace.org\/static\/planet4-mexico-stateless\/2025\/06\/cd8a87f8-mineria-aguas-profundas-normand-energy-300x193.jpg 300w, https:\/\/www.greenpeace.org\/static\/planet4-mexico-stateless\/2025\/06\/cd8a87f8-mineria-aguas-profundas-normand-energy-768x493.jpg 768w, https:\/\/www.greenpeace.org\/static\/planet4-mexico-stateless\/2025\/06\/cd8a87f8-mineria-aguas-profundas-normand-energy-510x327.jpg 510w, https:\/\/www.greenpeace.org\/static\/planet4-mexico-stateless\/2025\/06\/cd8a87f8-mineria-aguas-profundas-normand-energy.jpg 1200w\" sizes=\"auto, (max-width: 1024px) 100vw, 1024px\" \/><figcaption class=\"wp-element-caption\">Una vista de Normand Energy desplegando el colector de n\u00f3dulos Patania II (verde), visto desde el Rainbow Warrior. El buque est\u00e1 enviado por Global Sea Mineral Resources (GSR), una empresa belga que investiga la miner\u00eda en aguas profundas en el Pac\u00edfico. Actualmente, la compa\u00f1\u00eda est\u00e1 probando equipos de miner\u00eda con el objetivo de una futura extracci\u00f3n comercial de minerales del lecho marino.<\/figcaption><\/figure>\n\n<p>Las empresas mineras que buscan expandirse hacia el lecho marino a\u00fan no han recibido permiso para comenzar a explotar comercialmente las aguas internacionales, pero est\u00e1n presionando a los gobiernos para obtener luz verde y comenzar sus actividades extractivas en julio de 2023. Si se otorga el permiso, se espera que maquinar\u00eda gigante (que pesa m\u00e1s que una ballena azul) funcione las 24 horas del d\u00eda, produciendo sonidos a diferentes profundidades que podr\u00edan superponerse con las frecuencias que usan los cet\u00e1ceos para comunicarse.<\/p>\n\n<figure class=\"wp-block-image size-large\"><img loading=\"lazy\" decoding=\"async\" width=\"1024\" height=\"728\" src=\"https:\/\/www.greenpeace.org\/static\/planet4-mexico-stateless\/2025\/05\/46fd80de-ballena-jorobada-1024x728.jpg\" title=\"Ballenas jorobadas reci\u00e9n nacidas tomando sus primeras respiraciones.\" alt=\"Ballenas jorobadas reci\u00e9n nacidas tomando sus primeras respiraciones.\" class=\"wp-image-56269\" srcset=\"https:\/\/www.greenpeace.org\/static\/planet4-mexico-stateless\/2025\/05\/46fd80de-ballena-jorobada-1024x728.jpg 1024w, https:\/\/www.greenpeace.org\/static\/planet4-mexico-stateless\/2025\/05\/46fd80de-ballena-jorobada-300x213.jpg 300w, https:\/\/www.greenpeace.org\/static\/planet4-mexico-stateless\/2025\/05\/46fd80de-ballena-jorobada-768x546.jpg 768w, https:\/\/www.greenpeace.org\/static\/planet4-mexico-stateless\/2025\/05\/46fd80de-ballena-jorobada-478x340.jpg 478w, https:\/\/www.greenpeace.org\/static\/planet4-mexico-stateless\/2025\/05\/46fd80de-ballena-jorobada.jpg 1200w\" sizes=\"auto, (max-width: 1024px) 100vw, 1024px\" \/><figcaption class=\"wp-element-caption\">Fotograf\u00edas de vida silvestre tomadas en Australia Occidental cerca del arrecife Ningaloo y el parque marino Gascoyne y la planta de gas Dampier Pluto.<\/figcaption><\/figure>\n\n<blockquote class=\"wp-block-quote is-layout-flow wp-block-quote-is-layout-flow\">\n<p>\u201cImagina que tu barrio se viera interrumpido repentinamente por trabajos de construcci\u00f3n que funcionan las 24 horas del d\u00eda, los 7 d\u00edas de la semana, tu vida cambiar\u00eda dr\u00e1sticamente, tu salud mental se ver\u00eda comprometida, y podr\u00edas cambiar tu comportamiento para escapar de ella. No es diferente para las ballenas o los delfines\u201d, <\/p>\n<cite>dijo la <a href=\"https:\/\/biosciences.exeter.ac.uk\/staff\/profile\/index.php?web_id=Kirsten_Thompson\">Dra. Kirsten Thompson<\/a>, de la Universidad de Exeter.<\/cite><\/blockquote>\n\n<p>La Zona Clarion-Clipperton (CCZ) entre M\u00e9xico y Haw\u00e1i en el Oc\u00e9ano Pac\u00edfico proporciona h\u00e1bitat para al menos 25 especies de cet\u00e1ceos, incluidos delfines y cachalotes, pero esta zona es la de mayor inter\u00e9s para las empresas mineras que buscan extraer metales y minerales del fondo marino. Hasta el momento se han otorgado 17 contratos de exploraci\u00f3n minera en aguas profundas en esta parte del Oc\u00e9ano Pac\u00edfico. Adem\u00e1s, las empresas mineras tambi\u00e9n apuntan a los recursos minerales de los fondos marinos en \u00e1reas alrededor de otros ecosistemas importantes como montes submarinos y respiraderos hidrotermales en aguas profundas.<\/p>\n\n<blockquote class=\"wp-block-quote is-layout-flow wp-block-quote-is-layout-flow\">\n<p>\u201cLas compa\u00f1\u00edas mineras que buscan explotar el lecho marino est\u00e1n decididas a comenzar a saquear los oc\u00e9anos, a pesar de la poca investigaci\u00f3n sobre los impactos que esta industria tendr\u00eda en las ballenas, los delfines y otras especies. La miner\u00eda en aguas profundas podr\u00eda da\u00f1ar los oc\u00e9anos de maneras que no entendemos completamente, a expensas de especies como las ballenas azules que han sido el foco de los esfuerzos de conservaci\u00f3n durante muchos a\u00f1os. Los gobiernos no pueden cumplir sus compromisos de proteger los oc\u00e9anos si permiten que comience la miner\u00eda en aguas profundas\u201d, <\/p>\n<cite>dijo Louisa Casson, activista de Greenpeace Internacional.<\/cite><\/blockquote>\n\n<p>La Autoridad Internacional de los Fondos Marinos (ISA por sus siglas en ingl\u00e9s), el organismo intergubernamental encargado de regular la miner\u00eda en aguas profundas en aguas internacionales, se reunir\u00e1 en marzo y julio en Kingston, Jamaica. En la \u00faltima ronda de negociaciones en noviembre de 2022, los gobiernos de Nueva Zelanda, Francia y Chile se opusieron a la presi\u00f3n comercial para permitir que la miner\u00eda en aguas profundas comience en 2023 y, en cambio, pidieron una moratoria preventiva.<\/p>\n\n<p>Fotos disponibles <a href=\"https:\/\/media.greenpeace.org\/Share\/2rqb25p22ki81027do30ti23m72h7b0e?FR_=1&amp;W=1198&amp;H=1149\">ac\u00e1.<\/a><\/p>\n\n<p>Contactos de prensa:&nbsp;<\/p>\n\n<figure class=\"wp-block-table\"><table><tbody><tr><td>Sol Gosetti<br>Coordinaci\u00f3n de medios para la campa\u00f1a \u201cAlto a la Miner\u00eda en Aguas Profundas\u201d de Greenpeace Internacional&nbsp;<a href=\"mailto:sol.gosetti@greenpeace.org\">sol.gosetti@greenpeace.org<\/a>&nbsp;+44 (0) 07807352020&nbsp;WhatsApp +44 (0) 7380845754<\/td><td>Oficina de prensa de Greenpeace Internacional<a href=\"mailto:pressdesk.int@greenpeace.org\">pressdesk.int@greenpeace.org<\/a>&nbsp;+31 (0) 20 718 2470&nbsp;(disponible las 24 horas)<\/td><\/tr><\/tbody><\/table><\/figure>\n\n<figure class=\"wp-block-table\"><table><tbody><tr><td>Este material informativo fue realizado por el equipo de Greenpeace M\u00e9xico, te invitamos a dar un siguiente paso y ser parte del cambio al firmar <a href=\"https:\/\/actua.greenpeace.org.mx\/alto-a-la-mineria-en-aguas-profundastico\">nuestra petici\u00f3n<\/a> para exigir que la prohibici\u00f3n de la miner\u00eda en aguas profundas en aguas internacionales.<br><br>Greenpeace M\u00e9xico es una organizaci\u00f3n pol\u00edtica y econ\u00f3micamente independiente tanto de empresas como de gobiernos. Las donaciones de personas como t\u00fa, son la \u00fanica fuente de nuestros fondos.<a href=\"https:\/\/dona.greenpeace.org.mx\/?__hstc=218051913.31399d86166594d7f4f2580f19a86b28.1672801081381.1673029945228.1673472571019.3&amp;__hssc=218051913.1.1673472571019&amp;__hsfp=3008877912&amp;_ga=2.245702916.1406776288.1673472569-458736722.1672801072&amp;_gl=1*1qphxll*_ga*NDU4NzM2NzIyLjE2NzI4MDEwNzI.*_ga_YERBT5H8S8*MTY3MzQ3MjU2OS4zLjAuMTY3MzQ3MjU2OS4wLjAuMA..\"> Dona ahora<\/a> y ay\u00fadanos a mantener la independencia que necesitamos para hacer campa\u00f1as y conseguir un cambio real.<\/td><\/tr><\/tbody><\/table><\/figure>\n","protected":false},"excerpt":{"rendered":"<p>La miner\u00eda en aguas profundas amenaza a ballenas y cet\u00e1ceos por ruido y destrucci\u00f3n de h\u00e1bitats; cient\u00edficos exigen m\u00e1s investigaci\u00f3n y una moratoria global.<\/p>\n","protected":false},"author":63,"featured_media":55859,"comment_status":"open","ping_status":"open","sticky":false,"template":"","format":"standard","meta":{"ep_exclude_from_search":false,"p4_og_title":"Advierten sobre posibles impactos en las ballenas si se avanza en la miner\u00eda en aguas profundas","p4_og_description":"La miner\u00eda en aguas profundas amenaza a ballenas y cet\u00e1ceos por ruido y destrucci\u00f3n de h\u00e1bitats; cient\u00edficos exigen m\u00e1s investigaci\u00f3n y una moratoria global.","p4_og_image":"https:\/\/www.greenpeace.org\/static\/planet4-mexico-stateless\/2025\/05\/31b7fe7e-tmc-mineria-submarina.jpg","p4_og_image_id":"55859","p4_seo_canonical_url":"","p4_campaign_name":"not set","p4_local_project":"not set","p4_basket_name":"not set","p4_department":"","footnotes":""},"categories":[44],"tags":[42,65],"p4-page-type":[],"class_list":["post-51875","post","type-post","status-publish","format-standard","has-post-thumbnail","hentry","category-oceanos","tag-animales-en-peligro","tag-mineria-submarina"],"_links":{"self":[{"href":"https:\/\/www.greenpeace.org\/mexico\/wp-json\/wp\/v2\/posts\/51875","targetHints":{"allow":["GET"]}}],"collection":[{"href":"https:\/\/www.greenpeace.org\/mexico\/wp-json\/wp\/v2\/posts"}],"about":[{"href":"https:\/\/www.greenpeace.org\/mexico\/wp-json\/wp\/v2\/types\/post"}],"author":[{"embeddable":true,"href":"https:\/\/www.greenpeace.org\/mexico\/wp-json\/wp\/v2\/users\/63"}],"replies":[{"embeddable":true,"href":"https:\/\/www.greenpeace.org\/mexico\/wp-json\/wp\/v2\/comments?post=51875"}],"version-history":[{"count":2,"href":"https:\/\/www.greenpeace.org\/mexico\/wp-json\/wp\/v2\/posts\/51875\/revisions"}],"predecessor-version":[{"id":56468,"href":"https:\/\/www.greenpeace.org\/mexico\/wp-json\/wp\/v2\/posts\/51875\/revisions\/56468"}],"wp:featuredmedia":[{"embeddable":true,"href":"https:\/\/www.greenpeace.org\/mexico\/wp-json\/wp\/v2\/media\/55859"}],"wp:attachment":[{"href":"https:\/\/www.greenpeace.org\/mexico\/wp-json\/wp\/v2\/media?parent=51875"}],"wp:term":[{"taxonomy":"category","embeddable":true,"href":"https:\/\/www.greenpeace.org\/mexico\/wp-json\/wp\/v2\/categories?post=51875"},{"taxonomy":"post_tag","embeddable":true,"href":"https:\/\/www.greenpeace.org\/mexico\/wp-json\/wp\/v2\/tags?post=51875"},{"taxonomy":"p4-page-type","embeddable":true,"href":"https:\/\/www.greenpeace.org\/mexico\/wp-json\/wp\/v2\/p4-page-type?post=51875"}],"curies":[{"name":"wp","href":"https:\/\/api.w.org\/{rel}","templated":true}]}}