{"id":51988,"date":"2023-03-05T13:11:15","date_gmt":"2023-03-05T18:11:15","guid":{"rendered":"https:\/\/www.greenpeace.org\/mexico\/?p=51988"},"modified":"2025-06-01T21:07:38","modified_gmt":"2025-06-02T02:07:38","slug":"historico-despues-de-anos-de-negociaciones-y-presion-activista-el-tratado-global-por-los-oceanos-es-una-realidad","status":"publish","type":"post","link":"https:\/\/www.greenpeace.org\/mexico\/blog\/51988\/historico-despues-de-anos-de-negociaciones-y-presion-activista-el-tratado-global-por-los-oceanos-es-una-realidad\/","title":{"rendered":"\u00a1Hist\u00f3rico! Despu\u00e9s de a\u00f1os de negociaciones y presi\u00f3n activista, el Tratado Global por los Oc\u00e9anos es una realidad"},"content":{"rendered":"\n<figure class=\"wp-block-image size-large\"><img loading=\"lazy\" decoding=\"async\" width=\"1024\" height=\"576\" src=\"https:\/\/www.greenpeace.org\/static\/planet4-mexico-stateless\/2025\/06\/583d918b-tratado-global-oceanos-1024x576.png\" title=\"Fotograf\u00eda edit de celebraci\u00f3n por el Tratado Global de Oce\u00e1nos.\" alt=\"Fotograf\u00eda edit de celebraci\u00f3n por el Tratado Global de Oce\u00e1nos.\" class=\"wp-image-56422\" srcset=\"https:\/\/www.greenpeace.org\/static\/planet4-mexico-stateless\/2025\/06\/583d918b-tratado-global-oceanos-1024x576.png 1024w, https:\/\/www.greenpeace.org\/static\/planet4-mexico-stateless\/2025\/06\/583d918b-tratado-global-oceanos-300x169.png 300w, https:\/\/www.greenpeace.org\/static\/planet4-mexico-stateless\/2025\/06\/583d918b-tratado-global-oceanos-768x432.png 768w, https:\/\/www.greenpeace.org\/static\/planet4-mexico-stateless\/2025\/06\/583d918b-tratado-global-oceanos-510x287.png 510w, https:\/\/www.greenpeace.org\/static\/planet4-mexico-stateless\/2025\/06\/583d918b-tratado-global-oceanos.png 1536w\" sizes=\"auto, (max-width: 1024px) 100vw, 1024px\" \/><figcaption><div class=\"credit icon-left\"> \u00a9 Greenpeace M\u00e9xico<\/div><\/figcaption><\/figure>\n\n<p><strong>Nueva York a 5 de marzo del 2023. <\/strong>Un hist\u00f3rico Tratado de las Naciones Unidas por los Oc\u00e9anos finalmente se acord\u00f3 en las Naciones Unidas despu\u00e9s de casi <a href=\"https:\/\/www.highseasalliance.org\/high-seas-alliance-timeline\/\" target=\"_blank\" rel=\"noreferrer noopener\">dos d\u00e9cadas de negociaciones<\/a>. El texto pasar\u00e1 ahora por la edici\u00f3n t\u00e9cnica y ser\u00e1 traducido, antes de ser adoptado oficialmente por los Estados en otra sesi\u00f3n. Este Tratado es una victoria monumental para la protecci\u00f3n de los oc\u00e9anos y un s\u00edmbolo importante de que el multilateralismo a\u00fan funciona en un mundo cada vez m\u00e1s dividido.<\/p>\n\n<p>El acuerdo de este Tratado mantiene vivo el objetivo 30&#215;30 (es decir,<a href=\"https:\/\/www.unep.org\/news-and-stories\/story\/cop15-ends-landmark-biodiversity-agreement\" target=\"_blank\" rel=\"noreferrer noopener\"> proteger el 30% de los oc\u00e9anos del mundo para el a\u00f1o 2030<\/a>). Tambi\u00e9n proporciona un camino para la creaci\u00f3n de \u00e1reas total o altamente protegidas en los oc\u00e9anos del mundo en aguas internacionales que actualmente no cuentan con ning\u00fan tipo de autoridad o protecci\u00f3n. Todav\u00eda hay cosas por mejorar en el texto, por lo que los gobiernos deben asegurarse de que el Tratado se ponga en pr\u00e1ctica de manera efectiva y justa para que se considere un Tratado realmente s\u00f3lido.\u00a0<\/p>\n\n<p>Laura Meller, campa\u00f1ista de oc\u00e9anos de Greenpeace Nordic, declar\u00f3 desde Nueva York:<\/p>\n\n<p>\u201cEste es un d\u00eda hist\u00f3rico para la conservaci\u00f3n y una se\u00f1al de que, en un mundo dividido, la protecci\u00f3n de la naturaleza y de las personas puede triunfar sobre la geopol\u00edtica. Reconocemos a los pa\u00edses por generar compromisos, dejar de lado sus diferencias y entregar un Tratado que nos permitir\u00e1 proteger los oc\u00e9anos, aumentar nuestra resiliencia al cambio clim\u00e1tico y salvaguardar las vidas y los medios de subsistencia de miles de millones de personas. Ahora finalmente podemos pasar de las palabras a un cambio real en el mar. Los pa\u00edses deben adoptar formalmente el Tratado y ratificarlo lo m\u00e1s r\u00e1pido posible para que entre en vigor y luego crear los santuarios oce\u00e1nicos que nuestro planeta tanto necesita. El tiempo sigue corriendo para llegar exitosamente al 30&#215;30. Nos quedan s\u00f3lo cinco a\u00f1os y no podemos ser complacientes\u201d.<\/p>\n\n<p>La <em>High Ambition Coalition<\/em>, que incluye a la Uni\u00f3n Europea, EE. UU., el Reino Unido, y China fueron actores clave en la negociaci\u00f3n del acuerdo, ya que mostraron voluntad de compromiso en los \u00faltimos d\u00edas de conversaciones y construyeron acuerdos en lugar de sembrar divisi\u00f3n. Los peque\u00f1os Estados insulares tambi\u00e9n mostraron liderazgo a lo largo del proceso, y el <a href=\"https:\/\/en.wikipedia.org\/wiki\/Group_of_77\" target=\"_blank\" rel=\"noreferrer noopener\">grupo G77<\/a> abri\u00f3 el camino para garantizar que el Tratado se pueda poner en pr\u00e1ctica de manera justa y equitativa.<\/p>\n\n<p>La distribuci\u00f3n justa de los beneficios econ\u00f3micos que se obtendr\u00edan de los recursos gen\u00e9ticos marinos fue un punto de conflicto clave, donde se pudo observar la divisi\u00f3n entre los pa\u00edses desarrollados, poseedores de estas tecnolog\u00edas, y los pa\u00edses en desarrollo, que demandaban un acceso justo a los beneficios obtenidos en \u00e1reas de los oc\u00e9anos que pertenecen a toda la humanidad. Esto s\u00f3lo se resolvi\u00f3 hasta el \u00faltimo d\u00eda de conversaciones. La secci\u00f3n del Tratado sobre \u00c1reas Marinas Protegidas elimina la toma de decisiones basada en el consenso ya que no ha logrado proteger los oc\u00e9anos a trav\u00e9s de organismos regionales existentes como la Comisi\u00f3n del Oc\u00e9ano Ant\u00e1rtico. Si bien todav\u00eda hay problemas importantes en el texto, es un Tratado viable que es un punto de partida para proteger el 30% de los oc\u00e9anos del mundo.<\/p>\n\n<p>El objetivo 30&#215;30, acordado por los pa\u00edses en la COP15 de Biodiversidad en Montreal en 2022, no ser\u00eda posible sin este Tratado hist\u00f3rico, ya que el Acuerdo permitir\u00e1 la protecci\u00f3n de las aguas internacionales mediante la creaci\u00f3n de \u00e1reas marinas altamente protegidas. Es vital que los pa\u00edses ratifiquen urgentemente este Tratado y comiencen a trabajar para crear vastos santuarios en los oc\u00e9anos que est\u00e9n protegidos y que cubran el 30% de los oc\u00e9anos para 2030.<\/p>\n\n<p>A partir de ahora, comienza el arduo trabajo de ratificaci\u00f3n y protecci\u00f3n de los oc\u00e9anos. Debemos aprovechar este impulso para deshacernos de nuevas amenazas, como la miner\u00eda en aguas profundas, y concentrarnos en implementar la protecci\u00f3n. M\u00e1s de 5.5 millones de personas han firmado la petici\u00f3n de Greenpeace pidiendo un Tratado fuerte. En M\u00e9xico, fueron m\u00e1s de 380 mil personas las que suscribieron esta petici\u00f3n. Esta es una victoria para todas ellas. Gracias por sumar su voz.<\/p>\n\n<blockquote class=\"wp-block-quote is-layout-flow wp-block-quote-is-layout-flow\">\n<p>\u201cEn M\u00e9xico, nos toca estar pendientes en los pr\u00f3ximos meses de los procesos de adopci\u00f3n, ratificaci\u00f3n y entrada en vigor del Tratado. Es de suma importancia que M\u00e9xico se coloque como punta de lanza y l\u00edder a nivel regional en los pasos por seguir para lograr la completa y correcta implementaci\u00f3n de este Tratado Si bien a\u00fan nos queda mucho trabajo por hacer, este primer paso es un logro enorme en la protecci\u00f3n de los oc\u00e9anos del mundo. Es una muestra de que cuando existe voluntad pol\u00edtica y se superan divergencias, los pa\u00edses pueden alcanzar grandes cosas por la humanidad y el planeta\u201d <\/p>\n<cite><strong>Mencion\u00f3 Ornela Garelli, campa\u00f1ista de oc\u00e9anos de Greenpeace M\u00e9xico.<\/strong><\/cite><\/blockquote>\n\n<p><a href=\"https:\/\/media.greenpeace.org\/collection\/27MZIFJLB7K_W\">Im\u00e1genes disponibles ac\u00e1.&nbsp;<\/a><\/p>\n\n<p>Contactos de prensa:&nbsp;<\/p>\n\n<figure class=\"wp-block-table\"><table><tbody><tr><td>James Hanson+44 7801 212 994 <a href=\"mailto:james.hanson@greenpeace.org\">james.hanson@greenpeace.org<\/a>&nbsp;&nbsp;&nbsp;&nbsp;&nbsp;&nbsp;&nbsp;&nbsp;&nbsp;<\/td><td>Oficina de prensa de Greenpeace Internacional<a href=\"mailto:pressdesk.int@greenpeace.org\">pressdesk.int@greenpeace.org<\/a>&nbsp;+31 (0) 20 718 2470&nbsp;(disponible las 24 horas)<\/td><td>Dana Olgu\u00ednGreenpeace M\u00e9xico<a href=\"mailto:dana.olguin@greenpeace.org\">dana.olguin@greenpeace.org<\/a>+52 55 4084 5320<\/td><\/tr><\/tbody><\/table><\/figure>\n","protected":false},"excerpt":{"rendered":"<p>Hist\u00f3rico Tratado Global por los Oc\u00e9anos busca proteger el 30% del mar para 2030 tras a\u00f1os de presi\u00f3n activista y negociaciones internacionales.<\/p>\n","protected":false},"author":63,"featured_media":56422,"comment_status":"open","ping_status":"open","sticky":false,"template":"","format":"standard","meta":{"ep_exclude_from_search":false,"p4_og_title":"\u00a1Hist\u00f3rico! Despu\u00e9s de a\u00f1os de negociaciones y presi\u00f3n activista, el Tratado Global por los Oc\u00e9anos es una realidad","p4_og_description":"Hist\u00f3rico Tratado Global por los Oc\u00e9anos busca proteger el 30% del mar para 2030 tras a\u00f1os de presi\u00f3n activista y negociaciones internacionales.","p4_og_image":"https:\/\/www.greenpeace.org\/static\/planet4-mexico-stateless\/2025\/06\/583d918b-tratado-global-oceanos.png","p4_og_image_id":"56422","p4_seo_canonical_url":"","p4_campaign_name":"","p4_local_project":"","p4_basket_name":"","p4_department":"","footnotes":""},"categories":[44],"tags":[63,62],"p4-page-type":[],"class_list":["post-51988","post","type-post","status-publish","format-standard","has-post-thumbnail","hentry","category-oceanos","tag-tratado-global-de-oceanos","tag-victorias"],"_links":{"self":[{"href":"https:\/\/www.greenpeace.org\/mexico\/wp-json\/wp\/v2\/posts\/51988","targetHints":{"allow":["GET"]}}],"collection":[{"href":"https:\/\/www.greenpeace.org\/mexico\/wp-json\/wp\/v2\/posts"}],"about":[{"href":"https:\/\/www.greenpeace.org\/mexico\/wp-json\/wp\/v2\/types\/post"}],"author":[{"embeddable":true,"href":"https:\/\/www.greenpeace.org\/mexico\/wp-json\/wp\/v2\/users\/63"}],"replies":[{"embeddable":true,"href":"https:\/\/www.greenpeace.org\/mexico\/wp-json\/wp\/v2\/comments?post=51988"}],"version-history":[{"count":2,"href":"https:\/\/www.greenpeace.org\/mexico\/wp-json\/wp\/v2\/posts\/51988\/revisions"}],"predecessor-version":[{"id":56423,"href":"https:\/\/www.greenpeace.org\/mexico\/wp-json\/wp\/v2\/posts\/51988\/revisions\/56423"}],"wp:featuredmedia":[{"embeddable":true,"href":"https:\/\/www.greenpeace.org\/mexico\/wp-json\/wp\/v2\/media\/56422"}],"wp:attachment":[{"href":"https:\/\/www.greenpeace.org\/mexico\/wp-json\/wp\/v2\/media?parent=51988"}],"wp:term":[{"taxonomy":"category","embeddable":true,"href":"https:\/\/www.greenpeace.org\/mexico\/wp-json\/wp\/v2\/categories?post=51988"},{"taxonomy":"post_tag","embeddable":true,"href":"https:\/\/www.greenpeace.org\/mexico\/wp-json\/wp\/v2\/tags?post=51988"},{"taxonomy":"p4-page-type","embeddable":true,"href":"https:\/\/www.greenpeace.org\/mexico\/wp-json\/wp\/v2\/p4-page-type?post=51988"}],"curies":[{"name":"wp","href":"https:\/\/api.w.org\/{rel}","templated":true}]}}