{"id":52584,"date":"2023-06-19T15:36:03","date_gmt":"2023-06-19T20:36:03","guid":{"rendered":"https:\/\/www.greenpeace.org\/mexico\/?p=52584"},"modified":"2025-05-26T01:39:39","modified_gmt":"2025-05-26T06:39:39","slug":"se-adopta-formalmente-el-tratado-de-los-oceanos-de-la-onu-y-comienza-la-carrera-rumbo-a-su-ratificacion","status":"publish","type":"post","link":"https:\/\/www.greenpeace.org\/mexico\/informacion-prensa\/52584\/se-adopta-formalmente-el-tratado-de-los-oceanos-de-la-onu-y-comienza-la-carrera-rumbo-a-su-ratificacion\/","title":{"rendered":"Se adopta formalmente el Tratado Global de los Oc\u00e9anos de la ONU y comienza la carrera rumbo a su ratificaci\u00f3n"},"content":{"rendered":"\n<figure class=\"wp-block-image size-large\"><img loading=\"lazy\" decoding=\"async\" width=\"1024\" height=\"730\" src=\"https:\/\/www.greenpeace.org\/static\/planet4-mexico-stateless\/2025\/05\/4057fece-protejamos-vida-protejamos-oceanos-1024x730.jpg\" title=\"Fotograf\u00eda del monumento a la revoluci\u00f3n con una proyecci\u00f3n que dice &quot;Protejamos nuestros oc\u00e9anos&quot;\" alt=\"Fotograf\u00eda del monumento a la revoluci\u00f3n con una proyecci\u00f3n que dice &quot;Protejamos nuestros oc\u00e9anos&quot;\" class=\"wp-image-55718\" srcset=\"https:\/\/www.greenpeace.org\/static\/planet4-mexico-stateless\/2025\/05\/4057fece-protejamos-vida-protejamos-oceanos-1024x730.jpg 1024w, https:\/\/www.greenpeace.org\/static\/planet4-mexico-stateless\/2025\/05\/4057fece-protejamos-vida-protejamos-oceanos-300x214.jpg 300w, https:\/\/www.greenpeace.org\/static\/planet4-mexico-stateless\/2025\/05\/4057fece-protejamos-vida-protejamos-oceanos-768x548.jpg 768w, https:\/\/www.greenpeace.org\/static\/planet4-mexico-stateless\/2025\/05\/4057fece-protejamos-vida-protejamos-oceanos-477x340.jpg 477w, https:\/\/www.greenpeace.org\/static\/planet4-mexico-stateless\/2025\/05\/4057fece-protejamos-vida-protejamos-oceanos.jpg 1200w\" sizes=\"auto, (max-width: 1024px) 100vw, 1024px\" \/><figcaption class=\"wp-element-caption\">Greenpeace proyecta im\u00e1genes y video en el Monumento a la Revoluci\u00f3n exigiendo al secretario de Relaciones Exteriores, que se comprometa a impulsar el liderazgo regional hacia el Tratado Global de los Oc\u00e9anos.<div class=\"credit icon-left\"> \u00a9 Greenpeace<\/div><\/figcaption><\/figure>\n\n<p><strong>Nueva York, 19 de junio de 2023.<\/strong> El hist\u00f3rico Tratado de las Naciones Unidas sobre los Oc\u00e9anos se adopt\u00f3 formalmente en Nueva York despu\u00e9s de que se acordara el texto del Tratado el pasado marzo de 2023. Desde entonces, el texto ha sido sometido a meses de depuraci\u00f3n legal y traducci\u00f3n a todos los idiomas oficiales de las Naciones Unidas. Los gobiernos ahora pueden proceder a firmar y ratificar el tratado para darle vida en el mar y comenzar a proteger los oc\u00e9anos.<\/p>\n\n<p>El Tratado es una poderosa herramienta legal que se puede utilizar para lograr 30\u00d730, el objetivo acordado por todos los gobiernos en virtud del Convenio sobre la Diversidad Biol\u00f3gica a fines de 2022. As\u00ed, permite la creaci\u00f3n de vastos santuarios oce\u00e1nicos, libres de actividades humanas destructivas en alta mar. Sin embargo, primero debe ser ratificado por al menos 60 gobiernos para que pueda entrar en vigor y convertirse en un instrumento jur\u00eddicamente vinculante.<\/p>\n\n<p>Chris Thorne de la campa\u00f1a Protect the Oceans de Greenpeace mencion\u00f3 que: <\/p>\n\n<blockquote class=\"wp-block-quote is-layout-flow wp-block-quote-is-layout-flow\">\n<p>\u201cEste Tratado es una victoria para toda la vida en este planeta. Ahora esos mismos gobiernos que lo acordaron deben ratificarlo de manera urgente&nbsp; y comenzar a generar vastos santuarios oce\u00e1nicos en alta mar. La ciencia es clara; debemos proteger al menos el 30 % de los oc\u00e9anos para 2030 para que los oc\u00e9anos tengan la oportunidad de recuperarse y prosperar. Ya se vislumbra el 2030 vislumbra en el horizonte, y la escala de nuestra tarea es enorme. Menos del 1% de la alta mar est\u00e1 protegida. Millones de personas de todo el mundo han exigido un cambio y juntos hemos logrado este acuerdo hist\u00f3rico, pero a\u00fan nos queda un largo camino por recorrer. Estamos comprometidos con lograr el 30\u00d730. Trabajaremos d\u00eda y noche para garantizar que este Tratado sea ratificado en 2025 y que los santuarios oce\u00e1nicos libres de actividades humanas destructivas que cubran el 30 % de los oc\u00e9anos. Trabajaremos para que esto sea una realidad para fines de esta d\u00e9cada\u201d.<\/p>\n<\/blockquote>\n\n<p>5.5 millones de personas de todos los continentes se unieron a Greenpeace para pedir a los gobiernos que finalicen un Tratado Global de los Oc\u00e9anos. Para hacer realidad el 30\u00d730, los gobiernos se aseguren de que el Tratado sea ratificado por la Conferencia de las Naciones Unidas sobre los Oc\u00e9anos en 2025.<\/p>\n\n<p>Las im\u00e1genes est\u00e1n disponibles a trav\u00e9s de la <a href=\"https:\/\/media.greenpeace.org\/collection\/27MZIFJLHIAO6\">biblioteca de medios de Greenpeace<\/a><\/p>\n\n<p>Contactos de prensa<\/p>\n\n<p>James Hanson: +44 7801 212 994 \/ james.hanson@greenpeace.org&nbsp;<\/p>\n\n<p>Oficina de prensa internacional de Greenpeace:&nbsp; pressdesk.int@greenpeace.org , +31 (0) 20 718 2470 (disponible las 24 horas)<\/p>\n","protected":false},"excerpt":{"rendered":"<p>Se adopta el Tratado Global de los Oc\u00e9anos de la ONU; inicia su ratificaci\u00f3n para proteger el 30\u202f% de los oc\u00e9anos antes de 2030.<\/p>\n","protected":false},"author":63,"featured_media":55718,"comment_status":"open","ping_status":"open","sticky":false,"template":"","format":"standard","meta":{"ep_exclude_from_search":false,"p4_og_title":"Se adopta formalmente el Tratado Global de los Oc\u00e9anos de la ONU y comienza la carrera rumbo a su ratificaci\u00f3n","p4_og_description":"Se adopta el Tratado Global de los Oc\u00e9anos de la ONU; inicia su ratificaci\u00f3n para proteger el 30\u202f% de los oc\u00e9anos antes de 2030.","p4_og_image":"https:\/\/www.greenpeace.org\/static\/planet4-mexico-stateless\/2025\/05\/4057fece-protejamos-vida-protejamos-oceanos.jpg","p4_og_image_id":"55718","p4_seo_canonical_url":"","p4_campaign_name":"","p4_local_project":"","p4_basket_name":"","p4_department":"","footnotes":""},"categories":[44],"tags":[63,62],"p4-page-type":[16],"class_list":["post-52584","post","type-post","status-publish","format-standard","has-post-thumbnail","hentry","category-oceanos","tag-tratado-global-de-oceanos","tag-victorias","p4-page-type-informacion-prensa"],"_links":{"self":[{"href":"https:\/\/www.greenpeace.org\/mexico\/wp-json\/wp\/v2\/posts\/52584","targetHints":{"allow":["GET"]}}],"collection":[{"href":"https:\/\/www.greenpeace.org\/mexico\/wp-json\/wp\/v2\/posts"}],"about":[{"href":"https:\/\/www.greenpeace.org\/mexico\/wp-json\/wp\/v2\/types\/post"}],"author":[{"embeddable":true,"href":"https:\/\/www.greenpeace.org\/mexico\/wp-json\/wp\/v2\/users\/63"}],"replies":[{"embeddable":true,"href":"https:\/\/www.greenpeace.org\/mexico\/wp-json\/wp\/v2\/comments?post=52584"}],"version-history":[{"count":4,"href":"https:\/\/www.greenpeace.org\/mexico\/wp-json\/wp\/v2\/posts\/52584\/revisions"}],"predecessor-version":[{"id":56274,"href":"https:\/\/www.greenpeace.org\/mexico\/wp-json\/wp\/v2\/posts\/52584\/revisions\/56274"}],"wp:featuredmedia":[{"embeddable":true,"href":"https:\/\/www.greenpeace.org\/mexico\/wp-json\/wp\/v2\/media\/55718"}],"wp:attachment":[{"href":"https:\/\/www.greenpeace.org\/mexico\/wp-json\/wp\/v2\/media?parent=52584"}],"wp:term":[{"taxonomy":"category","embeddable":true,"href":"https:\/\/www.greenpeace.org\/mexico\/wp-json\/wp\/v2\/categories?post=52584"},{"taxonomy":"post_tag","embeddable":true,"href":"https:\/\/www.greenpeace.org\/mexico\/wp-json\/wp\/v2\/tags?post=52584"},{"taxonomy":"p4-page-type","embeddable":true,"href":"https:\/\/www.greenpeace.org\/mexico\/wp-json\/wp\/v2\/p4-page-type?post=52584"}],"curies":[{"name":"wp","href":"https:\/\/api.w.org\/{rel}","templated":true}]}}