{"id":52653,"date":"2023-07-07T11:48:04","date_gmt":"2023-07-07T16:48:04","guid":{"rendered":"https:\/\/www.greenpeace.org\/mexico\/?p=52653"},"modified":"2025-05-25T23:11:26","modified_gmt":"2025-05-26T04:11:26","slug":"mineria-en-aguas-profundas-una-amenaza-concreta-que-debemos-detener-ahora","status":"publish","type":"post","link":"https:\/\/www.greenpeace.org\/mexico\/blog\/52653\/mineria-en-aguas-profundas-una-amenaza-concreta-que-debemos-detener-ahora\/","title":{"rendered":"Miner\u00eda en aguas profundas: una amenaza concreta que debemos detener ahora"},"content":{"rendered":"\n<p><em>El 9 de julio de 2023 es un punto de inflexi\u00f3n para la industria minera en aguas profundas, pero tambi\u00e9n para todos los que se oponen a esta nueva industria extractiva. Tenemos que prepararnos para reforzar la resistencia.<\/em><\/p>\n\n<p><strong>Quienes hayan o\u00eddo hablar de la \u201cregla de los dos a\u00f1os\u201d, que levanten la mano.<\/strong><\/p>\n\n<p>\u00a1Casi nadie levantar\u00eda la mano y por una buena raz\u00f3n! La \u201cregla de los dos a\u00f1os\u201d es una disposici\u00f3n oscura en la Ley del Mar, <strong>un ultim\u00e1tum utilizado por la industria minera de aguas profundas para presionar a los gobiernos para que permitan la miner\u00eda en aguas profundas<\/strong>. Una vez activado, permite que un contratista intente iniciar la <a href=\"https:\/\/www.greenpeace.org\/mexico\/blog\/50704\/5-razones-por-las-que-la-mineria-en-aguas-profundas-pondra-a-nuestro-planeta-en-serios-problemas\/\">miner\u00eda en aguas profundas<\/a> incluso si no existe una regulaci\u00f3n. Nauru, un peque\u00f1o estado insular que patrocina a la sospechosa The Metals Company, activ\u00f3 esta disposici\u00f3n hace dos a\u00f1os. Hasta el d\u00eda de hoy, los gobiernos no tienen idea de qu\u00e9 hacer si una empresa solicita comenzar la miner\u00eda. Durante la \u00faltima reuni\u00f3n de la Autoridad Internacional de los Fondos Marinos en marzo, los gobiernos dejaron la puerta trasera abierta para que la industria se infiltrara. Ahora deben cerrar firmemente la puerta a la miner\u00eda en aguas profundas.<\/p>\n\n<figure class=\"wp-block-embed is-type-video is-provider-youtube wp-block-embed-youtube wp-embed-aspect-16-9 wp-has-aspect-ratio\"><div class=\"wp-block-embed__wrapper\">\n<iframe loading=\"lazy\" title=\"? Lo que la industria de miner\u00eda en aguas profundas no quiere que veas\" width=\"500\" height=\"281\" src=\"https:\/\/www.youtube.com\/embed\/krKazbGRlR0?feature=oembed\" frameborder=\"0\" allow=\"accelerometer; autoplay; clipboard-write; encrypted-media; gyroscope; picture-in-picture; web-share\" referrerpolicy=\"strict-origin-when-cross-origin\" allowfullscreen><\/iframe>\n<\/div><\/figure>\n\n<h2 class=\"wp-block-heading\">\u00bfQu\u00e9 significa?<\/h2>\n\n<p>Significa que la amenaza de la miner\u00eda comercial en aguas profundas se vuelve cada vez m\u00e1s concreta. Significa que incluso despu\u00e9s de la adopci\u00f3n de un hist\u00f3rico Tratado Global de los Oc\u00e9anos, una industria codiciosa podr\u00eda hacer pedazos al lecho marino para obtener ganancias. <strong>En este momento, hay muy poco interponi\u00e9ndose entre las maravillas naturales de las profundidades del oc\u00e9ano y las m\u00e1quinas mineras<\/strong>. La miner\u00eda en aguas profundas pondr\u00eda en peligro los<a href=\"https:\/\/www.instagram.com\/p\/CtcIRhIhbtL\/\"> fr\u00e1giles ecosistemas marinos<\/a> que tardaron milenios en desarrollarse, podr\u00eda alterar y liberar el carbono almacenado en los sedimentos de las profundidades marinas y amenazar\u00eda los medios de vida y las tradiciones de las personas del Pac\u00edfico y su conexi\u00f3n espiritual con el oc\u00e9ano.<\/p>\n\n<p>La industria afirma escandalosamente que es necesario para la transici\u00f3n ecol\u00f3gica, pero bajar m\u00e1quinas monstruosas a miles de metros bajo la superficie para raspar el lecho marino, dejando un rastro de destrucci\u00f3n, no puede ser una soluci\u00f3n para salvar el planeta. La idea de la miner\u00eda en aguas profundas es absurda. La l\u00f3gica detr\u00e1s de la miner\u00eda en aguas profundas es absurda.<\/p>\n\n<figure class=\"wp-block-image size-large\"><img loading=\"lazy\" decoding=\"async\" width=\"1024\" height=\"722\" src=\"https:\/\/www.greenpeace.org\/static\/planet4-mexico-stateless\/2025\/05\/7d3631cd-accion-mineria-aguas-profundas-1024x722.jpg\" title=\"Voluntarios de Greenpeace en M\u00e9xico crean una pancarta con forma de pulpo en Veracruz para denunciar el da\u00f1o irreversible que la miner\u00eda de aguas profundas causar\u00eda al fondo oce\u00e1nico.\" alt=\"Voluntarios de Greenpeace en M\u00e9xico crean una pancarta con forma de pulpo en Veracruz para denunciar el da\u00f1o irreversible que la miner\u00eda de aguas profundas causar\u00eda al fondo oce\u00e1nico.\" class=\"wp-image-56034\" srcset=\"https:\/\/www.greenpeace.org\/static\/planet4-mexico-stateless\/2025\/05\/7d3631cd-accion-mineria-aguas-profundas-1024x722.jpg 1024w, https:\/\/www.greenpeace.org\/static\/planet4-mexico-stateless\/2025\/05\/7d3631cd-accion-mineria-aguas-profundas-300x212.jpg 300w, https:\/\/www.greenpeace.org\/static\/planet4-mexico-stateless\/2025\/05\/7d3631cd-accion-mineria-aguas-profundas-768x541.jpg 768w, https:\/\/www.greenpeace.org\/static\/planet4-mexico-stateless\/2025\/05\/7d3631cd-accion-mineria-aguas-profundas-482x340.jpg 482w, https:\/\/www.greenpeace.org\/static\/planet4-mexico-stateless\/2025\/05\/7d3631cd-accion-mineria-aguas-profundas.jpg 1200w\" sizes=\"auto, (max-width: 1024px) 100vw, 1024px\" \/><figcaption class=\"wp-element-caption\">Voluntarios de Greenpeace en M\u00e9xico crean un estandarte humano con forma de pulpo en Veracruz. Para resaltar el da\u00f1o irreversible que la miner\u00eda de aguas profundas causar\u00eda en el fondo del oc\u00e9ano profundo, uno de los \u00faltimos ecosistemas intactos en la tierra, si se le permite seguir adelante. <br>\u00a9\u00a0 Ivan Castaneira \/Greenpeace<\/figcaption><\/figure>\n\n<h2 class=\"wp-block-heading\"><strong>Necesitamos detener la miner\u00eda en aguas profundas<\/strong><\/h2>\n\n<p>En unos d\u00edas comenzar\u00e1 la pr\u00f3xima reuni\u00f3n de la Autoridad Internacional de los Fondos Marinos en Kingston, Jamaica. S\u00ed, este tema es muy pol\u00edtico, pero tambi\u00e9n tiene que ver con el poder y la movilizaci\u00f3n de la gente. El oc\u00e9ano global no pertenece a nadie. No podemos venderlo al mejor postor. Imagina que pudi\u00e9ramos detener la existencia de una peligrosa industria extractiva. Imagina si pudi\u00e9ramos detener la perforaci\u00f3n en alta mar en los albores de la era del petr\u00f3leo. Aqu\u00ed es donde estamos ahora con la miner\u00eda en aguas profundas. Los gobiernos se encuentran actualmente en una encrucijada, donde pueden elegir entre hacer lo correcto o seguir un camino muy peligroso.<strong> Como el gobierno noruego acaba de decidir dedicarse a la miner\u00eda en aguas profundas en su lecho marino en el \u00c1rtico (!), una se\u00f1al clara necesita ser enviada <\/strong>por los l\u00edderes mundiales a la ISA: la miner\u00eda en aguas profundas no tiene futuro.<\/p>\n\n<p>El activismo funciona. El 28 de junio de 2023, Suiza se uni\u00f3 al grupo de 16 pa\u00edses que se oponen a la miner\u00eda en aguas profundas. A nivel mundial, hay <a href=\"https:\/\/www.greenpeace.org\/stop-deep-sea-mining\">m\u00e1s de 700 000 personas<\/a> que se oponen a la miner\u00eda en aguas profundas. Un d\u00eda tras otro, la movilizaci\u00f3n crece. <strong>Juntas y juntos, debemos aumentar la presi\u00f3n pol\u00edtica<\/strong> porque no podemos permitirnos el riesgo de destruir los oc\u00e9anos.<\/p>\n\n<p>Entonces s\u00ed, el 9 de julio comenzar\u00e1 una nueva era para la miner\u00eda en aguas profundas, pero la movilizaci\u00f3n global tambi\u00e9n es m\u00e1s fuerte que nunca. Esta es una oportunidad \u00fanica en una generaci\u00f3n. S\u00e9 parte de la historia y toma acci\u00f3n ahora.<\/p>\n\n<p><a href=\"https:\/\/act.gp\/44BgDaa\" data-type=\"URL\" data-id=\"https:\/\/act.gp\/44BgDaa\">Firma la petici\u00f3n aqu\u00ed.<\/a><\/p>\n\n<figure class=\"wp-block-image size-full\"><img loading=\"lazy\" decoding=\"async\" width=\"1200\" height=\"1200\" src=\"https:\/\/www.greenpeace.org\/static\/planet4-mexico-stateless\/2025\/05\/8f7eaab6-macro-mineria-submarina.png\" title=\"Imagen edit para inivtar a la gente a sumarse a frenar la miner\u00eda submarina. Se lee: \u00a1\u00danete para frenar la miner\u00eda submarina!\" alt=\"Imagen edit para inivtar a la gente a sumarse a frenar la miner\u00eda submarina. Se lee: \u00a1\u00danete para frenar la miner\u00eda submarina!\" class=\"wp-image-56238\" srcset=\"https:\/\/www.greenpeace.org\/static\/planet4-mexico-stateless\/2025\/05\/8f7eaab6-macro-mineria-submarina.png 1200w, https:\/\/www.greenpeace.org\/static\/planet4-mexico-stateless\/2025\/05\/8f7eaab6-macro-mineria-submarina-300x300.png 300w, https:\/\/www.greenpeace.org\/static\/planet4-mexico-stateless\/2025\/05\/8f7eaab6-macro-mineria-submarina-1024x1024.png 1024w, https:\/\/www.greenpeace.org\/static\/planet4-mexico-stateless\/2025\/05\/8f7eaab6-macro-mineria-submarina-150x150.png 150w, https:\/\/www.greenpeace.org\/static\/planet4-mexico-stateless\/2025\/05\/8f7eaab6-macro-mineria-submarina-768x768.png 768w, https:\/\/www.greenpeace.org\/static\/planet4-mexico-stateless\/2025\/05\/8f7eaab6-macro-mineria-submarina-340x340.png 340w\" sizes=\"auto, (max-width: 1200px) 100vw, 1200px\" \/><\/figure>\n","protected":false},"excerpt":{"rendered":"<p>La miner\u00eda en aguas profundas amenaza ecosistemas marinos y medios de vida. Greenpeace exige detenerla antes de que cause da\u00f1os irreversibles.<\/p>\n","protected":false},"author":35,"featured_media":56034,"comment_status":"open","ping_status":"open","sticky":false,"template":"","format":"standard","meta":{"ep_exclude_from_search":false,"p4_og_title":"Miner\u00eda en aguas profundas: una amenaza concreta que debemos detener ahora","p4_og_description":"La miner\u00eda en aguas profundas amenaza ecosistemas marinos y medios de vida. Greenpeace pide detenerla antes de que cause da\u00f1os irreversibles.","p4_og_image":"https:\/\/www.greenpeace.org\/static\/planet4-mexico-stateless\/2025\/05\/7d3631cd-accion-mineria-aguas-profundas.jpg","p4_og_image_id":"56034","p4_seo_canonical_url":"","p4_campaign_name":"","p4_local_project":"","p4_basket_name":"","p4_department":"","footnotes":""},"categories":[44],"tags":[65,53],"p4-page-type":[14],"class_list":["post-52653","post","type-post","status-publish","format-standard","has-post-thumbnail","hentry","category-oceanos","tag-mineria-submarina","tag-perdida-de-ecosistemas","p4-page-type-blog"],"_links":{"self":[{"href":"https:\/\/www.greenpeace.org\/mexico\/wp-json\/wp\/v2\/posts\/52653","targetHints":{"allow":["GET"]}}],"collection":[{"href":"https:\/\/www.greenpeace.org\/mexico\/wp-json\/wp\/v2\/posts"}],"about":[{"href":"https:\/\/www.greenpeace.org\/mexico\/wp-json\/wp\/v2\/types\/post"}],"author":[{"embeddable":true,"href":"https:\/\/www.greenpeace.org\/mexico\/wp-json\/wp\/v2\/users\/35"}],"replies":[{"embeddable":true,"href":"https:\/\/www.greenpeace.org\/mexico\/wp-json\/wp\/v2\/comments?post=52653"}],"version-history":[{"count":5,"href":"https:\/\/www.greenpeace.org\/mexico\/wp-json\/wp\/v2\/posts\/52653\/revisions"}],"predecessor-version":[{"id":56240,"href":"https:\/\/www.greenpeace.org\/mexico\/wp-json\/wp\/v2\/posts\/52653\/revisions\/56240"}],"wp:featuredmedia":[{"embeddable":true,"href":"https:\/\/www.greenpeace.org\/mexico\/wp-json\/wp\/v2\/media\/56034"}],"wp:attachment":[{"href":"https:\/\/www.greenpeace.org\/mexico\/wp-json\/wp\/v2\/media?parent=52653"}],"wp:term":[{"taxonomy":"category","embeddable":true,"href":"https:\/\/www.greenpeace.org\/mexico\/wp-json\/wp\/v2\/categories?post=52653"},{"taxonomy":"post_tag","embeddable":true,"href":"https:\/\/www.greenpeace.org\/mexico\/wp-json\/wp\/v2\/tags?post=52653"},{"taxonomy":"p4-page-type","embeddable":true,"href":"https:\/\/www.greenpeace.org\/mexico\/wp-json\/wp\/v2\/p4-page-type?post=52653"}],"curies":[{"name":"wp","href":"https:\/\/api.w.org\/{rel}","templated":true}]}}