{"id":52843,"date":"2023-07-26T17:18:11","date_gmt":"2023-07-26T22:18:11","guid":{"rendered":"https:\/\/www.greenpeace.org\/mexico\/?p=52843"},"modified":"2025-06-25T09:37:04","modified_gmt":"2025-06-25T14:37:04","slug":"un-tren-sin-frenos-impactos-ambientales-desconocidos-del-tren-maya-siguen-generando-controversia","status":"publish","type":"post","link":"https:\/\/www.greenpeace.org\/mexico\/blog\/52843\/un-tren-sin-frenos-impactos-ambientales-desconocidos-del-tren-maya-siguen-generando-controversia\/","title":{"rendered":"Un Tren sin frenos: impactos ambientales desconocidos del Tren Maya siguen generando controversia"},"content":{"rendered":"\n<p class=\"has-text-align-center\" id=\"block-d48fad23-df98-42e6-b2e5-c85cb32b87e0\">\ufeff<em>Este art\u00edculo es el primero de una serie de tres partes, \u201cUn tren sin frenos,\u201d que documenta los conflictos sociales y ambientales alrededor del proyecto de infraestructura controversial del Presidente Andr\u00e9s Manuel L\u00f3pez Obrador: el Tren Maya.<\/em><\/p>\n\n<p>El llamado Proyecto de Desarrollo <strong>Tren Maya <\/strong>del presidente mexicano, Andr\u00e9s Manuel L\u00f3pez Obrador, se ha enfrentado con asociaciones de la sociedad civil, organizaciones ambientales internacionales y el propio sistema judicial del pa\u00eds desde que el proyecto comenz\u00f3 formalmente en junio de 2020. Tres a\u00f1os y 10 millones de \u00e1rboles talados despu\u00e9s, el tren de L\u00f3pez Obrador avanza a todo vapor en medio de <strong>batallas judiciales irresueltas y la condena internacional.<\/strong><\/p>\n\n<figure class=\"wp-block-image size-full\"><img loading=\"lazy\" decoding=\"async\" width=\"711\" height=\"400\" src=\"https:\/\/www.greenpeace.org\/static\/planet4-mexico-stateless\/2022\/06\/02529acc-tren-maya-tramo-5-sur_.jpg\" title=\"Maquinaria pesada trabajando en zona deforestada de la selva durante la construcci\u00f3n del tramo 5 del Tren Maya.\" alt=\"Maquinaria pesada trabajando en zona deforestada de la selva durante la construcci\u00f3n del tramo 5 del Tren Maya.\" class=\"wp-image-50974\" srcset=\"https:\/\/www.greenpeace.org\/static\/planet4-mexico-stateless\/2022\/06\/02529acc-tren-maya-tramo-5-sur_.jpg 711w, https:\/\/www.greenpeace.org\/static\/planet4-mexico-stateless\/2022\/06\/02529acc-tren-maya-tramo-5-sur_-300x169.jpg 300w, https:\/\/www.greenpeace.org\/static\/planet4-mexico-stateless\/2022\/06\/02529acc-tren-maya-tramo-5-sur_-510x287.jpg 510w\" sizes=\"auto, (max-width: 711px) 100vw, 711px\" \/><figcaption class=\"wp-element-caption\">Deforestaci\u00f3n causada por la construcci\u00f3n del Tren Maya.<\/figcaption><\/figure>\n\n<p>El Fondo Nacional de Fomento al Turismo (FONATUR) de M\u00e9xico y la Secretar\u00eda de la Defensa Nacional (SEDENA) administran los 1.525 kil\u00f3metros de ferrocarril de media velocidad. Sus siete v\u00edas f\u00e9rreas atraviesan cinco estados (Chiapas, Tabasco, Yucat\u00e1n, Campeche y Quintana Roo) y 2,87 millones de hect\u00e1reas de <strong>selva en la pen\u00ednsula de Yucat\u00e1n.<\/strong><\/p>\n\n<p>L\u00f3pez Obrador afirma que el desarrollo inmobiliario, la agricultura industrial y el turismo en las regiones ind\u00edgenas y rurales sacar\u00e1n de la pobreza al sureste de M\u00e9xico, el lugar que desde hace mucho tiempo ha sido abandonado por el gobierno federal.&nbsp; Pero organizaciones como el Centro Mexicano de Derecho Ambiental (CEMDA), Greenpeace M\u00e9xico y la Organizaci\u00f3n de las Naciones Unidas (ONU) han <a href=\"https:\/\/www.cemda.org.mx\/tren-maya\/\">arremetido<\/a> contra FONATUR por lanzar la construcci\u00f3n sin Manifestaciones de Impacto Ambiental adecuadas, violar los derechos de las comunidades ind\u00edgenas y amenazar el diverso patrimonio biocultural del pa\u00eds.<\/p>\n\n<figure class=\"wp-block-image size-large\"><img loading=\"lazy\" decoding=\"async\" width=\"1024\" height=\"1024\" src=\"https:\/\/www.greenpeace.org\/static\/planet4-mexico-stateless\/2025\/05\/f10b4502-mia-tren-maya-1024x1024.jpg\" title=\"Ilustraci\u00f3n que evidencia que el Tramo 5 Sur del Tren Maya no cuesta con la Manifestaci\u00f3n de Impacto Ambiental (MIA).\" alt=\"Ilustraci\u00f3n que evidencia que el Tramo 5 Sur del Tren Maya no cuesta con la Manifestaci\u00f3n de Impacto Ambiental (MIA).\" class=\"wp-image-56069\" srcset=\"https:\/\/www.greenpeace.org\/static\/planet4-mexico-stateless\/2025\/05\/f10b4502-mia-tren-maya-1024x1024.jpg 1024w, https:\/\/www.greenpeace.org\/static\/planet4-mexico-stateless\/2025\/05\/f10b4502-mia-tren-maya-300x300.jpg 300w, https:\/\/www.greenpeace.org\/static\/planet4-mexico-stateless\/2025\/05\/f10b4502-mia-tren-maya-150x150.jpg 150w, https:\/\/www.greenpeace.org\/static\/planet4-mexico-stateless\/2025\/05\/f10b4502-mia-tren-maya-768x768.jpg 768w, https:\/\/www.greenpeace.org\/static\/planet4-mexico-stateless\/2025\/05\/f10b4502-mia-tren-maya-340x340.jpg 340w, https:\/\/www.greenpeace.org\/static\/planet4-mexico-stateless\/2025\/05\/f10b4502-mia-tren-maya.jpg 1080w\" sizes=\"auto, (max-width: 1024px) 100vw, 1024px\" \/><\/figure>\n\n<h2 class=\"wp-block-heading\">Contaminaci\u00f3n del agua<\/h2>\n\n<p>A partir de 2023, las comunidades y las organizaciones de la sociedad civil han presentado <a href=\"https:\/\/www.infobae.com\/mexico\/2023\/02\/10\/tren-maya-niegan-suspensiones-a-amparos-en-contra-del-tramo-2-y-5\/\">m\u00e1s de 50 amparo<\/a>s contra los siete tramos con el fin de frenar la construcci\u00f3n. Muchas medidas cautelares se refieren a que la ruta del tren pasar\u00e1 a trav\u00e9s de 20 \u00e1reas naturales protegidas en el segundo bosque tropical m\u00e1s grande de Am\u00e9rica Latina, la Selva Maya, que amenaza con causar da\u00f1os potencialmente irreversibles a los ecosistemas regionales y las fuentes de agua dulce del pa\u00eds. El tramo cinco, que va desde Canc\u00fan hasta Tul\u00fam y atraviesa delicados ecosistemas de cuevas y selvas, ha sido un punto de conflicto para tales batallas legales.&nbsp;<\/p>\n\n<p>Organizaciones ambientalistas como Cenotes Urbanos, Greenpeace y S\u00e9lvame del Tren est\u00e1n alertando que el suelo k\u00e1rstico de la regi\u00f3n, lleno de huecos y compuesto de caliza blanda que se disuelve en el agua, colapsar\u00e1n bajo el peso del tren de velocidad de 120 km\/h a 160 km\/h. Grupo M\u00e9xico, una de las principales agencias de construcci\u00f3n del tramo cinco, cit\u00f3 la &#8220;inviabilidad t\u00e9cnica&#8221; de construir de manera segura la secci\u00f3n del tren antes de la fecha l\u00edmite y <a href=\"https:\/\/www.forbes.com.mx\/grupo-mexico-anuncia-su-salida-del-tramo-5-del-tren-maya-por-inviabilidad-tecnica\/\">se retir\u00f3 del proyecto <\/a>en 2023. Los colapsos y la contaminaci\u00f3n por di\u00e9sel amenazan el agua limpia para m\u00e1s de 1,8 millones de ciudadanos de Quintana Roo y la mayor reserva de agua dulce de M\u00e9xico en una regi\u00f3n que ya enfrenta <a href=\"https:\/\/agua.org.mx\/biblioteca\/el-agua-en-mexico-actores-sectores-y-paradigmas-para-una-transformacion-social-ecologica\/\">graves sequ\u00edas.<\/a><\/p>\n\n<figure class=\"wp-block-image size-full\"><img loading=\"lazy\" decoding=\"async\" width=\"800\" height=\"1000\" src=\"https:\/\/www.greenpeace.org\/static\/planet4-mexico-stateless\/2025\/05\/e36bba16-selva-maya-sistemas-karsticos.png\" title=\"Ilustraci\u00f3n explicativa sobre qu\u00e9 son los sistemas k\u00e1rsticos.\" alt=\"Ilustraci\u00f3n explicativa sobre qu\u00e9 son los sistemas k\u00e1rsticos.\" class=\"wp-image-56070\" srcset=\"https:\/\/www.greenpeace.org\/static\/planet4-mexico-stateless\/2025\/05\/e36bba16-selva-maya-sistemas-karsticos.png 800w, https:\/\/www.greenpeace.org\/static\/planet4-mexico-stateless\/2025\/05\/e36bba16-selva-maya-sistemas-karsticos-240x300.png 240w, https:\/\/www.greenpeace.org\/static\/planet4-mexico-stateless\/2025\/05\/e36bba16-selva-maya-sistemas-karsticos-768x960.png 768w, https:\/\/www.greenpeace.org\/static\/planet4-mexico-stateless\/2025\/05\/e36bba16-selva-maya-sistemas-karsticos-272x340.png 272w\" sizes=\"auto, (max-width: 800px) 100vw, 800px\" \/><\/figure>\n\n<p>El Consejo Nacional de Ciencia y Tecnolog\u00eda (<strong>CONACYT) admiti\u00f3 que la construcci\u00f3n entre Playa del Carmen y Tulum podr\u00eda tener <a href=\"https:\/\/www.milenio.com\/politica\/comunidad\/tren-maya-alertan-hundimientos-desmonte-485-hectareas\">&#8220;impactos cr\u00edticos.\u201d<\/a> El CONACYT describi\u00f3 el colapso de los sistemas de cuevas, las alteraciones en el flujo de agua y las amenazas potenciales a la salud de las poblaciones de jaguares, que est\u00e1n en peligro de extinci\u00f3n, como posibles efectos de la construcci\u00f3n.<\/strong><\/p>\n\n<p>&#8220;La gran pregunta es: \u00bfqu\u00e9 va a pasar con al menos nueve mil pilas dentro del acu\u00edfero en suelo k\u00e1rstico?&#8221; implor\u00f3 Guillermo DChristy, espele\u00f3logo y consultor de calidad del agua en Playa del Carmen.<\/p>\n\n<p class=\"has-text-align-center\"><em>&#8220;Tenemos derecho a saber qu\u00e9 va a pasar.&#8221;<\/em><\/p>\n\n<p>En 2023, FONATUR <a href=\"https:\/\/elpais.com\/mexico\/2023-02-14\/el-gobierno-de-lopez-obrador-vuelve-a-cambiar-el-tramo-5-del-tren-maya-ahora-42-kilometros-seran-elevados.html\">alter\u00f3 la ruta del tren<\/a> para elevar 42 kil\u00f3metros de v\u00edas por encima de los fr\u00e1giles ecosistemas subterr\u00e1neos, pero a\u00fan no ha proporcionado manifestaciones de impacto ambiental que examinen los efectos de embutir pilotes de concreto y metal a trav\u00e9s del acu\u00edfero poco profundo.<\/p>\n\n<figure class=\"wp-block-image size-large\"><img loading=\"lazy\" decoding=\"async\" width=\"1024\" height=\"683\" src=\"https:\/\/www.greenpeace.org\/static\/planet4-mexico-stateless\/2025\/05\/f076d037-ecocidio-tren-maya-1024x683.jpg\" title=\"Maquinaria pesada trabajando en la construcci\u00f3n del Tren Maya en medio de la selva, con \u00e1rboles talados y vegetaci\u00f3n destruida alrededor, mostrando el impacto ambiental del proyecto.\" alt=\"Maquinaria pesada trabajando en la construcci\u00f3n del Tren Maya en medio de la selva, con \u00e1rboles talados y vegetaci\u00f3n destruida alrededor, mostrando el impacto ambiental del proyecto.\" class=\"wp-image-56044\" srcset=\"https:\/\/www.greenpeace.org\/static\/planet4-mexico-stateless\/2025\/05\/f076d037-ecocidio-tren-maya-1024x683.jpg 1024w, https:\/\/www.greenpeace.org\/static\/planet4-mexico-stateless\/2025\/05\/f076d037-ecocidio-tren-maya-300x200.jpg 300w, https:\/\/www.greenpeace.org\/static\/planet4-mexico-stateless\/2025\/05\/f076d037-ecocidio-tren-maya-768x512.jpg 768w, https:\/\/www.greenpeace.org\/static\/planet4-mexico-stateless\/2025\/05\/f076d037-ecocidio-tren-maya-510x340.jpg 510w, https:\/\/www.greenpeace.org\/static\/planet4-mexico-stateless\/2025\/05\/f076d037-ecocidio-tren-maya.jpg 1200w\" sizes=\"auto, (max-width: 1024px) 100vw, 1024px\" \/><figcaption class=\"wp-element-caption\">El tramo 6 del Tren Maya atraviesa la selva y con ella el hogar de cientos de especies que son desplazadas fuera de su h\u00e1bitat natural, sin contar los miles de \u00e1rboles que son deforestados para la construcci\u00f3n de las v\u00edas.<div class=\"credit icon-left\"> \u00a9 Robin Canul \/ Greenpeace<\/div><\/figcaption><\/figure>\n\n<h2 class=\"wp-block-heading\">Fragmentaci\u00f3n de la Selva Maya<\/h2>\n\n<p><strong>En Calakmul, Campeche, el tren fragmenta por la mitad un sitio considerado Patrimonio de la Humanidad por la Organizaci\u00f3n de las Naciones Unidas para la Educaci\u00f3n, la Ciencia y la Cultura (UNESCO).<\/strong> Las comunidades permanecen en la oscuridad respecto a los posibles impactos sociales y ambientales de la construcci\u00f3n y el esperado auge del turismo.<\/p>\n\n<p>La Reserva de la Biosfera de Calakmul, de 723,000 hect\u00e1reas, alberga un antiguo sitio arqueol\u00f3gico maya que habita m\u00e1s de 350 especies de aves y varias especies en peligro cr\u00edtico, como jaguares, tapires y pecar\u00edes de labios blancos. Pronto, tambi\u00e9n ser\u00e1 el hogar de un hotel y casino de 150 habitaciones.<\/p>\n\n<p>Se proyecta que las tasas de visitas en Calakmul se disparar\u00e1n de 40.000 a alrededor de tres millones de turistas por a\u00f1o, pero todav\u00eda no hay informaci\u00f3n detallada disponible sobre c\u00f3mo los pueblos locales \u2014que apenas racionan los suministros de agua y tienen problemas en tratar las aguas residuales y la basura\u2014van a recibir el desarrollo en la regi\u00f3n. El ruido continuo y la contaminaci\u00f3n provocada por la construcci\u00f3n tambi\u00e9n est\u00e1n afectando las rutas de la vida silvestre y amenazan con desplazar a una de las poblaciones de jaguares m\u00e1s importantes de Centroam\u00e9rica.<\/p>\n\n<figure class=\"wp-block-image size-large\"><img loading=\"lazy\" decoding=\"async\" width=\"1024\" height=\"684\" src=\"https:\/\/www.greenpeace.org\/static\/planet4-mexico-stateless\/2025\/04\/5a63daf3-flora-fauna-yucatan-1024x684.jpg\" title=\"Fotograf\u00eda de un mono ara\u00f1a en un \u00e1rbol en Calakmul.\" alt=\"Mono ara\u00f1a en Calakmul\" class=\"wp-image-55055\" srcset=\"https:\/\/www.greenpeace.org\/static\/planet4-mexico-stateless\/2025\/04\/5a63daf3-flora-fauna-yucatan-1024x684.jpg 1024w, https:\/\/www.greenpeace.org\/static\/planet4-mexico-stateless\/2025\/04\/5a63daf3-flora-fauna-yucatan-300x201.jpg 300w, https:\/\/www.greenpeace.org\/static\/planet4-mexico-stateless\/2025\/04\/5a63daf3-flora-fauna-yucatan-768x513.jpg 768w, https:\/\/www.greenpeace.org\/static\/planet4-mexico-stateless\/2025\/04\/5a63daf3-flora-fauna-yucatan-510x340.jpg 510w, https:\/\/www.greenpeace.org\/static\/planet4-mexico-stateless\/2025\/04\/5a63daf3-flora-fauna-yucatan.jpg 1200w\" sizes=\"auto, (max-width: 1024px) 100vw, 1024px\" \/><figcaption class=\"wp-element-caption\">Spider monkey, Calakmul\nMono ara\u00f1a, Calakmul<\/figcaption><\/figure>\n\n<p>El Consejo Regional Ind\u00edgena de Xpujil (CRIPX) y Salva la Selva le entregaron <a href=\"https:\/\/www.salvalaselva.org\/peticion\/1163\/tren-maya-arrasara-la-selva-en-mexico\">una carta <\/a>a la SEMARNAT denunciando los impactos ambientales no estudiados del tren en 2020.<\/p>\n\n<p>&#8220;Debido a lo poco que sabemos, el proyecto del Tren Maya y las obras relacionadas implican numerosos riesgos e impactos ambientales para todo el sureste mexicano, donde vivimos, un \u00e1rea de alta riqueza biol\u00f3gica e importancia para la conservaci\u00f3n y protecci\u00f3n de la Selva Maya, el acu\u00edfero y la biodiversidad,&#8221; advirti\u00f3 la carta. M\u00e1s de 268.000 personas firmaron la carta en apoyo.<\/p>\n\n<p>\u201cDe las decisiones que tomemos hoy como humanidad depende la preservaci\u00f3n de los ecosistemas como los conocemos ahora,\u201d dijo Viridiana Lazaro, campa\u00f1ista de Greenpeace M\u00e9xico. \u201cLa Selva Maya es uno de los pulmones m\u00e1s importantes que tenemos en M\u00e9xico que nos permite enfrentar el cambio clim\u00e1tico y la p\u00e9rdida acelerada de biodiversidad, no podemos destruirlo con una falsa idea de desarrollo que afectar\u00e1 a todo un continente.\u201d&nbsp;<\/p>\n\n<figure class=\"wp-block-image size-large\"><img loading=\"lazy\" decoding=\"async\" width=\"1024\" height=\"768\" src=\"https:\/\/www.greenpeace.org\/static\/planet4-mexico-stateless\/2025\/04\/52fef7f4-protejamos-selva-maya-1024x768.jpg\" title=\"Activistas de Greenpeace M\u00e9xico detienen simb\u00f3licamente las obras de construcci\u00f3n del tramo 5 del Tren Maya, que va de Canc\u00fan a Tulum. Se exhiben pancartas con el mensaje &quot;Protejamos la selva maya&quot;, mientras ocho activistas se encadenan a la maquinaria.\" alt=\"Activistas de Greenpeace M\u00e9xico detienen simb\u00f3licamente las obras de construcci\u00f3n del tramo 5 del Tren Maya, que va de Canc\u00fan a Tulum. Se exhiben pancartas con el mensaje &quot;Protejamos la selva maya&quot;, mientras ocho activistas se encadenan a la maquinaria.\" class=\"wp-image-55635\" srcset=\"https:\/\/www.greenpeace.org\/static\/planet4-mexico-stateless\/2025\/04\/52fef7f4-protejamos-selva-maya-1024x768.jpg 1024w, https:\/\/www.greenpeace.org\/static\/planet4-mexico-stateless\/2025\/04\/52fef7f4-protejamos-selva-maya-300x225.jpg 300w, https:\/\/www.greenpeace.org\/static\/planet4-mexico-stateless\/2025\/04\/52fef7f4-protejamos-selva-maya-768x576.jpg 768w, https:\/\/www.greenpeace.org\/static\/planet4-mexico-stateless\/2025\/04\/52fef7f4-protejamos-selva-maya-453x340.jpg 453w, https:\/\/www.greenpeace.org\/static\/planet4-mexico-stateless\/2025\/04\/52fef7f4-protejamos-selva-maya.jpg 1200w\" sizes=\"auto, (max-width: 1024px) 100vw, 1024px\" \/><figcaption><div class=\"credit icon-left\"> \u00a9 Gustavo Graf \/ Greenpeace<\/div><\/figcaption><\/figure>\n\n<h2 class=\"wp-block-heading\">Firma la petici\u00f3n para proteger la selva maya ??<\/h2>\n\n<!--[if lte IE 8]>\n<script charset=\"utf-8\" type=\"text\/javascript\" src=\"\/\/js.hsforms.net\/forms\/v2-legacy.js\"><\/script>\n<![endif]-->\n<script charset=\"utf-8\" type=\"text\/javascript\" src=\"\/\/js.hsforms.net\/forms\/v2.js\"><\/script>\n<script>\n\thbspt.forms.create({\n\t\tregion: \"na1\",\n\t\tportalId: \"2617486\",\n\t\tformId: \"cc74837d-b367-4580-9897-af100ec5f53a\",\n    \t\tsfdcCampaignId: \"7011P000001PZsQQAW\",\n\t\tsubmitButtonClass: 'hs-button',\n\t\tonFormReady: function($form, ctx){\n\t\tvar paramsp4 = new window.URLSearchParams(window.location.search);\n\t\tvar utm_content = paramsp4.get('utm_content');\n\t\tif(utm_content == null) {\n\t\t\tvar urlp4 = window.location.href;\n\t\t\tvar fromGPMXBlog = urlp4.includes(\"\/blog\/\");\n\t\t\tif (fromGPMXBlog == true) {\n\t\t\t\tvar arrayp4 = urlp4.split(\"\/\");\n\t\t\t\tvar hs_origin = arrayp4[6];\n\t\t\t\t$('input[name=\"hs_origen__c\"]').val(hs_origin).change();\n\t\t\t\t$('input[name=\"utm_content\"]').val(hs_origin).change();\n\t\t\t}\n\t\t}\n\t}\n});\n<\/script>\n","protected":false},"excerpt":{"rendered":"<p>Los impactos ambientales del Tren Maya siguen generando pol\u00e9mica por la deforestaci\u00f3n, da\u00f1os al acu\u00edfero y amenazas a la biodiversidad en la Selva Maya.<\/p>\n","protected":false},"author":35,"featured_media":55635,"comment_status":"open","ping_status":"open","sticky":false,"template":"","format":"standard","meta":{"ep_exclude_from_search":false,"p4_og_title":"Un Tren sin frenos: impactos ambientales desconocidos del Tren Maya siguen generando controversia","p4_og_description":"Los impactos ambientales del Tren Maya siguen generando pol\u00e9mica por la deforestaci\u00f3n, da\u00f1os al acu\u00edfero y amenazas a la biodiversidad en la Selva Maya.","p4_og_image":"https:\/\/www.greenpeace.org\/static\/planet4-mexico-stateless\/2025\/04\/52fef7f4-protejamos-selva-maya.jpg","p4_og_image_id":"55635","p4_seo_canonical_url":"","p4_campaign_name":"","p4_local_project":"","p4_basket_name":"","p4_department":"","footnotes":""},"categories":[40],"tags":[19,59],"p4-page-type":[14],"class_list":["post-52843","post","type-post","status-publish","format-standard","has-post-thumbnail","hentry","category-selva-maya","tag-deforestacion","tag-tren-maya","p4-page-type-blog"],"_links":{"self":[{"href":"https:\/\/www.greenpeace.org\/mexico\/wp-json\/wp\/v2\/posts\/52843","targetHints":{"allow":["GET"]}}],"collection":[{"href":"https:\/\/www.greenpeace.org\/mexico\/wp-json\/wp\/v2\/posts"}],"about":[{"href":"https:\/\/www.greenpeace.org\/mexico\/wp-json\/wp\/v2\/types\/post"}],"author":[{"embeddable":true,"href":"https:\/\/www.greenpeace.org\/mexico\/wp-json\/wp\/v2\/users\/35"}],"replies":[{"embeddable":true,"href":"https:\/\/www.greenpeace.org\/mexico\/wp-json\/wp\/v2\/comments?post=52843"}],"version-history":[{"count":15,"href":"https:\/\/www.greenpeace.org\/mexico\/wp-json\/wp\/v2\/posts\/52843\/revisions"}],"predecessor-version":[{"id":58121,"href":"https:\/\/www.greenpeace.org\/mexico\/wp-json\/wp\/v2\/posts\/52843\/revisions\/58121"}],"wp:featuredmedia":[{"embeddable":true,"href":"https:\/\/www.greenpeace.org\/mexico\/wp-json\/wp\/v2\/media\/55635"}],"wp:attachment":[{"href":"https:\/\/www.greenpeace.org\/mexico\/wp-json\/wp\/v2\/media?parent=52843"}],"wp:term":[{"taxonomy":"category","embeddable":true,"href":"https:\/\/www.greenpeace.org\/mexico\/wp-json\/wp\/v2\/categories?post=52843"},{"taxonomy":"post_tag","embeddable":true,"href":"https:\/\/www.greenpeace.org\/mexico\/wp-json\/wp\/v2\/tags?post=52843"},{"taxonomy":"p4-page-type","embeddable":true,"href":"https:\/\/www.greenpeace.org\/mexico\/wp-json\/wp\/v2\/p4-page-type?post=52843"}],"curies":[{"name":"wp","href":"https:\/\/api.w.org\/{rel}","templated":true}]}}