{"id":53012,"date":"2023-08-01T16:16:39","date_gmt":"2023-08-01T21:16:39","guid":{"rendered":"https:\/\/www.greenpeace.org\/mexico\/?p=53012"},"modified":"2025-06-25T09:37:01","modified_gmt":"2025-06-25T14:37:01","slug":"la-industria-de-la-mineria-submarina-ha-fallado-en-conseguir-luz-verde-ante-autoridades-internacionales-pero-sigue-siendo-una-amenaza-para-los-oceanos","status":"publish","type":"post","link":"https:\/\/www.greenpeace.org\/mexico\/informacion-prensa\/53012\/la-industria-de-la-mineria-submarina-ha-fallado-en-conseguir-luz-verde-ante-autoridades-internacionales-pero-sigue-siendo-una-amenaza-para-los-oceanos\/","title":{"rendered":"La industria de la miner\u00eda submarina ha fallado en conseguir luz verde ante autoridades internacionales, pero sigue siendo una amenaza para los oc\u00e9anos"},"content":{"rendered":"\n<p><strong>Ciudad de M\u00e9xico, 1 de agosto de 2023<\/strong> &#8211;&nbsp; Las negociaciones de la Autoridad Internacional de los Fondos Marinos (ISA por sus siglas en ingl\u00e9s) terminaron el viernes pasado. All\u00ed se concluy\u00f3 que las empresas mineras no obtendr\u00e1n luz verde para comenzar a saquear los oc\u00e9anos. La oposici\u00f3n a la miner\u00eda en aguas profundas dentro de la ISA aument\u00f3 en esta reuni\u00f3n con m\u00e1s de 20 gobiernos pidiendo una pausa al posible inicio de la extracci\u00f3n de minerales del fondo marino.<\/p>\n\n<p>\u201cLa industria de la miner\u00eda submarina se estaba preparando para hundir sus garras en el fondo del oc\u00e9ano, pero su apuesta fracas\u00f3 ya que subestimaron seriamente la importancia de la evidencia cient\u00edfica y la equidad por encima de una empresa que, hasta el momento, es meramente especulativa y con fines de lucro. Todas las falencias est\u00e1n apareciendo en lo que hasta la fecha ha sido una fortaleza para los intereses de la industria y esto es gracias a una mayor conciencia y movilizaci\u00f3n de quienes nos oponemos a la destrucci\u00f3n de nuestros oc\u00e9anos. Est\u00e1 claro que la mayor\u00eda de los gobiernos no quieren que su legado sea dar luz verde a&nbsp; esta actividad destructiva\u201d,<strong> dijo Louisa Casson, activista l\u00edder de la campa\u00f1a de oc\u00e9anos de Greenpeace Internacional.<\/strong><\/p>\n\n<p>Despu\u00e9s de dos semanas de reuni\u00f3n, las decisiones adoptadas por el Consejo de la ISA el 21 de julio significan que, efectivamente, la mayor\u00eda de los pa\u00edses, incluidos Brasil, Costa Rica, Chile, Vanuatu, Alemania y Suiza, no cedieron a la presi\u00f3n de la industria, industria que, en cambio, s\u00ed estuvo apoyada por naciones como Noruega, Nauru y M\u00e9xico con el inter\u00e9s de acelerar las reglas para hacer de la miner\u00eda en aguas profundas una realidad. El l\u00edder de la industria, <em>The Metals Company<\/em>, vio c\u00f3mo <a href=\"https:\/\/www.nasdaq.com\/articles\/why-the-metals-company-stock-is-drowning-today\">el precio de sus acciones se desplomaba a medida que los mercados reaccionaban a la noticia<\/a>. Sin embargo, la ISA sigue sin lograr cerrar un vac\u00edo legal para que las empresas comiencen a explotar el pr\u00f3ximo a\u00f1o.<\/p>\n\n<p>En la Asamblea de la ISA del&nbsp; 24 al 28 de julio, los pa\u00edses a favor de la miner\u00eda reaccionaron intentando silenciar la creciente resistencia a la miner\u00eda en aguas profundas en la misma sala donde se llevaron a cabo las negociaciones. All\u00ed, China se opuso a la propuesta de los gobiernos de Am\u00e9rica Latina, el Pac\u00edfico y Europa de abrir el debate. Tales intentos de acallar la oposici\u00f3n a la miner\u00eda en aguas profundas fueron m\u00e1s all\u00e1 de la mesa de negociaciones, ya que la Secretar\u00eda de la ISA, frecuentemente acusada de ser cercana a la industria, restringi\u00f3 a los periodistas y reprimi\u00f3 las protestas pac\u00edficas durante las reuniones. Era imposible grabar o tomar fotograf\u00edas dentro de la reuni\u00f3n, dejando fuera miles de voces e informaci\u00f3n que es de inter\u00e9s p\u00fablico.&nbsp;<\/p>\n\n<p>\u201cLos inversionistas que observen lo que sucedi\u00f3 la semana pasada solo ver\u00e1n una industria desesperada tratando de mantener la ilusi\u00f3n de que tiene futuro. Si la miner\u00eda en aguas profundas fuera realmente tan sostenible como afirman los mineros y sus corazones estuvieran realmente dedicados a reducir a la crisis clim\u00e1tica, \u00bfpor qu\u00e9 bloquear la disidencia? Ha quedado claro durante estas semanas que presionar irresponsablemente para explotar las profundidades del mar en medio de una crisis clim\u00e1tica no solo es imprudente sino pol\u00edticamente t\u00f3xico. El mundo entero est\u00e1 luchando contra la miner\u00eda en aguas profundas: hoy ganamos esta batalla, pero la lucha contin\u00faa\u201d, <strong>concluy\u00f3 Casson.<\/strong><\/p>\n\n<p>El mundo se est\u00e1 dando cuenta de la amenaza que representa la miner\u00eda en aguas profundas. Al llamado de distintos <a href=\"https:\/\/www.greenpeace.org\/aotearoa\/press-release\/pressure-mounts-against-deep-sea-mining-as-more-pacific-countries-take-a-stand\/\">pueblos ind\u00edgenas<\/a> se unen personas de todo el mundo: <a href=\"https:\/\/www.financeforbiodiversity.org\/leading-financial-institutions-call-on-governments-to-not-permit-deep-sea-mining\/\">37 instituciones financieras<\/a>, <a href=\"https:\/\/seabedminingsciencestatement.org\/\">m\u00e1s de 750 cient\u00edficos<\/a> y <a href=\"https:\/\/www.theguardian.com\/environment\/2023\/jul\/11\/seafood-industry-joins-chorus-of-groups-calling-for-a-halt-to-deep-sea-mining-plans\">la industria pesquera<\/a> tambi\u00e9n han pedido un alto a las ambiciones de empezar este tipo de miner\u00eda y que se sostenga la moratoria.&nbsp;<\/p>\n\n<p>\u201cAqu\u00ed en el Pac\u00edfico, el oc\u00e9ano es amado. Forma parte de nuestras vidas&nbsp; desde que nacemos y determina qui\u00e9nes somos como pueblo. El espectro de actividades que conlleva la miner\u00eda en aguas profundas plantea muchas preocupaciones que nos recuerdan el legado que han dejado en toda nuestra regi\u00f3n otras industrias extractivas coloniales y la terrible era de las pruebas nucleares. Hacemos un llamado a los l\u00edderes mundiales para que sean mejores administradores de nuestro oc\u00e9ano uni\u00e9ndose al llamado a una moratoria\u201d, <strong>dijo Joey Tau, activista de Pacific Network on Globalization (PANG) con sede en Suva, Fiji.<\/strong><\/p>\n\n<p>\u201cLa reuni\u00f3n de la Asamblea ha finalizado con una evidente oposici\u00f3n a la miner\u00eda en aguas profundas, ya que el n\u00famero de pa\u00edses que apoyan una moratoria a esta industria contin\u00faa creciendo. En el caso de M\u00e9xico, la delegaci\u00f3n presente en Jamaica y encabezada por el Embajador de M\u00e9xico en ese pa\u00eds, Juan Jos\u00e9 Gonz\u00e1lez Mijares, y el Secretario Marcelino Miranda, a\u00fan tiene la oportunidad \u00fanica de tomar una postura a favor de la protecci\u00f3n de los oc\u00e9anos&nbsp; a trav\u00e9s del apoyo a una moratoria o pausa precautoria para impedir el inicio de esta industria extractiva\u201d, <strong>agreg\u00f3 Ruth Ramos, campa\u00f1ista de alto a la miner\u00eda en aguas profundas de Greenpeace M\u00e9xico.&nbsp;&nbsp;&nbsp;<\/strong><\/p>\n\n<figure class=\"wp-block-image size-large\"><img loading=\"lazy\" decoding=\"async\" width=\"1024\" height=\"683\" src=\"https:\/\/www.greenpeace.org\/static\/planet4-mexico-stateless\/2025\/05\/aa6a7eb3-alto-mineria-submarina-1024x683.jpg\" title=\"Activista de Greenpeace M\u00e9xico sosteniendo una manta con el mensaje &quot;STOP DEEP SEA MINING&quot; (ALTO A LA MINER\u00cdA SUBMARINA).\" alt=\"Activista de Greenpeace M\u00e9xico sosteniendo una manta con el mensaje &quot;STOP DEEP SEA MINING&quot; (ALTO A LA MINER\u00cdA SUBMARINA).\" class=\"wp-image-56050\" srcset=\"https:\/\/www.greenpeace.org\/static\/planet4-mexico-stateless\/2025\/05\/aa6a7eb3-alto-mineria-submarina-1024x683.jpg 1024w, https:\/\/www.greenpeace.org\/static\/planet4-mexico-stateless\/2025\/05\/aa6a7eb3-alto-mineria-submarina-300x200.jpg 300w, https:\/\/www.greenpeace.org\/static\/planet4-mexico-stateless\/2025\/05\/aa6a7eb3-alto-mineria-submarina-768x512.jpg 768w, https:\/\/www.greenpeace.org\/static\/planet4-mexico-stateless\/2025\/05\/aa6a7eb3-alto-mineria-submarina-510x340.jpg 510w, https:\/\/www.greenpeace.org\/static\/planet4-mexico-stateless\/2025\/05\/aa6a7eb3-alto-mineria-submarina.jpg 1200w\" sizes=\"auto, (max-width: 1024px) 100vw, 1024px\" \/><figcaption class=\"wp-element-caption\">Proyecci\u00f3n de videos con testimonios de personas de comunidades ind\u00edgenas del Pac\u00edfico en la Glorieta de los Insurgentes en la Ciudad de M\u00e9xico el pasado 21 de julio. Las comunidades han representado una de las voces m\u00e1s importantes en contra de la miner\u00eda submarina.<div class=\"credit icon-left\"> \u00a9 Greenpeace \/ Iv\u00e1n Castaneira<\/div><\/figcaption><\/figure>\n\n<p>Greenpeace cree que la forma de detener esta industria es a trav\u00e9s de una moratoria que se centre en implementar la protecci\u00f3n y que requiere que m\u00e1s gobiernos se pronuncien para salvaguardar el oc\u00e9ano.<\/p>\n\n<p><strong>Contacto de prensa<\/strong>: Dana Olgu\u00edn | Coordinaci\u00f3n de comunicaci\u00f3n y medios | +52 1 55 4084 5320 | <a href=\"mailto:dana.olguin@greenpeace.org\">dolguin@greenpeace.or<\/a>g&nbsp;<\/p>\n\n<p class=\"has-text-align-center\">###<\/p>\n\n<p class=\"has-small-font-size\">Este material informativo fue realizado por el equipo de Greenpeace M\u00e9xico, te invitamos a dar un siguiente paso y ser parte del cambio al firmar <a href=\"https:\/\/act.gp\/3Kb74H9\">nuestra petici\u00f3n<\/a> para detener la miner\u00eda en aguas profundas..<\/p>\n\n<p class=\"has-small-font-size\">Greenpeace M\u00e9xico es una organizaci\u00f3n pol\u00edtica y econ\u00f3micamente independiente tanto de empresas como de gobiernos. Las donaciones de personas como t\u00fa, son la \u00fanica fuente de nuestros fondos. <a href=\"https:\/\/dona.greenpeace.org.mx\/?__hstc=218051913.31399d86166594d7f4f2580f19a86b28.1672801081381.1673029945228.1673472571019.3&amp;__hssc=218051913.1.1673472571019&amp;__hsfp=3008877912&amp;_ga=2.245702916.1406776288.1673472569-458736722.1672801072&amp;_gl=1*1qphxll*_ga*NDU4NzM2NzIyLjE2NzI4MDEwNzI.*_ga_YERBT5H8S8*MTY3MzQ3MjU2OS4zLjAuMTY3MzQ3MjU2OS4wLjAuMA..\">Dona ahora<\/a> y ay\u00fadanos a mantener la independencia que necesitamos para hacer campa\u00f1as y conseguir un cambio real.<\/p>\n","protected":false},"excerpt":{"rendered":"<p>La miner\u00eda en aguas profundas sigue siendo una amenaza para los oc\u00e9anos pese a no obtener autorizaci\u00f3n internacional, alerta Greenpeace M\u00e9xico.<\/p>\n","protected":false},"author":63,"featured_media":56050,"comment_status":"open","ping_status":"open","sticky":false,"template":"","format":"standard","meta":{"ep_exclude_from_search":false,"p4_og_title":"La industria de la miner\u00eda submarina ha fallado en conseguir luz verde ante autoridades internacionales, pero sigue siendo una amenaza para los oc\u00e9anos","p4_og_description":"La miner\u00eda en aguas profundas sigue siendo una amenaza para los oc\u00e9anos pese a no obtener autorizaci\u00f3n internacional, alerta Greenpeace M\u00e9xico.","p4_og_image":"https:\/\/www.greenpeace.org\/static\/planet4-mexico-stateless\/2025\/05\/aa6a7eb3-alto-mineria-submarina.jpg","p4_og_image_id":"56050","p4_seo_canonical_url":"","p4_campaign_name":"","p4_local_project":"","p4_basket_name":"","p4_department":"","footnotes":""},"categories":[44],"tags":[65,51],"p4-page-type":[16],"class_list":["post-53012","post","type-post","status-publish","format-standard","has-post-thumbnail","hentry","category-oceanos","tag-mineria-submarina","tag-combustibles-fosiles","p4-page-type-informacion-prensa"],"_links":{"self":[{"href":"https:\/\/www.greenpeace.org\/mexico\/wp-json\/wp\/v2\/posts\/53012","targetHints":{"allow":["GET"]}}],"collection":[{"href":"https:\/\/www.greenpeace.org\/mexico\/wp-json\/wp\/v2\/posts"}],"about":[{"href":"https:\/\/www.greenpeace.org\/mexico\/wp-json\/wp\/v2\/types\/post"}],"author":[{"embeddable":true,"href":"https:\/\/www.greenpeace.org\/mexico\/wp-json\/wp\/v2\/users\/63"}],"replies":[{"embeddable":true,"href":"https:\/\/www.greenpeace.org\/mexico\/wp-json\/wp\/v2\/comments?post=53012"}],"version-history":[{"count":6,"href":"https:\/\/www.greenpeace.org\/mexico\/wp-json\/wp\/v2\/posts\/53012\/revisions"}],"predecessor-version":[{"id":58118,"href":"https:\/\/www.greenpeace.org\/mexico\/wp-json\/wp\/v2\/posts\/53012\/revisions\/58118"}],"wp:featuredmedia":[{"embeddable":true,"href":"https:\/\/www.greenpeace.org\/mexico\/wp-json\/wp\/v2\/media\/56050"}],"wp:attachment":[{"href":"https:\/\/www.greenpeace.org\/mexico\/wp-json\/wp\/v2\/media?parent=53012"}],"wp:term":[{"taxonomy":"category","embeddable":true,"href":"https:\/\/www.greenpeace.org\/mexico\/wp-json\/wp\/v2\/categories?post=53012"},{"taxonomy":"post_tag","embeddable":true,"href":"https:\/\/www.greenpeace.org\/mexico\/wp-json\/wp\/v2\/tags?post=53012"},{"taxonomy":"p4-page-type","embeddable":true,"href":"https:\/\/www.greenpeace.org\/mexico\/wp-json\/wp\/v2\/p4-page-type?post=53012"}],"curies":[{"name":"wp","href":"https:\/\/api.w.org\/{rel}","templated":true}]}}