{"id":53047,"date":"2023-08-04T14:52:36","date_gmt":"2023-08-04T19:52:36","guid":{"rendered":"https:\/\/www.greenpeace.org\/mexico\/?p=53047"},"modified":"2025-06-25T09:37:00","modified_gmt":"2025-06-25T14:37:00","slug":"la-cerveza-sera-mas-cara-a-causa-del-cambio-climatico-2","status":"publish","type":"post","link":"https:\/\/www.greenpeace.org\/mexico\/blog\/53047\/la-cerveza-sera-mas-cara-a-causa-del-cambio-climatico-2\/","title":{"rendered":"La cerveza ser\u00e1 m\u00e1s cara a causa del cambio clim\u00e1tico"},"content":{"rendered":"\n<figure class=\"wp-block-image size-large\"><img loading=\"lazy\" decoding=\"async\" width=\"1024\" height=\"684\" src=\"https:\/\/www.greenpeace.org\/static\/planet4-mexico-stateless\/2025\/05\/7171a7c3-cerveza-1024x684.jpg\" title=\"Empleado de un supermercado rellenando una botella de cerveza.\" alt=\"Empleado de un supermercado rellenando una botella de cerveza.\" class=\"wp-image-56037\" srcset=\"https:\/\/www.greenpeace.org\/static\/planet4-mexico-stateless\/2025\/05\/7171a7c3-cerveza-1024x684.jpg 1024w, https:\/\/www.greenpeace.org\/static\/planet4-mexico-stateless\/2025\/05\/7171a7c3-cerveza-300x201.jpg 300w, https:\/\/www.greenpeace.org\/static\/planet4-mexico-stateless\/2025\/05\/7171a7c3-cerveza-768x513.jpg 768w, https:\/\/www.greenpeace.org\/static\/planet4-mexico-stateless\/2025\/05\/7171a7c3-cerveza-510x340.jpg 510w, https:\/\/www.greenpeace.org\/static\/planet4-mexico-stateless\/2025\/05\/7171a7c3-cerveza.jpg 1200w\" sizes=\"auto, (max-width: 1024px) 100vw, 1024px\" \/><figcaption><div class=\"credit icon-left\"> \u00a9 Isabelle Povey \/ Greenpeace<\/div><\/figcaption><\/figure>\n\n<p><span style=\"font-weight: 400;\">Imagina la escena: llegas a la tienda a buscar tu cerveza preferida, con el plan en la cabeza de llegar a casa y destaparla en el sof\u00e1 y beberla mientras disfrutas la serie en turno o bien, compartirla con los amigos y amigas con quienes te reunir\u00e1s m\u00e1s tarde, pero \u00a1Oh, sorpresa!&nbsp;<\/span><\/p>\n\n<p><span style=\"font-weight: 400;\">Est\u00e1s ah\u00ed, de pie frente a los refrigeradores, y las etiquetas de precio te dejan fr\u00edo, primero crees que le\u00edste mal, para despu\u00e9s darte cuenta de que es real: la cerveza est\u00e1 impagable.&nbsp;<\/span><\/p>\n\n<h2 class=\"wp-block-heading\">\u00bfQu\u00e9 tiene que ver el clima con la cerveza?<\/h2>\n\n<p><span style=\"font-weight: 400;\">\u00bfQu\u00e9 est\u00e1 pasando? Cambio clim\u00e1tico, le llaman. S\u00ed, aunque resulte extra\u00f1a esta relaci\u00f3n, el aumento de la temperatura en el planeta afectar\u00e1 todo lo que conocemos, incluida la cerveza.&nbsp;<\/span><\/p>\n\n<p><span style=\"font-weight: 400;\">De acuerdo con el estudio <\/span><a href=\"https:\/\/www.nature.com\/articles\/s41477-018-0263-1.epdf?referrer_access_token=hOK6YUSVBRgA4dLBTY_MJdRgN0jAjWel9jnR3ZoTv0MFWGRMBT-Y7TXCsg2nTbgikfxv_CBsAnRQoC91VSrVoWTbIpR7DODRetwZWrGrWYS_eebQmawDFXyddXOq3AqeEEHqG2lR9gyl8__jr9a18G4gJjhzMF3DbrntIYjqZMQI6hhr8IpbGKsKjSIb-FK57VdQECwHdOUJ6DN_l1FJDGyYyFFRO3t8BDCKn_KNUFMLm5evgWj5i6d0oULctk5c&amp;tracking_referrer=elpais.com\"><span style=\"font-weight: 400;\">Disminuci\u00f3n en el suministro mundial de cerveza debido a la sequ\u00eda extrema y el calor<\/span><\/a><span style=\"font-weight: 400;\">, publicado en la revista <\/span><i><span style=\"font-weight: 400;\">Nature Plants, <\/span><\/i><span style=\"font-weight: 400;\">se encontr\u00f3 que estos eventos extremos podr\u00edan causar afectaciones en los cultivos de cebada, lo que afectar\u00e1 su rendimiento e impactar\u00e1 en el precio y disponibilidad de la cerveza, por los t\u00e9rminos b\u00e1sicos de mercado de la oferta y la demanda.&nbsp;&nbsp;<\/span><\/p>\n\n<figure class=\"wp-block-image size-large alignnone wp-image-2901 size-full\"><img loading=\"lazy\" decoding=\"async\" width=\"1024\" height=\"683\" src=\"https:\/\/www.greenpeace.org\/static\/planet4-mexico-stateless\/2025\/05\/c8666a5e-cebada-1024x683.jpg\" title=\"Fotograf\u00eda con zoom de cebada.\" alt=\"Fotograf\u00eda con zoom de cebada.\" class=\"wp-image-56039\" srcset=\"https:\/\/www.greenpeace.org\/static\/planet4-mexico-stateless\/2025\/05\/c8666a5e-cebada-1024x683.jpg 1024w, https:\/\/www.greenpeace.org\/static\/planet4-mexico-stateless\/2025\/05\/c8666a5e-cebada-300x200.jpg 300w, https:\/\/www.greenpeace.org\/static\/planet4-mexico-stateless\/2025\/05\/c8666a5e-cebada-768x512.jpg 768w, https:\/\/www.greenpeace.org\/static\/planet4-mexico-stateless\/2025\/05\/c8666a5e-cebada-510x340.jpg 510w, https:\/\/www.greenpeace.org\/static\/planet4-mexico-stateless\/2025\/05\/c8666a5e-cebada.jpg 1200w\" sizes=\"auto, (max-width: 1024px) 100vw, 1024px\" \/><figcaption class=\"wp-element-caption\">Cebada ecol\u00f3gica en Espa\u00f1a<div class=\"credit icon-left\"> \u00a9 Emma Stoner \/ Greenpeace<\/div><\/figcaption><\/figure>\n\n<h3 class=\"wp-block-heading\">\u00bfQu\u00e9 tan grave puede ser?<\/h3>\n\n<p><span style=\"font-weight: 400;\">Por ejemplo, en Irlanda, el pa\u00eds con mayor consumo de esta bebida se calcula que en el peor escenario, donde las cosechas sean muy malas, el precio podr\u00eda aumentar 338%. El incremento del costo en esta bebida, tendr\u00e1, evidentemente un impacto en su consumo, pa\u00edses como Argentina podr\u00edan reducirlo hasta un 32%.&nbsp;<\/span><\/p>\n\n<p><span style=\"font-weight: 400;\">M\u00e9xico es el quinto lugar de consumo de cerveza a nivel mundial y en el tercero de Latinoam\u00e9rica; la ciudad que m\u00e1s toma cerveza es Monterrey, que representa el 16% de todo el consumo nacional, seguido por&nbsp; ciudades como Canc\u00fan, Guadalajara y la Ciudad de M\u00e9xico, seg\u00fan datos de <\/span><a href=\"https:\/\/cervecerosdemexico.com\/2017\/04\/20\/cuanta-cerveza-se-consume-en-mexico\/\"><span style=\"font-weight: 400;\">C\u00e1mara de la Cerveza.&nbsp;<\/span><\/a><\/p>\n\n<h2 class=\"wp-block-heading\">Una raz\u00f3n m\u00e1s para dejar los f\u00f3siles bajo tierra<\/h2>\n\n<p><span style=\"font-weight: 400;\">El cambio clim\u00e1tico es una de las amenazas m\u00e1s grandes que enfrenta la humanidad y la causa est\u00e1 relacionada principalmente a la quema de combustibles f\u00f3siles<\/span>.<\/p>\n\n<p><span style=\"font-weight: 400;\">Aunque la relaci\u00f3n suene rara,<\/span> si dejamos los f\u00f3siles bajo el suelo <span style=\"font-weight: 400;\">podemos ayudar a que la temperatura del planeta no siga aumentando y evitar las afectaciones catastr\u00f3ficas que advierte la comunidad cient\u00edfica, no se trata solo de salvar la cerveza, es salvar al planeta y a quienes vivimos en \u00e9l. <\/span><\/p>\n\n<h3 class=\"wp-block-heading\">Firma la petici\u00f3n para dejar a los combustibles f\u00f3siles bajo el suelo ??<\/h3>\n\n<!--[if lte IE 8]>\n<script charset=\"utf-8\" type=\"text\/javascript\" src=\"\/\/js.hsforms.net\/forms\/v2-legacy.js\"><\/script>\n<![endif]-->\n<script charset=\"utf-8\" type=\"text\/javascript\" src=\"\/\/js.hsforms.net\/forms\/v2.js\"><\/script>\n<script>\n  hbspt.forms.create({\n\tregion: \"na1\",\n\tportalId: \"2617486\",\n\tformId: \"e3d21cf2-dceb-4bf4-8a75-7e9bb0f9ad96\",\n\tsfdcCampaignId: \"7011P000000op47QAA\",\n\tsubmitButtonClass: 'hs-button',\nonFormReady: function($form, ctx){\nvar paramsp4 = new window.URLSearchParams(window.location.search);\nvar utm_content = paramsp4.get('utm_content');\nif(utm_content == null) {\nvar urlp4 = window.location.href;\nvar fromGPMXBlog = urlp4.includes(\"\/blog\/\");\nif (fromGPMXBlog == true) {\nvar arrayp4 = urlp4.split(\"\/\");\nvar hs_origin = arrayp4[6];\n$('input[name=\"hs_origen__c\"]').val(hs_origin).change();\n$('input[name=\"utm_content\"]').val(hs_origin).change();\n}\n}\n}\n});\n<\/script>\n","protected":false},"excerpt":{"rendered":"<p>El cambio clim\u00e1tico podr\u00eda causar afectaciones en los cultivos de cebada, lo que afectar\u00e1 su rendimiento e impactar\u00e1 en el precio y disponibilidad de la cerveza.<\/p>\n","protected":false},"author":35,"featured_media":56037,"comment_status":"open","ping_status":"open","sticky":false,"template":"","format":"standard","meta":{"ep_exclude_from_search":false,"p4_og_title":"La cerveza ser\u00e1 m\u00e1s cara a causa del cambio clim\u00e1tico","p4_og_description":"El cambio clim\u00e1tico podr\u00eda causar afectaciones en los cultivos de cebada, lo que afectar\u00e1 su rendimiento e impactar\u00e1 en el precio y disponibilidad de la cerveza.","p4_og_image":"https:\/\/www.greenpeace.org\/static\/planet4-mexico-stateless\/2025\/05\/7171a7c3-cerveza.jpg","p4_og_image_id":"56037","p4_seo_canonical_url":"","p4_campaign_name":"","p4_local_project":"","p4_basket_name":"","p4_department":"","footnotes":""},"categories":[39],"tags":[47,51],"p4-page-type":[14],"class_list":["post-53047","post","type-post","status-publish","format-standard","has-post-thumbnail","hentry","category-clima-y-energia","tag-cambio-climatico","tag-combustibles-fosiles","p4-page-type-blog"],"_links":{"self":[{"href":"https:\/\/www.greenpeace.org\/mexico\/wp-json\/wp\/v2\/posts\/53047","targetHints":{"allow":["GET"]}}],"collection":[{"href":"https:\/\/www.greenpeace.org\/mexico\/wp-json\/wp\/v2\/posts"}],"about":[{"href":"https:\/\/www.greenpeace.org\/mexico\/wp-json\/wp\/v2\/types\/post"}],"author":[{"embeddable":true,"href":"https:\/\/www.greenpeace.org\/mexico\/wp-json\/wp\/v2\/users\/35"}],"replies":[{"embeddable":true,"href":"https:\/\/www.greenpeace.org\/mexico\/wp-json\/wp\/v2\/comments?post=53047"}],"version-history":[{"count":5,"href":"https:\/\/www.greenpeace.org\/mexico\/wp-json\/wp\/v2\/posts\/53047\/revisions"}],"predecessor-version":[{"id":58117,"href":"https:\/\/www.greenpeace.org\/mexico\/wp-json\/wp\/v2\/posts\/53047\/revisions\/58117"}],"wp:featuredmedia":[{"embeddable":true,"href":"https:\/\/www.greenpeace.org\/mexico\/wp-json\/wp\/v2\/media\/56037"}],"wp:attachment":[{"href":"https:\/\/www.greenpeace.org\/mexico\/wp-json\/wp\/v2\/media?parent=53047"}],"wp:term":[{"taxonomy":"category","embeddable":true,"href":"https:\/\/www.greenpeace.org\/mexico\/wp-json\/wp\/v2\/categories?post=53047"},{"taxonomy":"post_tag","embeddable":true,"href":"https:\/\/www.greenpeace.org\/mexico\/wp-json\/wp\/v2\/tags?post=53047"},{"taxonomy":"p4-page-type","embeddable":true,"href":"https:\/\/www.greenpeace.org\/mexico\/wp-json\/wp\/v2\/p4-page-type?post=53047"}],"curies":[{"name":"wp","href":"https:\/\/api.w.org\/{rel}","templated":true}]}}