{"id":53167,"date":"2023-08-18T12:42:24","date_gmt":"2023-08-18T17:42:24","guid":{"rendered":"https:\/\/www.greenpeace.org\/mexico\/?p=53167"},"modified":"2025-05-14T20:14:17","modified_gmt":"2025-05-15T01:14:17","slug":"5-animales-de-las-profundidades-de-veracruz-que-estan-en-peligro","status":"publish","type":"post","link":"https:\/\/www.greenpeace.org\/mexico\/blog\/53167\/5-animales-de-las-profundidades-de-veracruz-que-estan-en-peligro\/","title":{"rendered":"5 animales de las profundidades de Veracruz que est\u00e1n en peligro"},"content":{"rendered":"\n<figure class=\"wp-block-image size-large\"><img loading=\"lazy\" decoding=\"async\" width=\"1024\" height=\"683\" src=\"https:\/\/www.greenpeace.org\/static\/planet4-mexico-stateless\/2025\/05\/663698f9-fauna-veracruz-arrecifes-coral-1024x683.jpg\" title=\"Fotograf\u00eda submarina de un cardumen nadando en la regi\u00f3n de Veracruz, M\u00e9xico, durante la investigaci\u00f3n de los arrecifes de coral.\" alt=\"Fotograf\u00eda submarina de un cardumen nadando en la regi\u00f3n de Veracruz, M\u00e9xico, durante la investigaci\u00f3n de los arrecifes de coral.\" class=\"wp-image-56027\" srcset=\"https:\/\/www.greenpeace.org\/static\/planet4-mexico-stateless\/2025\/05\/663698f9-fauna-veracruz-arrecifes-coral-1024x683.jpg 1024w, https:\/\/www.greenpeace.org\/static\/planet4-mexico-stateless\/2025\/05\/663698f9-fauna-veracruz-arrecifes-coral-300x200.jpg 300w, https:\/\/www.greenpeace.org\/static\/planet4-mexico-stateless\/2025\/05\/663698f9-fauna-veracruz-arrecifes-coral-768x512.jpg 768w, https:\/\/www.greenpeace.org\/static\/planet4-mexico-stateless\/2025\/05\/663698f9-fauna-veracruz-arrecifes-coral-510x340.jpg 510w, https:\/\/www.greenpeace.org\/static\/planet4-mexico-stateless\/2025\/05\/663698f9-fauna-veracruz-arrecifes-coral.jpg 1200w\" sizes=\"auto, (max-width: 1024px) 100vw, 1024px\" \/><figcaption class=\"wp-element-caption\">\u00a9 Iv\u00e1n Castaneira \/ Greenpeace<div class=\"credit icon-left\"> \u00a9 Iv\u00e1n Castaneira \/ Greenpeace<\/div><\/figcaption><\/figure>\n\n<p>En las profundidades del mar existen ecosistemas de gran importancia debido a que brindan beneficios ambientales de protecci\u00f3n a las costas, mitigaci\u00f3n del cambio clim\u00e1tico y son una fuente de alimento y trabajo para las comunidades costeras. Lamentablemente estos ecosistemas se encuentran constantemente amenazados por megaproyectos de infraestructura f\u00f3sil.&nbsp; La amenaza m\u00e1s reciente es el gasoducto Extensi\u00f3n Sureste en su etapa I y II.<\/p>\n\n<p>Es por eso que realizamos una expedici\u00f3n a bordo del Arctic Sunrise, llevada a cabo por Greenpeace, investigadores expertos en sistemas arrecifales coralinos y el Colectivo Interdisciplinario de Ciencia Aplicada y Derecho Ambiental. Juntos pudimos descubrir ecosistemas cuyo acceso humano es inviable. Las herramientas utilizadas fueron un (sonar de barrido lateral, para escanear el fondo marino; un robot submarino (ROV); y un sumergible tripulado por dos personas (Nemo 2).<\/p>\n\n<figure class=\"wp-block-image size-large\"><img loading=\"lazy\" decoding=\"async\" width=\"1024\" height=\"576\" src=\"https:\/\/www.greenpeace.org\/static\/planet4-mexico-stateless\/2025\/05\/e8ef9476-sumergible-arrecifes-veracruz-1024x576.jpg\" title=\"Fotograf\u00eda submarina del sumergible de Greenpeace documentando los arrecifes de coral en Veracruz, M\u00e9xico.\" alt=\"Fotograf\u00eda submarina del sumergible de Greenpeace documentando los arrecifes de coral en Veracruz, M\u00e9xico.\" class=\"wp-image-56025\" srcset=\"https:\/\/www.greenpeace.org\/static\/planet4-mexico-stateless\/2025\/05\/e8ef9476-sumergible-arrecifes-veracruz-1024x576.jpg 1024w, https:\/\/www.greenpeace.org\/static\/planet4-mexico-stateless\/2025\/05\/e8ef9476-sumergible-arrecifes-veracruz-300x169.jpg 300w, https:\/\/www.greenpeace.org\/static\/planet4-mexico-stateless\/2025\/05\/e8ef9476-sumergible-arrecifes-veracruz-768x432.jpg 768w, https:\/\/www.greenpeace.org\/static\/planet4-mexico-stateless\/2025\/05\/e8ef9476-sumergible-arrecifes-veracruz-510x287.jpg 510w, https:\/\/www.greenpeace.org\/static\/planet4-mexico-stateless\/2025\/05\/e8ef9476-sumergible-arrecifes-veracruz.jpg 1200w\" sizes=\"auto, (max-width: 1024px) 100vw, 1024px\" \/><figcaption class=\"wp-element-caption\">Investigaci\u00f3n de Greenpeace M\u00e9xico en los arrecifes de coral de Veracruz.\n\u00a9 Liam \/ Greenpeace<\/figcaption><\/figure>\n\n<p>A continuaci\u00f3n podr\u00e1s conocer <strong>5 animales que encontramos en las profundidades de Veracruz<\/strong> y que ahora est\u00e1n en peligro por megaproyectos como el gasoducto Extensi\u00f3n Sureste en su etapa I y II, a cargo de TC Energy.<\/p>\n\n<h2 class=\"wp-block-heading\">Coral Cuerno de Alce<\/h2>\n\n<p>Es una especie de coral que en M\u00e9xico se encuentra en la categor\u00eda de sujeta a protecci\u00f3n especial de acuerdo a la NOM-059-Semarnat-2010 y globalmente se encuentra en peligro cr\u00edtico de acuerdo a la Lista Roja de Especies Amenazadas de la Uni\u00f3n (IUCN por sus siglas en ingl\u00e9s).<\/p>\n\n<p>Su nombre com\u00fan es coral cuerno de alce, pues su estructura se asemeja mucho a la de los cuernos de alce. Es considerado como uno de los corales de arrecife m\u00e1s importante en el Caribe.&nbsp; Fue una de las especies m\u00e1s abundantes de coral en el Caribe y los Cayos de la Florida. Sin embargo, desde 1980 se ha estimado que del 90-95 % de este coral se ha perdido. Las amenazas incluyen, el <a href=\"https:\/\/es.wikipedia.org\/wiki\/Blanqueo_de_coral\">blanqueo<\/a> de los corales, la depredaci\u00f3n, el cambio clim\u00e1tico, da\u00f1os de tormentas, <a href=\"https:\/\/es.wikipedia.org\/wiki\/Sobrepesca\">sobrepesca<\/a>, turismo sin control y la actividad humana.<\/p>\n\n<p>El coral cuerno de alce se encuentra principalmente en aguas poco profundas, sin embargo esta vez en la investigaci\u00f3n a bordo del barco de Greenpeace Arctic Sunrise, se encontr\u00f3 esta especie a una profundidad de un poco m\u00e1s de 40 metros.<\/p>\n\n<p><strong>Los arrecifes mesof\u00f3ticos de Veracruz son de los pocos ecosistemas que a esta profundidad tienen colonias vivas de coral cuerno de alce.<\/strong><\/p>\n\n<p>Lastimosamente esta es una especie que podr\u00eda estar en riesgo si se permite la construcci\u00f3n del gasoducto Extensi\u00f3n Sureste en su etapa I y II, a cargo de TC Energy.<\/p>\n\n<figure class=\"wp-block-image size-full\"><img loading=\"lazy\" decoding=\"async\" width=\"800\" height=\"525\" src=\"https:\/\/www.greenpeace.org\/static\/planet4-mexico-stateless\/2023\/08\/efba3148-cuernodealce_janpaulzegarra_6947865574.jpg\" title=\"Coral cuerno de alce (Acropora palmata) de color claro, con ramas ramificadas en forma de astas, creciendo en un arrecife marino poco profundo.\" alt=\"Coral cuerno de alce (Acropora palmata) de color claro, con ramas ramificadas en forma de astas, creciendo en un arrecife marino poco profundo.\" class=\"wp-image-53171\" srcset=\"https:\/\/www.greenpeace.org\/static\/planet4-mexico-stateless\/2023\/08\/efba3148-cuernodealce_janpaulzegarra_6947865574.jpg 800w, https:\/\/www.greenpeace.org\/static\/planet4-mexico-stateless\/2023\/08\/efba3148-cuernodealce_janpaulzegarra_6947865574-300x197.jpg 300w, https:\/\/www.greenpeace.org\/static\/planet4-mexico-stateless\/2023\/08\/efba3148-cuernodealce_janpaulzegarra_6947865574-768x504.jpg 768w, https:\/\/www.greenpeace.org\/static\/planet4-mexico-stateless\/2023\/08\/efba3148-cuernodealce_janpaulzegarra_6947865574-510x335.jpg 510w\" sizes=\"auto, (max-width: 800px) 100vw, 800px\" \/><figcaption class=\"wp-element-caption\">Coral cuerno de alce (<em>Acropora palmata<\/em>).<\/figcaption><\/figure>\n\n<h2 class=\"wp-block-heading\">Coral Estrella Monta\u00f1a<\/h2>\n\n<p>Es una especie de coral que en M\u00e9xico se encuentra en la categor\u00eda de amenazada de acuerdo a la NOM-059-Semarnat-2010 y globalmente se encuentra en peligro de acuerdo a la Lista Roja de Especies Amenazadas de la Uni\u00f3n (IUCN por sus siglas en ingl\u00e9s).<\/p>\n\n<p>El coral estrella monta\u00f1a es un coral duro que suele formar colonias muy grandes y s\u00f3lidas. Es una especie de crecimiento lento y la velocidad a la que se forman nuevas colonias es menor que la velocidad a la que mueren las colonias maduras. Es sensible al blanqueamiento y a varias enfermedades de los corales.<\/p>\n\n<p>Podemos encontrar a este tipo de corales en profundidades de 0.5 a 82 m de profundidad.&nbsp;Durante la investigaci\u00f3n realizada a bordo del Arctic Sunrise se pudo observar esta especie en la parte Norte de Veracruz.<\/p>\n\n<figure class=\"wp-block-image\"><img decoding=\"async\" src=\"https:\/\/lh5.googleusercontent.com\/U6KDWy2K-QOrp0ZjFrSA-1tVOiFm4DH6trmoWaGPSH1tJuVjddlDAJNclO1cHW8vGtSyqHXz530FfO4KxTecAqs_4WN9doE5BBwyGnSUHI0ivZN5p8z8Xpu3VkRFbh7pFZGa-fcog1Zc3fJJou0nJ54\" alt=\"\"\/><figcaption class=\"wp-element-caption\">Corales Colpophyllia natans y Orbicella faveolata.<br>\u00a9 Iv\u00e1n Castaneira \/ Greenpeace<br><\/figcaption><\/figure>\n\n<h2 class=\"wp-block-heading\">Pargo Criollo<\/h2>\n\n<p>El pargo criollo es un pez de agua salada, clima tropical y asociado a los arrecifes de coral. Suele vivir entre 25 y 95 m de profundidad. Los machos pueden alcanzar los 94 cm de longitud total, sin embargo, su longitud promedio es de 50 cm. Se alimenta tanto de d\u00eda como de noche, principalmente de peces, camarones, cangrejos entre otros. Los adultos grandes suelen estar entre rocas y corales, mientras que los juveniles se encuentran sobre fondos arenosos y con vegetaci\u00f3n. Suelen formar peque\u00f1as agregaciones que se disuelven durante la noche.<\/p>\n\n<p>Este pez fue avistado tanto en la parte norte como centro de Veracruz y tiene un uso comercial. Actualmente esta especie se encuentra en categor\u00eda de casi amenazada de acuerdo a la Lista Roja de Especies Amenazadas de la Uni\u00f3n (IUCN por sus siglas en ingl\u00e9s).<\/p>\n\n<figure class=\"wp-block-image aligncenter size-full\"><img loading=\"lazy\" decoding=\"async\" width=\"300\" height=\"200\" src=\"https:\/\/www.greenpeace.org\/static\/planet4-mexico-stateless\/2025\/05\/c9465ee0-pargo.arrecifes-veracruz.jpeg\" title=\"Pargo criollo (Lutjanus analis) nadando.\" alt=\"Pargo criollo (Lutjanus analis) nadando.\" class=\"wp-image-56029\"\/><figcaption class=\"wp-element-caption\">Pargo criollo (Lutjanus analis) \n \u00a9 sacjackson<\/figcaption><\/figure>\n\n<h2 class=\"wp-block-heading\">Gran Coral de Estrellas<\/h2>\n\n<p>Montastraea cavernosa es una especie de coral que pertenece al grupo de los corales duros, por las dimensiones que alcanza es uno de los constructores de ecosistemas arrecifales m\u00e1s importantes. Es nativa de M\u00e9xico.<\/p>\n\n<p>Las colonias son generalmente peque\u00f1as, midiendo alrededor de 50 cm de largo. Habitan normalmente entre 10 y 30 m de profundidad, aunque se encuentra desde 0.5 hasta los 113 m.<\/p>\n\n<p>Un dato curioso es que tras la muerte del coral, su esqueleto contribuye a la generaci\u00f3n de nuevos <a href=\"https:\/\/es.wikipedia.org\/wiki\/Arrecife\">arrecifes<\/a> en la naturaleza.<\/p>\n\n<figure class=\"wp-block-image\"><img decoding=\"async\" src=\"https:\/\/lh5.googleusercontent.com\/g5bXuSiFKfRG0AeLcfTapCSUGmsxkUifALI_LoZ3zkenDibOEqxTnw91csz949SjYFY8C-srksSxrHBcm2yZmj5V3VSR35f1KtS9-FRO-6LYEs-a28hQxX5ZSF5BTsIvij-2IQoKqLRTEIdu6uFt33w\" alt=\"Gran coral de estrellas (Montastraea cavernosa) con p\u00f3lipos prominentes y superficie texturizada, creciendo sobre un arrecife marino.\"\/><figcaption class=\"wp-element-caption\"> Gran coral de estrellas (<em>Montastraea cavernosa<\/em>).<br>\u00a9 Iv\u00e1n Castaneira \/ Greenpeace<\/figcaption><\/figure>\n\n<h2 class=\"wp-block-heading\">Coral negro de alambre<\/h2>\n\n<p>El coral negro de alambre es una especie nativa de M\u00e9xico. Es un coral no ramificado,que suele formar espirales, de ah\u00ed viene su nombre. Puede llegar a medir m\u00e1s de un metro de altura y hasta tres mil\u00edmetros de di\u00e1metro en la base.<\/p>\n\n<p>Este fue uno de los corales m\u00e1s vistos durante la expedici\u00f3n a bordo del Arctic Sunrise de Greenpeace en Veracruz, tanto en la parte centro como en la parte norte del estado. Esta especie es abundante a profundidades de 50 a 75 m, y se encuentra tanto en h\u00e1bitats de arrecifes como de fondos blandos. Anteriormente se hab\u00eda registrado a profundidades de 60 a 90 m (sobre la base de b\u00fasquedas en el cat\u00e1logo en l\u00ednea de la Colecci\u00f3n de Zoolog\u00eda de Invertebrados, Museo Nacional de Historia Natural de EE.UU. (USNMNH), Smithsonian Institution, 2014).<\/p>\n\n<figure class=\"wp-block-image size-large\"><img loading=\"lazy\" decoding=\"async\" width=\"1024\" height=\"683\" src=\"https:\/\/www.greenpeace.org\/static\/planet4-mexico-stateless\/2025\/05\/b70f1ce4-coral-negro-alambre-arrecifes-veracruz-1024x683.jpg\" title=\"Coral negro de alambre con ramas finas y alargadas en forma de espiral, de color oscuro, creciendo en las profundidades del oc\u00e9ano sobre un fondo rocoso.\" alt=\"Coral negro de alambre con ramas finas y alargadas en forma de espiral, de color oscuro, creciendo en las profundidades del oc\u00e9ano sobre un fondo rocoso.\" class=\"wp-image-56028\" srcset=\"https:\/\/www.greenpeace.org\/static\/planet4-mexico-stateless\/2025\/05\/b70f1ce4-coral-negro-alambre-arrecifes-veracruz-1024x683.jpg 1024w, https:\/\/www.greenpeace.org\/static\/planet4-mexico-stateless\/2025\/05\/b70f1ce4-coral-negro-alambre-arrecifes-veracruz-300x200.jpg 300w, https:\/\/www.greenpeace.org\/static\/planet4-mexico-stateless\/2025\/05\/b70f1ce4-coral-negro-alambre-arrecifes-veracruz-768x512.jpg 768w, https:\/\/www.greenpeace.org\/static\/planet4-mexico-stateless\/2025\/05\/b70f1ce4-coral-negro-alambre-arrecifes-veracruz-510x340.jpg 510w, https:\/\/www.greenpeace.org\/static\/planet4-mexico-stateless\/2025\/05\/b70f1ce4-coral-negro-alambre-arrecifes-veracruz.jpg 1200w\" sizes=\"auto, (max-width: 1024px) 100vw, 1024px\" \/><figcaption class=\"wp-element-caption\">Coral negro de alambre (Stichopathes luetkeni).\n\u00a9 Iv\u00e1n Castaneira \/ Greenpeace<\/figcaption><\/figure>\n\n<p>Estos incre\u00edbles animales tomaron millones de a\u00f1os en formarse y en cuesti\u00f3n de segundos podr\u00edan ser afectados para siempre. \u00a1No podemos permitirlo! Estamos a tiempo de frenar el gasoducto Extensi\u00f3n Sureste, \u00fanete y firma la petici\u00f3n.<\/p>\n\n<h2 class=\"wp-block-heading\">Protege los arrecifes y di no al gasoducto ??<\/h2>\n\n<!--[if lte IE 8]>\n<script charset=\"utf-8\" type=\"text\/javascript\" src=\"\/\/js.hsforms.net\/forms\/v2-legacy.js\"><\/script>\n<![endif]-->\n<script charset=\"utf-8\" type=\"text\/javascript\" src=\"\/\/js.hsforms.net\/forms\/v2.js\"><\/script>\n<script>\n\thbspt.forms.create({\n\t\tregion: \"na1\",\n\t\tportalId: \"2617486\",\n\t\tformId: \"a70434c5-aab6-49e1-9871-cf03fb89f482\",\n\t\tsfdcCampaignId: \"7011P000001dfeDQAQ\",\n\t\tsubmitButtonClass: 'hs-button',\n\t\tonFormReady: function($form, ctx){\n\t\tvar paramsp4 = new window.URLSearchParams(window.location.search);\n\t\tvar utm_content = paramsp4.get('utm_content');\n\t\tif(utm_content == null) {\n\t\t\tvar urlp4 = window.location.href;\n\t\t\tvar fromGPMXBlog = urlp4.includes(\"\/blog\/\");\n\t\t\tif (fromGPMXBlog == true) {\n\t\t\t\tvar arrayp4 = urlp4.split(\"\/\");\n\t\t\t\tvar hs_origin = arrayp4[6];\n\t\t\t\t$('input[name=\"hs_origen__c\"]').val(hs_origin).change();\n\t\t\t\t$('input[name=\"utm_content\"]').val(hs_origin).change();\n\t\t\t}\n\t\t}\n\t}\n});\n<\/script>\n","protected":false},"excerpt":{"rendered":"<p>En Veracruz a 80 metros de profundidad hay demasiada vida, conoce cinco animales que habitan esta zona y que ya peligran por infraestructura f\u00f3sil.<\/p>\n","protected":false},"author":35,"featured_media":56027,"comment_status":"open","ping_status":"open","sticky":false,"template":"","format":"standard","meta":{"ep_exclude_from_search":false,"p4_og_title":"5 animales que encontramos en las profundidades de Veracruz y que est\u00e1n en peligro","p4_og_description":"En Veracruz a 80 metros de profundidad hay demasiada vida, conoce cinco animales que habitan esta zona y que ya peligran por infraestructura f\u00f3sil.","p4_og_image":"https:\/\/www.greenpeace.org\/static\/planet4-mexico-stateless\/2025\/05\/663698f9-fauna-veracruz-arrecifes-coral.jpg","p4_og_image_id":"56027","p4_seo_canonical_url":"","p4_campaign_name":"","p4_local_project":"","p4_basket_name":"","p4_department":"","footnotes":""},"categories":[44],"tags":[51,65],"p4-page-type":[14],"class_list":["post-53167","post","type-post","status-publish","format-standard","has-post-thumbnail","hentry","category-oceanos","tag-combustibles-fosiles","tag-mineria-submarina","p4-page-type-blog"],"_links":{"self":[{"href":"https:\/\/www.greenpeace.org\/mexico\/wp-json\/wp\/v2\/posts\/53167","targetHints":{"allow":["GET"]}}],"collection":[{"href":"https:\/\/www.greenpeace.org\/mexico\/wp-json\/wp\/v2\/posts"}],"about":[{"href":"https:\/\/www.greenpeace.org\/mexico\/wp-json\/wp\/v2\/types\/post"}],"author":[{"embeddable":true,"href":"https:\/\/www.greenpeace.org\/mexico\/wp-json\/wp\/v2\/users\/35"}],"replies":[{"embeddable":true,"href":"https:\/\/www.greenpeace.org\/mexico\/wp-json\/wp\/v2\/comments?post=53167"}],"version-history":[{"count":9,"href":"https:\/\/www.greenpeace.org\/mexico\/wp-json\/wp\/v2\/posts\/53167\/revisions"}],"predecessor-version":[{"id":56031,"href":"https:\/\/www.greenpeace.org\/mexico\/wp-json\/wp\/v2\/posts\/53167\/revisions\/56031"}],"wp:featuredmedia":[{"embeddable":true,"href":"https:\/\/www.greenpeace.org\/mexico\/wp-json\/wp\/v2\/media\/56027"}],"wp:attachment":[{"href":"https:\/\/www.greenpeace.org\/mexico\/wp-json\/wp\/v2\/media?parent=53167"}],"wp:term":[{"taxonomy":"category","embeddable":true,"href":"https:\/\/www.greenpeace.org\/mexico\/wp-json\/wp\/v2\/categories?post=53167"},{"taxonomy":"post_tag","embeddable":true,"href":"https:\/\/www.greenpeace.org\/mexico\/wp-json\/wp\/v2\/tags?post=53167"},{"taxonomy":"p4-page-type","embeddable":true,"href":"https:\/\/www.greenpeace.org\/mexico\/wp-json\/wp\/v2\/p4-page-type?post=53167"}],"curies":[{"name":"wp","href":"https:\/\/api.w.org\/{rel}","templated":true}]}}