{"id":53263,"date":"2023-08-23T11:45:53","date_gmt":"2023-08-23T16:45:53","guid":{"rendered":"https:\/\/www.greenpeace.org\/mexico\/?p=53263"},"modified":"2025-05-12T11:33:01","modified_gmt":"2025-05-12T16:33:01","slug":"cambio-climatico-y-salud-el-calor-afectara-tu-trabajo-antes-que-la-inteligencia-artificial","status":"publish","type":"post","link":"https:\/\/www.greenpeace.org\/mexico\/blog\/53263\/cambio-climatico-y-salud-el-calor-afectara-tu-trabajo-antes-que-la-inteligencia-artificial\/","title":{"rendered":"Cambio clim\u00e1tico y salud: el calor afectar\u00e1 tu trabajo antes que la Inteligencia Artificial"},"content":{"rendered":"\n<p>\u00bfHab\u00edas escuchado sobre el \u201c<strong>estr\u00e9s t\u00e9rmico ocupacional<\/strong>\u201d? Pon atenci\u00f3n, porque este t\u00e9rmino le pone nombre a las<strong>&nbsp;consecuencias en la salud que las olas de calor implican para las y los trabajadores<\/strong>.&nbsp;<\/p>\n\n<p>La ciencia ya constat\u00f3 que&nbsp;<a rel=\"noreferrer noopener\" href=\"https:\/\/www.greenpeace.org\/argentina\/blog\/problemas\/climayenergia\/confirmado-el-cambio-climatico-ya-esta-afectando-nuestra-salud\/\" target=\"_blank\">el cambio clim\u00e1tico est\u00e1 afectando la salud de las personas<\/a>. Entonces, podr\u00edamos decir que el estr\u00e9s t\u00e9rmico es un claro ejemplo de c\u00f3mo esta influencia negativa se experimenta.&nbsp;<\/p>\n\n<figure class=\"wp-block-image size-full\"><img loading=\"lazy\" decoding=\"async\" width=\"800\" height=\"533\" src=\"https:\/\/www.greenpeace.org\/static\/planet4-mexico-stateless\/2025\/05\/29dd2685-calor-cambio-climatico.jpg\" title=\"Siluetas de personas ante la puesta del sol durante una ola de calor excesiva el 10 de julio de 2024 en el Parque Nacional del Valle de la Muerte.\" alt=\"Siluetas de personas ante la puesta del sol durante una ola de calor excesiva el 10 de julio de 2024 en el Parque Nacional del Valle de la Muerte.\" class=\"wp-image-55934\" srcset=\"https:\/\/www.greenpeace.org\/static\/planet4-mexico-stateless\/2025\/05\/29dd2685-calor-cambio-climatico.jpg 800w, https:\/\/www.greenpeace.org\/static\/planet4-mexico-stateless\/2025\/05\/29dd2685-calor-cambio-climatico-300x200.jpg 300w, https:\/\/www.greenpeace.org\/static\/planet4-mexico-stateless\/2025\/05\/29dd2685-calor-cambio-climatico-768x512.jpg 768w, https:\/\/www.greenpeace.org\/static\/planet4-mexico-stateless\/2025\/05\/29dd2685-calor-cambio-climatico-510x340.jpg 510w\" sizes=\"auto, (max-width: 800px) 100vw, 800px\" \/><figcaption><div class=\"credit icon-left\"> \u00a9 David McNew \/ Greenpeace<\/div><\/figcaption><\/figure>\n\n<h2 class=\"wp-block-heading\">\u00bfQu\u00e9 causa el estr\u00e9s t\u00e9rmico y a qui\u00e9nes afecta?<\/h2>\n\n<p>Las causas del estr\u00e9s t\u00e9rmico son las&nbsp;<strong>olas de calor<\/strong>, cada vez m\u00e1s frecuentes y extensas debido al cambio clim\u00e1tico que<strong>&nbsp;ponen en riesgo&nbsp;<\/strong>especialmente&nbsp;<strong>a quienes trabajan al aire libre, en fundiciones, hornos, f\u00e1bricas, etc<\/strong>.&nbsp;<\/p>\n\n<p>Es que las temperaturas elevadas son m\u00e1s dif\u00edciles de sobrellevar cuando se trabaja en determinadas condiciones ambientales, usando vestimenta de seguridad obligatoria y realizando actividad f\u00edsica.&nbsp;<\/p>\n\n<h3 class=\"wp-block-heading\">Riesgos del calor extremo para las personas trabajadoras<\/h3>\n\n<p>El grupo de trabajadores al que nos referimos est\u00e1&nbsp;<strong>en lugares cerrados de mala climatizaci\u00f3n, ventilaci\u00f3n y alta humedad<\/strong>&nbsp;(como f\u00e1bricas, dep\u00f3sitos, cocinas, entre otros.) Tambi\u00e9n quienes trabajan a la intemperie, como<strong>&nbsp;alba\u00f1iles, agricultores, recolectores de residuos, deliveries<\/strong>&nbsp;y otros.&nbsp;<\/p>\n\n<figure class=\"wp-block-image size-full\"><img loading=\"lazy\" decoding=\"async\" width=\"800\" height=\"533\" src=\"https:\/\/www.greenpeace.org\/static\/planet4-mexico-stateless\/2025\/05\/b6401fa4-trabajador.jpg\" title=\"Persona trabajando con equipo de protecci\u00f3n mientras realiza labores de soldadura, en un entorno que implica exposici\u00f3n al calor.\" alt=\"Persona trabajando con equipo de protecci\u00f3n mientras realiza labores de soldadura, en un entorno que implica exposici\u00f3n al calor.\" class=\"wp-image-55935\" srcset=\"https:\/\/www.greenpeace.org\/static\/planet4-mexico-stateless\/2025\/05\/b6401fa4-trabajador.jpg 800w, https:\/\/www.greenpeace.org\/static\/planet4-mexico-stateless\/2025\/05\/b6401fa4-trabajador-300x200.jpg 300w, https:\/\/www.greenpeace.org\/static\/planet4-mexico-stateless\/2025\/05\/b6401fa4-trabajador-768x512.jpg 768w, https:\/\/www.greenpeace.org\/static\/planet4-mexico-stateless\/2025\/05\/b6401fa4-trabajador-510x340.jpg 510w\" sizes=\"auto, (max-width: 800px) 100vw, 800px\" \/><figcaption class=\"wp-element-caption\">\u00a9 Kate Davison \/ Greenpeace<\/figcaption><\/figure>\n\n<p>Son ellos y ellas quienes, durante un evento extremo, pueden<strong>&nbsp;sufrir un exceso de calor en el cuerpo por encima de los niveles tolerables<\/strong>. Al pasar ese l\u00edmite, sus capacidades fisiol\u00f3gicas se alteran.&nbsp;<\/p>\n\n<h2 class=\"wp-block-heading\">Consecuencias del estr\u00e9s t\u00e9rmico en el cuerpo<\/h2>\n\n<p>Recordemos que<strong>&nbsp;para que el cuerpo funcione de forma normal<\/strong>, es imprescindible&nbsp;<strong>mantener la temperatura corporal de 37\u00b0<\/strong>. Si esto se supera y se trabaja en condiciones de estr\u00e9s t\u00e9rmico, algunos de los riesgos que aparecen son:&nbsp;<\/p>\n\n<ul class=\"wp-block-list\">\n<li>Mayor probabilidad de que ocurra un accidente laboral<\/li>\n\n\n\n<li>Dolencias relacionadas al calor: agotamiento, calambres, deshidrataci\u00f3n, p\u00e9rdida de conocimiento, sarpullido y golpe de calor.&nbsp;<\/li>\n\n\n\n<li>Agravar enfermedades de base, como las cardiovasculares, diabetes e hipertensi\u00f3n.&nbsp;&nbsp;<\/li>\n<\/ul>\n\n<p>En conclusi\u00f3n,&nbsp;<strong>el calor es un peligro para la salud<\/strong>&nbsp;porque cuando la temperatura central del cuerpo supera los 38\u00b0 ya se pueden producir&nbsp;<strong>da\u00f1os a la salud y<\/strong>, a partir de los 40\u00b0, la&nbsp;<strong>muerte<\/strong>.&nbsp;<\/p>\n\n<h2 class=\"wp-block-heading\">El estr\u00e9s t\u00e9rmico se volver\u00e1 m\u00e1s com\u00fan<\/h2>\n\n<p>Considerando que los veranos son cada vez m\u00e1s t\u00f3rridos en toda la regi\u00f3n y teniendo en cuenta que se espera que aumenten las olas de calor debido al cambio clim\u00e1tico,&nbsp;<strong>esta amenaza se extiende a muchos m\u00e1s tipos de trabajos y condiciones<\/strong>. Sobre todo se hace especialmente peligrosa en los trabajos al aire libre.<\/p>\n\n<p>Ante la crisis clim\u00e1tica surgen nuevas realidades. Estar informados para poder prevenir cualquier riesgo es importante. Por eso, comparte esta informaci\u00f3n con amistades y familiares.<\/p>\n\n<!--[if lte IE 8]>\n<script charset=\"utf-8\" type=\"text\/javascript\" src=\"\/\/js.hsforms.net\/forms\/v2-legacy.js\"><\/script>\n<![endif]-->\n<script charset=\"utf-8\" type=\"text\/javascript\" src=\"\/\/js.hsforms.net\/forms\/v2.js\"><\/script>\n<script>\nhbspt.forms.create({\nportalId: \"2617486\",\n\tformId: \"6d9e57c1-c053-4f2c-985c-e3588cbfe0af\",\n\tsfdcCampaignId: \"7011P0000016vtzQAA\",\nsubmitButtonClass: 'hs-button',\nonFormReady: function($form, ctx){\nvar paramsp4 = new window.URLSearchParams(window.location.search);\nvar utm_content = paramsp4.get('utm_content');\nif(utm_content == null) {\nvar urlp4 = window.location.href;\nvar fromGPMXBlog = urlp4.includes(\"\/blog\/\");\nif (fromGPMXBlog == true) {\nvar arrayp4 = urlp4.split(\"\/\");\nvar hs_origin = arrayp4[6];\n$('input[name=\"hs_origen__c\"]').val(hs_origin).change();\n$('input[name=\"utm_content\"]').val(hs_origin).change();\n}\n}\n}\n});\n<\/script>\n","protected":false},"excerpt":{"rendered":"<p>El cambio clim\u00e1tico y el calor extremo afectan la salud laboral: descubre qu\u00e9 es el estr\u00e9s t\u00e9rmico y c\u00f3mo prevenir sus riesgos.<\/p>\n","protected":false},"author":35,"featured_media":55933,"comment_status":"open","ping_status":"open","sticky":false,"template":"","format":"standard","meta":{"ep_exclude_from_search":false,"p4_og_title":"Cambio clim\u00e1tico y salud: el calor afectar\u00e1 tu trabajo antes que la Inteligencia Artificial","p4_og_description":"El cambio clim\u00e1tico y el calor extremo afectan la salud laboral: descubre qu\u00e9 es el estr\u00e9s t\u00e9rmico y c\u00f3mo prevenir sus riesgos.","p4_og_image":"https:\/\/www.greenpeace.org\/static\/planet4-mexico-stateless\/2025\/05\/4329c561-termometro-cambio-climatico.png","p4_og_image_id":"55933","p4_seo_canonical_url":"","p4_campaign_name":"","p4_local_project":"","p4_basket_name":"","p4_department":"","footnotes":""},"categories":[39],"tags":[48,47],"p4-page-type":[14],"class_list":["post-53263","post","type-post","status-publish","format-standard","has-post-thumbnail","hentry","category-clima-y-energia","tag-salud","tag-cambio-climatico","p4-page-type-blog"],"_links":{"self":[{"href":"https:\/\/www.greenpeace.org\/mexico\/wp-json\/wp\/v2\/posts\/53263","targetHints":{"allow":["GET"]}}],"collection":[{"href":"https:\/\/www.greenpeace.org\/mexico\/wp-json\/wp\/v2\/posts"}],"about":[{"href":"https:\/\/www.greenpeace.org\/mexico\/wp-json\/wp\/v2\/types\/post"}],"author":[{"embeddable":true,"href":"https:\/\/www.greenpeace.org\/mexico\/wp-json\/wp\/v2\/users\/35"}],"replies":[{"embeddable":true,"href":"https:\/\/www.greenpeace.org\/mexico\/wp-json\/wp\/v2\/comments?post=53263"}],"version-history":[{"count":4,"href":"https:\/\/www.greenpeace.org\/mexico\/wp-json\/wp\/v2\/posts\/53263\/revisions"}],"predecessor-version":[{"id":55936,"href":"https:\/\/www.greenpeace.org\/mexico\/wp-json\/wp\/v2\/posts\/53263\/revisions\/55936"}],"wp:featuredmedia":[{"embeddable":true,"href":"https:\/\/www.greenpeace.org\/mexico\/wp-json\/wp\/v2\/media\/55933"}],"wp:attachment":[{"href":"https:\/\/www.greenpeace.org\/mexico\/wp-json\/wp\/v2\/media?parent=53263"}],"wp:term":[{"taxonomy":"category","embeddable":true,"href":"https:\/\/www.greenpeace.org\/mexico\/wp-json\/wp\/v2\/categories?post=53263"},{"taxonomy":"post_tag","embeddable":true,"href":"https:\/\/www.greenpeace.org\/mexico\/wp-json\/wp\/v2\/tags?post=53263"},{"taxonomy":"p4-page-type","embeddable":true,"href":"https:\/\/www.greenpeace.org\/mexico\/wp-json\/wp\/v2\/p4-page-type?post=53263"}],"curies":[{"name":"wp","href":"https:\/\/api.w.org\/{rel}","templated":true}]}}