{"id":53366,"date":"2023-08-31T10:00:00","date_gmt":"2023-08-31T15:00:00","guid":{"rendered":"https:\/\/www.greenpeace.org\/mexico\/?p=53366"},"modified":"2025-05-12T10:46:13","modified_gmt":"2025-05-12T15:46:13","slug":"investigacion-sobre-el-estado-actual-y-las-amenazas-de-los-ecosistemas-arrecifales-mesofoticos-de-la-costa-norte-y-central-del-estado-de-veracruz-a-bordo-del-barco-de-greenpeace-arctic-sunrise","status":"publish","type":"post","link":"https:\/\/www.greenpeace.org\/mexico\/investigacion\/53366\/investigacion-sobre-el-estado-actual-y-las-amenazas-de-los-ecosistemas-arrecifales-mesofoticos-de-la-costa-norte-y-central-del-estado-de-veracruz-a-bordo-del-barco-de-greenpeace-arctic-sunrise\/","title":{"rendered":"Investigaci\u00f3n sobre el estado actual y las amenazas de los ecosistemas arrecifales mesof\u00f3ticos de la costa norte y central del estado de Veracruz, a bordo del barco de Greenpeace, Arctic Sunrise"},"content":{"rendered":"\n<figure class=\"wp-block-image size-full\"><img loading=\"lazy\" decoding=\"async\" width=\"678\" height=\"822\" src=\"https:\/\/www.greenpeace.org\/static\/planet4-mexico-stateless\/2025\/05\/1b6ebc91-portada-reporte-arrecifes-veracruz.png\" title=\"Portada del reporte \u201cInvestigaci\u00f3n sobre el estado actual y las amenazas de los ecosistemas arrecifales mesof\u00f3ticos de la costa norte y central del estado de Veracruz a bordo del barco de Greenpeace, Arctic Sunrise\u201d,\" alt=\"Portada del reporte \u201cInvestigaci\u00f3n sobre el estado actual y las amenazas de los ecosistemas arrecifales mesof\u00f3ticos de la costa norte y central del estado de Veracruz a bordo del barco de Greenpeace, Arctic Sunrise\u201d,\" class=\"wp-image-55923\" srcset=\"https:\/\/www.greenpeace.org\/static\/planet4-mexico-stateless\/2025\/05\/1b6ebc91-portada-reporte-arrecifes-veracruz.png 678w, https:\/\/www.greenpeace.org\/static\/planet4-mexico-stateless\/2025\/05\/1b6ebc91-portada-reporte-arrecifes-veracruz-247x300.png 247w, https:\/\/www.greenpeace.org\/static\/planet4-mexico-stateless\/2025\/05\/1b6ebc91-portada-reporte-arrecifes-veracruz-280x340.png 280w\" sizes=\"auto, (max-width: 678px) 100vw, 678px\" \/><\/figure>\n\n<p>Presentamos el reporte \u201cInvestigaci\u00f3n sobre el estado actual y las amenazas de los ecosistemas arrecifales mesof\u00f3ticos de la costa norte y central del estado de Veracruz a bordo del barco de Greenpeace, Arctic Sunrise\u201d, donde se sintetizan los resultados del trabajo de exploraci\u00f3n e investigaci\u00f3n llevada a cabo de manera conjunta por investigadores expertos en sistemas arrecifales coralinos adscritos a la Universidad Veracruzana, del Colectivo Interdisciplinario de Ciencia Aplicada y Derecho Ambiental (CICADA) y Greenpeace M\u00e9xico, a bordo del barco Arctic Sunrise, durante el mes de mayo (del jueves 18 al domingo 28) de 2023.<\/p>\n\n<p>Se exploraron ocho zonas que no hab\u00edan sido previamente investigadas: tres en la zona adyacente al parque nacional Sistema Arrecifal Veracruzano, en el centro del estado de Veracruz de Ignacio de la Llave, y cinco en la zona adyacente a los pol\u00edgonos del \u00e1rea de protecci\u00f3n de flora y fauna Sistema Arrecifal Lobos Tuxpan, en el norte del estado.<\/p>\n\n<p>Aqu\u00ed lo puedes ver y descargar.<\/p>\n\n<div data-wp-interactive=\"core\/file\" class=\"wp-block-file\"><object data-wp-bind--hidden=\"!state.hasPdfPreview\" hidden class=\"wp-block-file__embed\" data=\"https:\/\/www.greenpeace.org\/static\/planet4-mexico-stateless\/2023\/08\/4363e3b2-doc_investigacion_arrecifes_v3.pdf\" type=\"application\/pdf\" style=\"width:100%;height:600px\" aria-label=\"Incrustado de 4363e3b2-doc_investigacion_arrecifes_v3.\"><\/object><a id=\"wp-block-file--media-0558a427-fcfb-4ba1-9ea6-674ded632e52\" href=\"https:\/\/www.greenpeace.org\/static\/planet4-mexico-stateless\/2023\/08\/4363e3b2-doc_investigacion_arrecifes_v3.pdf\">4363e3b2-doc_investigacion_arrecifes_v3<\/a><\/div>\n\n<p>Aqu\u00ed puedes ver\/descargar el reporte en la versi\u00f3n resumen ejecutivo.<\/p>\n\n<div data-wp-interactive=\"core\/file\" class=\"wp-block-file\"><object data-wp-bind--hidden=\"!state.hasPdfPreview\" hidden class=\"wp-block-file__embed\" data=\"https:\/\/www.greenpeace.org\/static\/planet4-mexico-stateless\/2023\/08\/9705c80f-resumen_arrecifes_-final.pdf\" type=\"application\/pdf\" style=\"width:100%;height:600px\" aria-label=\"Incrustado de 9705c80f-resumen_arrecifes_-final.\"><\/object><a id=\"wp-block-file--media-29766978-25ea-4480-a9a6-efa9de73a8bd\" href=\"https:\/\/www.greenpeace.org\/static\/planet4-mexico-stateless\/2023\/08\/9705c80f-resumen_arrecifes_-final.pdf\">9705c80f-resumen_arrecifes_-final<\/a><\/div>\n","protected":false},"excerpt":{"rendered":"<p>Exploraci\u00f3n in\u00e9dita de arrecifes mesof\u00f3ticos en Veracruz por Greenpeace, UV y CICADA revela nuevas estructuras y biodiversidad marina.<\/p>\n","protected":false},"author":63,"featured_media":53367,"comment_status":"open","ping_status":"open","sticky":false,"template":"","format":"standard","meta":{"ep_exclude_from_search":false,"p4_og_title":"Investigaci\u00f3n sobre el estado actual y las amenazas de los ecosistemas arrecifales mesof\u00f3ticos de la costa norte y central del estado de Veracruz, a bordo del barco de Greenpeace, Arctic Sunrise","p4_og_description":"Exploraci\u00f3n in\u00e9dita de arrecifes mesof\u00f3ticos en Veracruz por Greenpeace, UV y CICADA revela nuevas estructuras y biodiversidad marina.","p4_og_image":"https:\/\/www.greenpeace.org\/static\/planet4-mexico-stateless\/2023\/08\/0d873249-image.png","p4_og_image_id":"53367","p4_seo_canonical_url":"","p4_campaign_name":"Protect the Oceans","p4_local_project":"Renewable energy","p4_basket_name":"Climate &amp; Energy","p4_department":"","footnotes":""},"categories":[44],"tags":[53],"p4-page-type":[15],"class_list":["post-53366","post","type-post","status-publish","format-standard","has-post-thumbnail","hentry","category-oceanos","tag-perdida-de-ecosistemas","p4-page-type-investigacion"],"_links":{"self":[{"href":"https:\/\/www.greenpeace.org\/mexico\/wp-json\/wp\/v2\/posts\/53366","targetHints":{"allow":["GET"]}}],"collection":[{"href":"https:\/\/www.greenpeace.org\/mexico\/wp-json\/wp\/v2\/posts"}],"about":[{"href":"https:\/\/www.greenpeace.org\/mexico\/wp-json\/wp\/v2\/types\/post"}],"author":[{"embeddable":true,"href":"https:\/\/www.greenpeace.org\/mexico\/wp-json\/wp\/v2\/users\/63"}],"replies":[{"embeddable":true,"href":"https:\/\/www.greenpeace.org\/mexico\/wp-json\/wp\/v2\/comments?post=53366"}],"version-history":[{"count":3,"href":"https:\/\/www.greenpeace.org\/mexico\/wp-json\/wp\/v2\/posts\/53366\/revisions"}],"predecessor-version":[{"id":55925,"href":"https:\/\/www.greenpeace.org\/mexico\/wp-json\/wp\/v2\/posts\/53366\/revisions\/55925"}],"wp:featuredmedia":[{"embeddable":true,"href":"https:\/\/www.greenpeace.org\/mexico\/wp-json\/wp\/v2\/media\/53367"}],"wp:attachment":[{"href":"https:\/\/www.greenpeace.org\/mexico\/wp-json\/wp\/v2\/media?parent=53366"}],"wp:term":[{"taxonomy":"category","embeddable":true,"href":"https:\/\/www.greenpeace.org\/mexico\/wp-json\/wp\/v2\/categories?post=53366"},{"taxonomy":"post_tag","embeddable":true,"href":"https:\/\/www.greenpeace.org\/mexico\/wp-json\/wp\/v2\/tags?post=53366"},{"taxonomy":"p4-page-type","embeddable":true,"href":"https:\/\/www.greenpeace.org\/mexico\/wp-json\/wp\/v2\/p4-page-type?post=53366"}],"curies":[{"name":"wp","href":"https:\/\/api.w.org\/{rel}","templated":true}]}}