{"id":53554,"date":"2023-11-22T12:58:00","date_gmt":"2023-11-22T17:58:00","guid":{"rendered":"https:\/\/www.greenpeace.org\/mexico\/?p=53554"},"modified":"2025-05-11T23:57:23","modified_gmt":"2025-05-12T04:57:23","slug":"mexico-se-convierte-en-el-pais-24-en-apoyar-la-moratoria-que-frena-el-inicio-la-mineria-submarina","status":"publish","type":"post","link":"https:\/\/www.greenpeace.org\/mexico\/informacion-prensa\/53554\/mexico-se-convierte-en-el-pais-24-en-apoyar-la-moratoria-que-frena-el-inicio-la-mineria-submarina\/","title":{"rendered":"M\u00e9xico se convierte en el pa\u00eds #24 en apoyar la moratoria que frena el inicio la miner\u00eda submarina"},"content":{"rendered":"\n<p><strong>Ciudad de M\u00e9xico (22 de noviembre 2023).-<\/strong> El gobierno de M\u00e9xico, a trav\u00e9s de la Secretar\u00eda de Relaciones Exteriores (SRE) y la Secretar\u00eda de Medio Ambiente y Recursos Naturales (Semarnat), anunci\u00f3 ayer 21 de noviembre su apoyo a una moratoria que frena el inicio de la miner\u00eda en aguas profundas fuera de la jurisdicci\u00f3n nacional.&nbsp;<\/p>\n\n<p>\u201cAnte la urgente necesidad de proteger el patrimonio com\u00fan de la humanidad dadas las crisis ambientales globales, M\u00e9xico, acorde con el principio de precauci\u00f3n y con pleno respeto al derecho internacional, ha decidido apoyar la moratoria de la explotaci\u00f3n del fondo marino en tanto no se tenga la informaci\u00f3n cient\u00edfica suficiente, que brinde certidumbre respecto a los impactos ambientales de esta actividad, que permita contar con normas, reglamentos, procedimientos, est\u00e1ndares y lineamientos que garanticen la protecci\u00f3n eficaz del medio marino contra los potenciales efectos nocivos de estas actividades\u201d, precisaron las dependencias en un comunicado conjunto.&nbsp;<\/p>\n\n<p>Con esta decisi\u00f3n, M\u00e9xico, como miembro del Consejo de la Autoridad Internacional de los Fondos Marinos, adopta una postura firme contra la miner\u00eda en aguas profundas fuera de la jurisdicci\u00f3n nacional y se convierte en <a href=\"https:\/\/savethehighseas.org\/voices-calling-for-a-moratorium-governments-and-parliamentarians\/\">el pa\u00eds n\u00famero 24<\/a> en apoyar una moratoria a esta industria.&nbsp;<\/p>\n\n<p>La moratoria es una herramienta pol\u00edtica que funciona como una prohibici\u00f3n temporal y es la \u00fanica manera responsable de que los Estados cumplan con sus obligaciones establecidas en la Convenci\u00f3n sobre el Derecho del Mar (CONVEMAR) para proteger el medio marino. Su aprobaci\u00f3n es un primer paso en la direcci\u00f3n correcta para asegurar la conservaci\u00f3n y preservaci\u00f3n de las profundidades del oc\u00e9ano. El siguiente paso es que, en el marco de las negociaciones ante la Autoridad Internacional de los Fondos Marinos, el gobierno de M\u00e9xico colabore en la adopci\u00f3n de dicha moratoria a trav\u00e9s de una Pol\u00edtica General, liderada por Chile y Costa Rica. M\u00e9xico mostrar\u00e1 as\u00ed un liderazgo que inspire a otras naciones a contribuir significativamente a la conservaci\u00f3n de los oc\u00e9anos.<\/p>\n\n<p>En septiembre pasado, previo a este posicionamiento, un grupo de activistas voluntarias de Greenpeace M\u00e9xico protestaron de forma pac\u00edfica ante el gran buque minero Hidden Gem, de la minera canadiense The Metals Company, fondeado durante un a\u00f1o en la Bah\u00eda de Manzanillo, Colima. Con esa acci\u00f3n pac\u00edfica, las activistas alertaron sobre la presi\u00f3n por parte de las compa\u00f1\u00edas mineras para explorar la codiciada Zona Clari\u00f3n-Clipperton (ubicada entre M\u00e9xico y Hawaii) y los graves impactos que eso traer\u00eda a la salud del oc\u00e9ano y del planeta.&nbsp;<\/p>\n\n<p>La acci\u00f3n de las activistas fue respaldada por un movimiento global que tan s\u00f3lo en M\u00e9xico cont\u00f3 con el apoyo de 60 mil personas, quienes con su firma exigieron junto con Greenpeace impedir el inicio de la miner\u00eda submarina y que M\u00e9xico adoptara una postura congruente con su obligaci\u00f3n de proteger los ecosistemas marinos tanto en aguas nacionales como internacionales.&nbsp;<\/p>\n\n<p>\u201cCon este anuncio de apoyo a una moratoria, el gobierno de M\u00e9xico env\u00eda un rayo de esperanza para las profundidades marinas y el oc\u00e9ano global, y reconoce la urgente necesidad de proteger nuestros oc\u00e9anos. Aplaudimos que el gobierno busque garantizar la protecci\u00f3n del oc\u00e9ano ante la amenaza de esta industria destructiva, y seguiremos trabajando para que m\u00e1s gobiernos sigan el ejemplo que M\u00e9xico est\u00e1 dando al mundo\u201d, se\u00f1al\u00f3 Ruth Ramos, campa\u00f1ista de \u201cAlto a la miner\u00eda en aguas profundas\u201d en Greenpeace M\u00e9xico.<\/p>\n\n<p>La miner\u00eda en aguas profundas no es aceptable bajo ninguna circunstancia o condici\u00f3n. No hay lugar en un futuro sostenible para esta pr\u00e1ctica. Las profundidades del oc\u00e9ano son muy importantes en la lucha contra el cambio clim\u00e1tico. Absorbe y almacena m\u00e1s del 90% del exceso de calor y aproximadamente el 38% del di\u00f3xido de carbono generado por la humanidad. Arriesgar este delicado sistema durante una emergencia clim\u00e1tica podr\u00eda tener impactos irreversibles en el clima. <a href=\"https:\/\/www.greenpeace.org\/mexico\/tag\/alto-mineria-en-aguas-profundas\/?utm_content=HomepageDSMParticipa230728061212&amp;utm_medium=home&amp;utm_source=greenpeace.org&amp;utm_campaign=mining&amp;hs_resource__c=Fundraising\">Conoce y firma la petici\u00f3n aqu\u00ed<\/a><\/p>\n\n<h2 class=\"wp-block-heading\">Contacto para prensa<\/h2>\n\n<p>Ruth Ramos,\u00a0<br>Campa\u00f1ista Alto a la miner\u00eda en aguas profundas<br>T: +52 5620012869<br>C: <a href=\"mailto:rramos@greenpeace.org\">rramos@greenpeace.org<\/a><\/p>\n","protected":false},"excerpt":{"rendered":"<p>M\u00e9xico se une a 23 pa\u00edses y apoya la moratoria contra la miner\u00eda submarina para proteger el oc\u00e9ano ante su impacto ambiental y falta de regulaci\u00f3n.<\/p>\n","protected":false},"author":43,"featured_media":55865,"comment_status":"open","ping_status":"open","sticky":false,"template":"","format":"standard","meta":{"ep_exclude_from_search":false,"p4_og_title":"M\u00e9xico se convierte en el pa\u00eds #24 en apoyar la moratoria que frena el inicio la miner\u00eda submarina","p4_og_description":"M\u00e9xico se une a 23 pa\u00edses y apoya la moratoria contra la miner\u00eda submarina para proteger el oc\u00e9ano ante su impacto ambiental y falta de regulaci\u00f3n.","p4_og_image":"https:\/\/www.greenpeace.org\/static\/planet4-mexico-stateless\/2025\/05\/6113a852-alto-mineria-aguas-profundas-tmc.jpg","p4_og_image_id":"55865","p4_seo_canonical_url":"","p4_campaign_name":"","p4_local_project":"","p4_basket_name":"","p4_department":"","footnotes":""},"categories":[44],"tags":[65,62],"p4-page-type":[16],"class_list":["post-53554","post","type-post","status-publish","format-standard","has-post-thumbnail","hentry","category-oceanos","tag-mineria-submarina","tag-victorias","p4-page-type-informacion-prensa"],"_links":{"self":[{"href":"https:\/\/www.greenpeace.org\/mexico\/wp-json\/wp\/v2\/posts\/53554","targetHints":{"allow":["GET"]}}],"collection":[{"href":"https:\/\/www.greenpeace.org\/mexico\/wp-json\/wp\/v2\/posts"}],"about":[{"href":"https:\/\/www.greenpeace.org\/mexico\/wp-json\/wp\/v2\/types\/post"}],"author":[{"embeddable":true,"href":"https:\/\/www.greenpeace.org\/mexico\/wp-json\/wp\/v2\/users\/43"}],"replies":[{"embeddable":true,"href":"https:\/\/www.greenpeace.org\/mexico\/wp-json\/wp\/v2\/comments?post=53554"}],"version-history":[{"count":4,"href":"https:\/\/www.greenpeace.org\/mexico\/wp-json\/wp\/v2\/posts\/53554\/revisions"}],"predecessor-version":[{"id":55870,"href":"https:\/\/www.greenpeace.org\/mexico\/wp-json\/wp\/v2\/posts\/53554\/revisions\/55870"}],"wp:featuredmedia":[{"embeddable":true,"href":"https:\/\/www.greenpeace.org\/mexico\/wp-json\/wp\/v2\/media\/55865"}],"wp:attachment":[{"href":"https:\/\/www.greenpeace.org\/mexico\/wp-json\/wp\/v2\/media?parent=53554"}],"wp:term":[{"taxonomy":"category","embeddable":true,"href":"https:\/\/www.greenpeace.org\/mexico\/wp-json\/wp\/v2\/categories?post=53554"},{"taxonomy":"post_tag","embeddable":true,"href":"https:\/\/www.greenpeace.org\/mexico\/wp-json\/wp\/v2\/tags?post=53554"},{"taxonomy":"p4-page-type","embeddable":true,"href":"https:\/\/www.greenpeace.org\/mexico\/wp-json\/wp\/v2\/p4-page-type?post=53554"}],"curies":[{"name":"wp","href":"https:\/\/api.w.org\/{rel}","templated":true}]}}