{"id":53587,"date":"2023-11-29T14:47:53","date_gmt":"2023-11-29T19:47:53","guid":{"rendered":"https:\/\/www.greenpeace.org\/mexico\/?p=53587"},"modified":"2025-06-25T09:36:52","modified_gmt":"2025-06-25T14:36:52","slug":"en-el-marco-de-la-cop28-ongs-urgen-a-mexico-reubicar-a-la-comunidad-de-el-bosque-afectada-por-el-cambio-climatico","status":"publish","type":"post","link":"https:\/\/www.greenpeace.org\/mexico\/informacion-prensa\/53587\/en-el-marco-de-la-cop28-ongs-urgen-a-mexico-reubicar-a-la-comunidad-de-el-bosque-afectada-por-el-cambio-climatico\/","title":{"rendered":"En el marco de la COP28, ONG\u2019s urgen a M\u00e9xico reubicar a la comunidad de El Bosque, afectada por el cambio clim\u00e1tico"},"content":{"rendered":"\n<p><strong>29 de Noviembre de 2023.- <\/strong>La comunidad de El Bosque, en Tabasco, M\u00e9xico, est\u00e1 sufriendo los impactos de la crisis clim\u00e1tica que ha dejado a numerosas familias sin hogar debido a la erosi\u00f3n costera, el aumento del nivel del mar y fen\u00f3menos meteorol\u00f3gicos extremos. Ha pasado m\u00e1s de un a\u00f1o desde que El Bosque convoc\u00f3 a una conferencia de prensa para visibilizar su situaci\u00f3n y exigir una reubicaci\u00f3n justa. A pesar de las promesas y compromisos de las autoridades, la reubicaci\u00f3n no ha ocurrido y la situaci\u00f3n ha empeorado dr\u00e1sticamente.&nbsp;<\/p>\n\n<p>La cronolog\u00eda de eventos muestra un alarmante deterioro en la situaci\u00f3n de la comunidad y la calidad de vida de sus habitantes:<\/p>\n\n<ul class=\"wp-block-list\">\n<li><strong>7 de noviembre de 2022: <\/strong>La comunidad de El Bosque convoca a una conferencia de prensa para destacar los impactos del cambio clim\u00e1tico en su regi\u00f3n y exigir una reubicaci\u00f3n justa para preservar su modo de vida como pescadores.<\/li>\n<\/ul>\n\n<ul class=\"wp-block-list\">\n<li><strong>24 de diciembre de 2022:<\/strong> Un mes y medio despu\u00e9s de la rueda de prensa, la comunidad pierde una tercera&nbsp; l\u00ednea de casas, la escuela primaria y el kinder debido a un nuevo norte que provoca m\u00e1s erosi\u00f3n costera.<\/li>\n<\/ul>\n\n<ul class=\"wp-block-list\">\n<li><strong>6 de febrero de 2023: <\/strong>Durante la conferencia de prensa matutina, el presidente Andr\u00e9s Manuel L\u00f3pez Obrador dirige una solicitud a su gabinete, en espec\u00edfico a Jorge Nu\u00f1o, secretario de Infraestructura, Comunicaciones y Transportes (SICT), para atender la situaci\u00f3n de la comunidad de El Bosque.<\/li>\n<\/ul>\n\n<ul class=\"wp-block-list\">\n<li><strong>14 de abril de 2023:<\/strong> La comunidad inicia el proceso de reubicaci\u00f3n presentando solicitudes para acceder al <em>programa de vivienda social<\/em> de SEDATU\/CONAVI en la modalidad de relocalizaci\u00f3n de personas.<\/li>\n<\/ul>\n\n<ul class=\"wp-block-list\">\n<li><strong>1 de noviembre de 2023:<\/strong> Un nuevo norte impacta a El Bosque, inundando la comunidad y obligando a las personas a ser trasladadas a refugios temporales. M\u00e1s casas se vuelven inhabitables, dejando a varias familias sin hogar.<\/li>\n<\/ul>\n\n<ul class=\"wp-block-list\">\n<li><strong>29 de noviembre de 2023:<\/strong> El proceso de reubicaci\u00f3n se encuentra en manos de la consejer\u00eda jur\u00eddica del estado, que debe realizar el tr\u00e1mite de cambio de uso de suelo ante el Congreso del Estado para el terreno que fue asignado como donaci\u00f3n federal para reubicar a la comunidad. Este proceso lleva m\u00e1s de 6 meses sin ser atendido con la celeridad necesaria. Sin este tr\u00e1mite, SEDATU\/CONAVI no pueden iniciar la construcci\u00f3n de las viviendas.<\/li>\n<\/ul>\n\n<figure class=\"wp-block-image size-large\"><img loading=\"lazy\" decoding=\"async\" width=\"1024\" height=\"683\" src=\"https:\/\/www.greenpeace.org\/static\/planet4-mexico-stateless\/2025\/04\/2dfb2862-reubicacion-el-bosque-1024x683.jpg\" title=\"Habitante de la comunidad El Bosque sostiene una manta que dice \u201cEl bosque sigue esperando #Reubicaci\u00f3nYa\u201d, entre restos y da\u00f1os por el desplazamiento clim\u00e1tico.\" alt=\"Habitante de la comunidad El Bosque sostiene una manta que dice \u201cEl bosque sigue esperando #Reubicaci\u00f3nYa\u201d, entre restos y da\u00f1os por el desplazamiento clim\u00e1tico.\" class=\"wp-image-55653\" srcset=\"https:\/\/www.greenpeace.org\/static\/planet4-mexico-stateless\/2025\/04\/2dfb2862-reubicacion-el-bosque-1024x683.jpg 1024w, https:\/\/www.greenpeace.org\/static\/planet4-mexico-stateless\/2025\/04\/2dfb2862-reubicacion-el-bosque-300x200.jpg 300w, https:\/\/www.greenpeace.org\/static\/planet4-mexico-stateless\/2025\/04\/2dfb2862-reubicacion-el-bosque-768x512.jpg 768w, https:\/\/www.greenpeace.org\/static\/planet4-mexico-stateless\/2025\/04\/2dfb2862-reubicacion-el-bosque-1536x1025.jpg 1536w, https:\/\/www.greenpeace.org\/static\/planet4-mexico-stateless\/2025\/04\/2dfb2862-reubicacion-el-bosque-510x340.jpg 510w\" sizes=\"auto, (max-width: 1024px) 100vw, 1024px\" \/><\/figure>\n\n<p>Aunque la reubicaci\u00f3n es viable y cuenta con recursos disponibles para llevarse a cabo, \u00e9sta no ha ocurrido por obst\u00e1culos burocr\u00e1ticos, espec\u00edficamente por la lentitud en los tr\u00e1mites entre el Gobierno de Tabasco y el Instituto de Administraci\u00f3n y Aval\u00faos de Bienes Nacionales (Indaabin). Esta situaci\u00f3n es inaceptable. Es necesario responsabilizar a quienes han trabado este proceso y que hoy tienen la responsabilidad de dar respuesta a una comunidad que necesita urgentemente ser reubicada.&nbsp;<\/p>\n\n<p>En estos momentos, la consejer\u00eda jur\u00eddica del estado de Tabasco tiene en sus manos la decisi\u00f3n de que el tr\u00e1mite avance. Es urgente que este tr\u00e1mite se lleve a cabo porque&nbsp; necesita la aprobaci\u00f3n del Congreso de Tabasco. Urgimos que este tr\u00e1mite se realice antes del 15 de diciembre, cuando concluye el periodo ordinario de sesiones del Congreso Estatal.&nbsp;<\/p>\n\n<p>La comunidad de El Bosque en Tabasco es un caso ic\u00f3nico de desplazamiento clim\u00e1tico interno y de los impactos desproporcionados e injustos del cambio clim\u00e1tico a las poblaciones altamente vulnerables.&nbsp;<\/p>\n\n<p>Es importante poner el foco en&nbsp; la comunidad de El Bosque en v\u00edsperas del inicio de la COP28 porque son estos el tipo de casos que se han buscado resolver y prevenir desde que comenzaron estas conferencias y donde claramente M\u00e9xico y el mundo han quedado cortos en sus acciones. En esta COP se discutir\u00e1 la instrumentaci\u00f3n de un mecanismo de p\u00e9rdidas y da\u00f1os para canalizar recursos para financiar las p\u00e9rdidas econ\u00f3micas, sociales, ambientales, culturales, entre otras, de comunidades afectadas por las consecuencias del cambio clim\u00e1tico.&nbsp;<\/p>\n\n<p>Casos como el de El Bosque con el rostro y la voz de estas \u201cp\u00e9rdidas y da\u00f1os\u201d. La delegaci\u00f3n de M\u00e9xico tiene la responsabilidad de resolver localmente este tipo de casos y asegurarse que su voz y sus exigencias est\u00e9n presentes en la elaboraci\u00f3n del mecanismo, as\u00ed como abordar r\u00e1pidamente y efectivamente la situaci\u00f3n de reubicaci\u00f3n de la comunidad de El Bosque y garantizar pol\u00edticas p\u00fablicas efectivas de adaptaci\u00f3n al cambio clim\u00e1tico para atender a cualquier comunidad que enfrente desaf\u00edos similares.<\/p>\n\n<p>Hacemos un llamado a Carlos Manuel Merino Campos, gobernador constitucional del estado de Tabasco (encargado de impulsar la reubicaci\u00f3n); a Mauro Winzig Negr\u00edn, titular del Instituto de Protecci\u00f3n Civil del Estado de Tabasco (encargado de brindar albergue temporal en el corto y mediano plazo para las familias que han perdido su hogar); a Karla Cantoral Dom\u00ednguez, Coordinadora General de Asuntos Jur\u00eddicos del estado de Tabasco (encargada de elaborar el proyecto para modificar el uso de suelo del terreno donde se construir\u00e1n las casas) y a los diputados y diputadas del Congreso de Tabasco (encargados de aprobar el cambio de uso de suelo del terreno para su urbanizaci\u00f3n y construcci\u00f3n de viviendas), responsables de atender el caso, a hacer uso de sus facultades para responder de forma expedita en favor de una comunidad que est\u00e1 vi\u00e9ndose fuertemente impactada por la lentitud burocr\u00e1tica y la falta de voluntad.&nbsp;<\/p>\n\n<p><strong>Contactos<\/strong><\/p>\n\n<div class=\"wp-block-group is-layout-constrained wp-block-group-is-layout-constrained\">\n<p>Conexiones Clim\u00e1ticas&nbsp;<\/p>\n\n\n\n<p>Mariana Rodr\u00edguez &#8211; <a href=\"mailto:mariana@conexionesclimaticas.org\">mariana@conexionesclimaticas.org<\/a> &#8211; 951 113 5013<\/p>\n\n\n\n<p>Greenpeace<\/p>\n\n\n\n<p>Pablo Ram\u00edrez &#8211; <a href=\"mailto:pablo.ramirez@greenpeace.org\">pablo.ramirez@greenpeace.org<\/a> &#8211; 55 5402 3017<\/p>\n\n\n\n<p>Nuestro Futuro&nbsp;<\/p>\n\n\n\n<p>Oscar Mendoza &#8211; <a href=\"mailto:oscar@nuestrofuturo.mx\">oscar@nuestrofuturo.mx<\/a> &#8211; 55 2653 1444<\/p>\n<\/div>\n","protected":false},"excerpt":{"rendered":"<p>ONGs exigen a M\u00e9xico reubicar urgentemente a El Bosque, Tabasco, comunidad desplazada por el cambio clim\u00e1tico y afectada por la inacci\u00f3n del gobierno.<\/p>\n","protected":false},"author":77,"featured_media":55848,"comment_status":"open","ping_status":"open","sticky":false,"template":"","format":"standard","meta":{"ep_exclude_from_search":false,"p4_og_title":"En el marco de la COP28, ONG\u2019s urgen a M\u00e9xico reubicar a la comunidad de El Bosque, afectada por el cambio clim\u00e1tico","p4_og_description":"ONGs exigen a M\u00e9xico reubicar urgentemente a El Bosque, Tabasco, comunidad desplazada por el cambio clim\u00e1tico y afectada por la inacci\u00f3n del gobierno.","p4_og_image":"https:\/\/www.greenpeace.org\/static\/planet4-mexico-stateless\/2025\/05\/669e2f9b-el-bosque-tabasco-reubicacion.jpg","p4_og_image_id":"55848","p4_seo_canonical_url":"","p4_campaign_name":"","p4_local_project":"","p4_basket_name":"","p4_department":"","footnotes":""},"categories":[39],"tags":[64,47],"p4-page-type":[16],"class_list":["post-53587","post","type-post","status-publish","format-standard","has-post-thumbnail","hentry","category-clima-y-energia","tag-desplazamiento-climatico","tag-cambio-climatico","p4-page-type-informacion-prensa"],"_links":{"self":[{"href":"https:\/\/www.greenpeace.org\/mexico\/wp-json\/wp\/v2\/posts\/53587","targetHints":{"allow":["GET"]}}],"collection":[{"href":"https:\/\/www.greenpeace.org\/mexico\/wp-json\/wp\/v2\/posts"}],"about":[{"href":"https:\/\/www.greenpeace.org\/mexico\/wp-json\/wp\/v2\/types\/post"}],"author":[{"embeddable":true,"href":"https:\/\/www.greenpeace.org\/mexico\/wp-json\/wp\/v2\/users\/77"}],"replies":[{"embeddable":true,"href":"https:\/\/www.greenpeace.org\/mexico\/wp-json\/wp\/v2\/comments?post=53587"}],"version-history":[{"count":4,"href":"https:\/\/www.greenpeace.org\/mexico\/wp-json\/wp\/v2\/posts\/53587\/revisions"}],"predecessor-version":[{"id":58108,"href":"https:\/\/www.greenpeace.org\/mexico\/wp-json\/wp\/v2\/posts\/53587\/revisions\/58108"}],"wp:featuredmedia":[{"embeddable":true,"href":"https:\/\/www.greenpeace.org\/mexico\/wp-json\/wp\/v2\/media\/55848"}],"wp:attachment":[{"href":"https:\/\/www.greenpeace.org\/mexico\/wp-json\/wp\/v2\/media?parent=53587"}],"wp:term":[{"taxonomy":"category","embeddable":true,"href":"https:\/\/www.greenpeace.org\/mexico\/wp-json\/wp\/v2\/categories?post=53587"},{"taxonomy":"post_tag","embeddable":true,"href":"https:\/\/www.greenpeace.org\/mexico\/wp-json\/wp\/v2\/tags?post=53587"},{"taxonomy":"p4-page-type","embeddable":true,"href":"https:\/\/www.greenpeace.org\/mexico\/wp-json\/wp\/v2\/p4-page-type?post=53587"}],"curies":[{"name":"wp","href":"https:\/\/api.w.org\/{rel}","templated":true}]}}