{"id":53614,"date":"2023-12-05T13:06:22","date_gmt":"2023-12-05T18:06:22","guid":{"rendered":"https:\/\/www.greenpeace.org\/mexico\/?p=53614"},"modified":"2025-05-02T15:25:52","modified_gmt":"2025-05-02T20:25:52","slug":"greenpeace-pone-fin-a-su-protesta-en-el-oceano-pacifico-para-detener-la-mineria-en-aguas-profundas","status":"publish","type":"post","link":"https:\/\/www.greenpeace.org\/mexico\/informacion-prensa\/53614\/greenpeace-pone-fin-a-su-protesta-en-el-oceano-pacifico-para-detener-la-mineria-en-aguas-profundas\/","title":{"rendered":"Greenpeace pone fin a su protesta en el Oc\u00e9ano Pac\u00edfico para detener la miner\u00eda en aguas profundas"},"content":{"rendered":"\n<p><strong>Oc\u00e9ano Pac\u00edfico Oriental, 5 de diciembre de 2023 &#8211;<\/strong> Activistas de Greenpeace International llevaron a cabo la primera o<strong>cupaci\u00f3n contra la miner\u00eda en aguas profundas <\/strong>como parte de una protesta de casi dos semanas en el <strong>Oc\u00e9ano Pac\u00edfico<\/strong>. Con una serie de acciones pac\u00edficas, <strong>Greenpeace<\/strong> protest\u00f3 durante casi la mitad de la expedici\u00f3n programada de <strong>The Metals Company (TMC)<\/strong> y gan\u00f3 una <a href=\"https:\/\/www.greenpeace.org\/mexico\/noticia\/53593\/el-tribunal-confirma-el-derecho-de-greenpeace-a-protestar-pacificamente-y-la-protesta-de-activistas-contra-la-mineria-en-aguas-profundas-que-lleva-200-horas-en-el-pacifico-continua\/\">sentencia hist\u00f3rica por protestas pac\u00edficas<\/a>.<\/p>\n\n<figure class=\"wp-block-image size-large\"><img loading=\"lazy\" decoding=\"async\" width=\"1024\" height=\"683\" src=\"https:\/\/www.greenpeace.org\/static\/planet4-mexico-stateless\/2025\/04\/2bbbc70f-mineria-aguas-profundas-1024x683.jpg\" title=\"Activistas en kayak sostienen una pancarta que dice &quot;Alto a la Miner\u00eda en Aguas Profundas&quot;.\" alt=\"Activistas en kayak sostienen una pancarta que dice &quot;Alto a la Miner\u00eda en Aguas Profundas&quot;.\" class=\"wp-image-55574\" srcset=\"https:\/\/www.greenpeace.org\/static\/planet4-mexico-stateless\/2025\/04\/2bbbc70f-mineria-aguas-profundas-1024x683.jpg 1024w, https:\/\/www.greenpeace.org\/static\/planet4-mexico-stateless\/2025\/04\/2bbbc70f-mineria-aguas-profundas-300x200.jpg 300w, https:\/\/www.greenpeace.org\/static\/planet4-mexico-stateless\/2025\/04\/2bbbc70f-mineria-aguas-profundas-768x512.jpg 768w, https:\/\/www.greenpeace.org\/static\/planet4-mexico-stateless\/2025\/04\/2bbbc70f-mineria-aguas-profundas-510x340.jpg 510w, https:\/\/www.greenpeace.org\/static\/planet4-mexico-stateless\/2025\/04\/2bbbc70f-mineria-aguas-profundas.jpg 1200w\" sizes=\"auto, (max-width: 1024px) 100vw, 1024px\" \/><\/figure>\n\n<p>El jueves pasado, un tribunal holand\u00e9s <strong>rechaz\u00f3 en gran medida una solicitud de una empresa minera de aguas profundas para emitir una orden judicial contra las protestas de Greenpeace Internacional<\/strong>, afirmando que es &#8220;comprensible&#8221; que la organizaci\u00f3n haya recurrido a acciones directas ante las &#8220;consecuencias posiblemente muy graves&#8221; de los planes de la empresa. De esta manera, el fallo neg\u00f3 la solicitud de TMC de impedir que las y los activistas se encontraran en un radio de 500 metros de distancia del MV Coco pero les pidi\u00f3 que lo desembarcaran, lo que hicieron dentro de los 45 minutos posteriores a la entrada del fallo.<\/p>\n\n<p>Aunque <a href=\"https:\/\/investors.metals.co\/news-releases\/news-release-details\/dutch-court-orders-greenpeace-protesters-nori-research-vessel\">inicialmente acogi\u00f3 con agrado la sentencia y destac\u00f3 su respeto por el derecho de Greenpeace a protestar pac\u00edficamente<\/a>, NORI, una subsidiaria de propiedad total de TMC, ha dicho que tiene la intenci\u00f3n de apelar la sentencia. Tambi\u00e9n<a href=\"https:\/\/www.theguardian.com\/environment\/2023\/dec\/02\/deep-sea-miners-turn-water-hoses-on-greenpeace-activists-in-the-pacific?CMP=Share_iOSApp_Other\"> abrieron mangueras contra los y las activistas<\/a> cuando, de acuerdo con \u00f3rdenes judiciales, mantuvieron su presencia con dos peque\u00f1os botes, interrumpiendo los planes del barco de recopilar los datos necesarios para emitir la primera solicitud comercial para explotar los oc\u00e9anos.<\/p>\n\n<p>Las y los activistas pusieron fin a la protesta despu\u00e9s de colgar una pancarta de 11 metros de largo en el MV Coco con una demanda final de &#8220;Detener la miner\u00eda en aguas profundas&#8221;. Los botes permanecieron alrededor del barco durante otras 12 horas el 4 de diciembre.<\/p>\n\n<p>Louisa Casson, campa\u00f1ista de &#8220;Alto a la miner\u00eda en aguas profundas&#8221; a bordo del Arctic Sunrise, dijo: &#8220;Esto no termina aqu\u00ed. The Metals Company afirma p\u00fablicamente respetar nuestro derecho a protestar, pero no cuando interfiere con lo que realmente les importa: las ganancias. Las y los activistas no deber\u00edan ser los \u00fanicos que impidan que la industria saquee el fondo marino. Los gobiernos deben escuchar a la ciencia y al p\u00fablico y establecer una moratoria global que mantenga la \u00faltima frontera intacta fuera de los l\u00edmites de la miner\u00eda en aguas profundas.<\/p>\n\n<p>\u201cCuando la compa\u00f1\u00eda no se sali\u00f3 con la suya en los tribunales, tomaron el asunto en sus propias manos y comenzaron a usar mangueras contra incendios de alta presi\u00f3n en un intento de mantener alejados a nuestros botes. No nos desanimamos\u201d.<\/p>\n\n<p>&#8220;Estamos decididos a seguir llamando la atenci\u00f3n del p\u00fablico sobre esta peligrosa industria y su comportamiento agresivo no nos impedir\u00e1 seguir perturbando sus planes hasta que la miner\u00eda en aguas profundas est\u00e9 fuera de la mesa&#8221;.<\/p>\n\n<p>Se puede acceder a fotos y v\u00eddeos desde la<a href=\"https:\/\/media.greenpeace.org\/Detail\/27MZIFJFRTWNU\"> biblioteca multimedia de Greenpeace.<\/a><\/p>\n\n<p><strong>Contacto:<\/strong><\/p>\n\n<p>Louisa Casson, campa\u00f1ista de Alto a la miner\u00eda en aguas profundas de Greenpeace Internacional. WhatsApp: +44 7772 304063, <a href=\"mailto:louisa.casson@greenpeace.org\">louisa.casson@greenpeace.org<\/a><\/p>\n\n<p>Ornela Garelli, campa\u00f1ista de Oc\u00e9anos de Greenpeace M\u00e9xico. Cel: 5529604058<\/p>\n","protected":false},"excerpt":{"rendered":"<p>Greenpeace finaliza protesta en el Pac\u00edfico contra miner\u00eda en aguas profundas, tras acciones pac\u00edficas y una sentencia hist\u00f3rica que respalda el derecho a protestar.<\/p>\n","protected":false},"author":29,"featured_media":55574,"comment_status":"open","ping_status":"open","sticky":false,"template":"","format":"standard","meta":{"ep_exclude_from_search":false,"p4_og_title":"Greenpeace pone fin a su protesta en el Oc\u00e9ano Pac\u00edfico para detener la miner\u00eda en aguas profundas","p4_og_description":"Greenpeace finaliza protesta en el Pac\u00edfico contra miner\u00eda en aguas profundas, tras acciones pac\u00edficas y una sentencia hist\u00f3rica que respalda el derecho a protestar.","p4_og_image":"https:\/\/www.greenpeace.org\/static\/planet4-mexico-stateless\/2025\/04\/2bbbc70f-mineria-aguas-profundas.jpg","p4_og_image_id":"55574","p4_seo_canonical_url":"","p4_campaign_name":"","p4_local_project":"","p4_basket_name":"","p4_department":"","footnotes":""},"categories":[44],"tags":[21,65],"p4-page-type":[16],"class_list":["post-53614","post","type-post","status-publish","format-standard","has-post-thumbnail","hentry","category-oceanos","tag-activismo","tag-mineria-submarina","p4-page-type-informacion-prensa"],"_links":{"self":[{"href":"https:\/\/www.greenpeace.org\/mexico\/wp-json\/wp\/v2\/posts\/53614","targetHints":{"allow":["GET"]}}],"collection":[{"href":"https:\/\/www.greenpeace.org\/mexico\/wp-json\/wp\/v2\/posts"}],"about":[{"href":"https:\/\/www.greenpeace.org\/mexico\/wp-json\/wp\/v2\/types\/post"}],"author":[{"embeddable":true,"href":"https:\/\/www.greenpeace.org\/mexico\/wp-json\/wp\/v2\/users\/29"}],"replies":[{"embeddable":true,"href":"https:\/\/www.greenpeace.org\/mexico\/wp-json\/wp\/v2\/comments?post=53614"}],"version-history":[{"count":3,"href":"https:\/\/www.greenpeace.org\/mexico\/wp-json\/wp\/v2\/posts\/53614\/revisions"}],"predecessor-version":[{"id":55740,"href":"https:\/\/www.greenpeace.org\/mexico\/wp-json\/wp\/v2\/posts\/53614\/revisions\/55740"}],"wp:featuredmedia":[{"embeddable":true,"href":"https:\/\/www.greenpeace.org\/mexico\/wp-json\/wp\/v2\/media\/55574"}],"wp:attachment":[{"href":"https:\/\/www.greenpeace.org\/mexico\/wp-json\/wp\/v2\/media?parent=53614"}],"wp:term":[{"taxonomy":"category","embeddable":true,"href":"https:\/\/www.greenpeace.org\/mexico\/wp-json\/wp\/v2\/categories?post=53614"},{"taxonomy":"post_tag","embeddable":true,"href":"https:\/\/www.greenpeace.org\/mexico\/wp-json\/wp\/v2\/tags?post=53614"},{"taxonomy":"p4-page-type","embeddable":true,"href":"https:\/\/www.greenpeace.org\/mexico\/wp-json\/wp\/v2\/p4-page-type?post=53614"}],"curies":[{"name":"wp","href":"https:\/\/api.w.org\/{rel}","templated":true}]}}