{"id":53670,"date":"2023-12-18T20:04:10","date_gmt":"2023-12-19T01:04:10","guid":{"rendered":"https:\/\/www.greenpeace.org\/mexico\/?p=53670"},"modified":"2025-06-25T09:36:49","modified_gmt":"2025-06-25T14:36:49","slug":"seguimos-luchando-por-la-selva-maya","status":"publish","type":"post","link":"https:\/\/www.greenpeace.org\/mexico\/blog\/53670\/seguimos-luchando-por-la-selva-maya\/","title":{"rendered":"Seguimos luchando por la Selva Maya"},"content":{"rendered":"\n<p>La Selva Maya es el pulm\u00f3n verde de M\u00e9xico. Hoy su existencia enfrenta una amenaza cancer\u00edgena. Desde 2018, las promesas vac\u00edas del gobierno han dejado atr\u00e1s m\u00e1s de<strong> 10 millones de \u00e1rboles talados y casi 7000 hect\u00e1reas de selva perdidas.<\/strong> El Tren Maya avanza a marcha forzada, sin consideraci\u00f3n, sin las debidas evaluaciones ambientales, amenazando a las comunidades ind\u00edgenas y a la biodiversidad \u00fanica de la regi\u00f3n.<\/p>\n\n<figure class=\"wp-block-image size-full\"><img loading=\"lazy\" decoding=\"async\" width=\"711\" height=\"400\" src=\"https:\/\/www.greenpeace.org\/static\/planet4-mexico-stateless\/2022\/06\/02529acc-tren-maya-tramo-5-sur_.jpg\" title=\"Maquinaria pesada trabajando en zona deforestada de la selva durante la construcci\u00f3n del tramo 5 del Tren Maya.\" alt=\"Deforestaci\u00f3n causada por la construcci\u00f3n del Tren Maya.\" class=\"wp-image-50974\" srcset=\"https:\/\/www.greenpeace.org\/static\/planet4-mexico-stateless\/2022\/06\/02529acc-tren-maya-tramo-5-sur_.jpg 711w, https:\/\/www.greenpeace.org\/static\/planet4-mexico-stateless\/2022\/06\/02529acc-tren-maya-tramo-5-sur_-300x169.jpg 300w, https:\/\/www.greenpeace.org\/static\/planet4-mexico-stateless\/2022\/06\/02529acc-tren-maya-tramo-5-sur_-510x287.jpg 510w\" sizes=\"auto, (max-width: 711px) 100vw, 711px\" \/><figcaption class=\"wp-element-caption\">Deforestaci\u00f3n causada por la construcci\u00f3n del Tren Maya.<\/figcaption><\/figure>\n\n<p>Los p\u00e1jaros y jaguares se han visto silenciados por el rugir de las motosierras incesantes. La construcci\u00f3n sin escr\u00fapulos amenaza contaminar el agua de millones de personas, pues en esta parte del pa\u00eds est\u00e1 la reserva subterr\u00e1nea m\u00e1s grande de agua. Por su parte, la Reserva de la Bi\u00f3sfera de Calakmul, una extensi\u00f3n arb\u00f3rea de belleza sublime, ahora est\u00e1 amenazada por la proliferaci\u00f3n de proyectos inmobiliarios irresponsables que podr\u00edan alcanzar niveles insostenibles.<\/p>\n\t\t\t<section\n\t\t\tclass=\"boxout  \"\n\t\t\t\n\t\t>\n\t\t\t<a\n\t\t\t\tdata-ga-category=\"Take Action Boxout\"\n\t\t\t\tdata-ga-action=\"Image\"\n\t\t\t\tdata-ga-label=\"n\/a\"\n\t\t\t\tclass=\"cover-card-overlay\"\n\t\t\t\thref=\"https:\/\/act.gp\/3tfjNDv\" target=\"_blank\"\n\t\t\t><\/a>\n\t\t\t\t\t\t\t<img\n\t\t\t\t\t\tsrc=\"https:\/\/www.greenpeace.org\/static\/planet4-mexico-stateless\/2022\/07\/471d4643-gp1sy9df_-1024x576.jpg\"\n\t\t\t\t\t\tsrcset=\"https:\/\/www.greenpeace.org\/static\/planet4-mexico-stateless\/2022\/07\/471d4643-gp1sy9df_-300x169.jpg 300w, https:\/\/www.greenpeace.org\/static\/planet4-mexico-stateless\/2022\/07\/471d4643-gp1sy9df_-1024x576.jpg 1024w, https:\/\/www.greenpeace.org\/static\/planet4-mexico-stateless\/2022\/07\/471d4643-gp1sy9df_-768x432.jpg 768w, https:\/\/www.greenpeace.org\/static\/planet4-mexico-stateless\/2022\/07\/471d4643-gp1sy9df_-510x287.jpg 510w, https:\/\/www.greenpeace.org\/static\/planet4-mexico-stateless\/2022\/07\/471d4643-gp1sy9df_.jpg 1200w\"\n\t\t\t\t\t\tsizes=\"(min-width: 1000px) 358px, (min-width: 780px) 313px, 88px\"\n\t\t\t\t\t\talt=\"\" title=\"\"\n\t\t\t\t\/>\n            \t\t\t<div class=\"boxout-content\">\n\t\t\t\t\t\t\t\t\t<a\n\t\t\t\t\t\tclass=\"boxout-heading medium\"\n\t\t\t\t\t\tdata-ga-category=\"Take Action Boxout\"\n\t\t\t\t\t\tdata-ga-action=\"Title\"\n\t\t\t\t\t\tdata-ga-label=\"n\/a\"\n\t\t\t\t\t\thref=\"https:\/\/act.gp\/3tfjNDv\"\n\t\t\t\t\t\ttarget=\"_blank\"\n\t\t\t\t\t>\n\t\t\t\t\t\tFirma para proteger la Selva Maya\n\t\t\t\t\t<\/a>\n\t\t\t\t\t\t\t\t\t\t\t\t\t<p class=\"boxout-excerpt\"><strong>La destrucci\u00f3n de la Selva Maya se puede detener<\/strong>, pero te necesitamos para conseguirlo.<\/p>\n\t\t\t\t                                    <a\n                        class=\"btn btn-primary\"\n                        data-ga-category=\"Take Action Boxout\"\n                        data-ga-action=\"Call to Action\"\n                        data-ga-label=\"n\/a\"\n                        href=\"https:\/\/act.gp\/3tfjNDv\"\n                        target=\"_blank\"\n                    >\n                        \u00danete aqu\u00ed\n                    <\/a>\n                \t\t\t<\/div>\n\t\t\t\t\t<\/section>\n\t\n<h2 class=\"wp-block-heading\">La resistencia de las comunidades ind\u00edgenas<\/h2>\n\n<p>Cientos de familias ind\u00edgenas que durante siglos han sido respetuosas y protectoras de su entorno, han sido desplazadas a causa de esta obra. Sin embargo, no todo est\u00e1 perdido. Hay una resistencia que inspira. A pesar de la adversidad, muchas comunidades se mantienen firmes y han estado exigiendo un alto a la destrucci\u00f3n, demostr\u00e1ndonos que hay alternativas m\u00e1s justas y amigables con el ambiente. <strong>La Selva Maya no est\u00e1 sola; necesita de nuestra solidaridad y acci\u00f3n. A\u00fan hay esperanza, y la esperanza es verde.<\/strong><\/p>\n<div data-hydrate=\"planet4-blocks\/gallery\" data-attributes=\"{&quot;attributes&quot;:{&quot;gallery_block_description&quot;:&quot;Fotos capturadas en la Reserva de la Bi\\u00f3sfera de Calakmul.&quot;,&quot;multiple_image&quot;:&quot;53671,53672,53673&quot;,&quot;gallery_block_focus_points&quot;:&quot;{\\&quot;undefined\\&quot;:\\&quot;53% 45%\\&quot;}&quot;,&quot;image_data&quot;:[{&quot;url&quot;:&quot;https:\\\/\\\/www.greenpeace.org\\\/static\\\/planet4-mexico-stateless\\\/2023\\\/12\\\/beae8192-flora-y-fauna-calakmul_greenpeace_robin-canul-56-scaled.jpg&quot;,&quot;focalPoint&quot;:{&quot;x&quot;:0.5,&quot;y&quot;:0.5},&quot;id&quot;:53671},{&quot;url&quot;:&quot;https:\\\/\\\/www.greenpeace.org\\\/static\\\/planet4-mexico-stateless\\\/2023\\\/12\\\/ae56829d-flora-y-fauna-calakmul_greenpeace_robin-canul-43-scaled.jpg&quot;,&quot;focalPoint&quot;:{&quot;x&quot;:0.5,&quot;y&quot;:0.5},&quot;id&quot;:53672},{&quot;url&quot;:&quot;https:\\\/\\\/www.greenpeace.org\\\/static\\\/planet4-mexico-stateless\\\/2023\\\/12\\\/a8be14d6-flora-y-fauna-calakmul_greenpeace_robin-canul-2-scaled.jpg&quot;,&quot;focalPoint&quot;:{&quot;x&quot;:0.5,&quot;y&quot;:0.5},&quot;id&quot;:53673}],&quot;gallery_block_style&quot;:0,&quot;gallery_block_title&quot;:&quot;&quot;,&quot;images&quot;:[{&quot;image_src&quot;:&quot;https:\\\/\\\/www.greenpeace.org\\\/static\\\/planet4-mexico-stateless\\\/2023\\\/12\\\/beae8192-flora-y-fauna-calakmul_greenpeace_robin-canul-56-scaled.jpg&quot;,&quot;image_srcset&quot;:&quot;https:\\\/\\\/www.greenpeace.org\\\/static\\\/planet4-mexico-stateless\\\/2023\\\/12\\\/beae8192-flora-y-fauna-calakmul_greenpeace_robin-canul-56-scaled.jpg 2560w, https:\\\/\\\/www.greenpeace.org\\\/static\\\/planet4-mexico-stateless\\\/2023\\\/12\\\/beae8192-flora-y-fauna-calakmul_greenpeace_robin-canul-56-300x200.jpg 300w, https:\\\/\\\/www.greenpeace.org\\\/static\\\/planet4-mexico-stateless\\\/2023\\\/12\\\/beae8192-flora-y-fauna-calakmul_greenpeace_robin-canul-56-1024x684.jpg 1024w, https:\\\/\\\/www.greenpeace.org\\\/static\\\/planet4-mexico-stateless\\\/2023\\\/12\\\/beae8192-flora-y-fauna-calakmul_greenpeace_robin-canul-56-768x513.jpg 768w, https:\\\/\\\/www.greenpeace.org\\\/static\\\/planet4-mexico-stateless\\\/2023\\\/12\\\/beae8192-flora-y-fauna-calakmul_greenpeace_robin-canul-56-1536x1026.jpg 1536w, https:\\\/\\\/www.greenpeace.org\\\/static\\\/planet4-mexico-stateless\\\/2023\\\/12\\\/beae8192-flora-y-fauna-calakmul_greenpeace_robin-canul-56-2048x1368.jpg 2048w, https:\\\/\\\/www.greenpeace.org\\\/static\\\/planet4-mexico-stateless\\\/2023\\\/12\\\/beae8192-flora-y-fauna-calakmul_greenpeace_robin-canul-56-2045x1366.jpg 2045w, https:\\\/\\\/www.greenpeace.org\\\/static\\\/planet4-mexico-stateless\\\/2023\\\/12\\\/beae8192-flora-y-fauna-calakmul_greenpeace_robin-canul-56-510x340.jpg 510w&quot;,&quot;image_sizes&quot;:false,&quot;alt_text&quot;:&quot;&quot;,&quot;caption&quot;:&quot;ragrahrth&quot;,&quot;focus_image&quot;:&quot;&quot;,&quot;credits&quot;:&quot;&quot;},{&quot;image_src&quot;:&quot;https:\\\/\\\/www.greenpeace.org\\\/static\\\/planet4-mexico-stateless\\\/2023\\\/12\\\/ae56829d-flora-y-fauna-calakmul_greenpeace_robin-canul-43-scaled.jpg&quot;,&quot;image_srcset&quot;:&quot;https:\\\/\\\/www.greenpeace.org\\\/static\\\/planet4-mexico-stateless\\\/2023\\\/12\\\/ae56829d-flora-y-fauna-calakmul_greenpeace_robin-canul-43-scaled.jpg 2560w, https:\\\/\\\/www.greenpeace.org\\\/static\\\/planet4-mexico-stateless\\\/2023\\\/12\\\/ae56829d-flora-y-fauna-calakmul_greenpeace_robin-canul-43-300x200.jpg 300w, https:\\\/\\\/www.greenpeace.org\\\/static\\\/planet4-mexico-stateless\\\/2023\\\/12\\\/ae56829d-flora-y-fauna-calakmul_greenpeace_robin-canul-43-1024x684.jpg 1024w, https:\\\/\\\/www.greenpeace.org\\\/static\\\/planet4-mexico-stateless\\\/2023\\\/12\\\/ae56829d-flora-y-fauna-calakmul_greenpeace_robin-canul-43-768x513.jpg 768w, https:\\\/\\\/www.greenpeace.org\\\/static\\\/planet4-mexico-stateless\\\/2023\\\/12\\\/ae56829d-flora-y-fauna-calakmul_greenpeace_robin-canul-43-1536x1026.jpg 1536w, https:\\\/\\\/www.greenpeace.org\\\/static\\\/planet4-mexico-stateless\\\/2023\\\/12\\\/ae56829d-flora-y-fauna-calakmul_greenpeace_robin-canul-43-2048x1368.jpg 2048w, https:\\\/\\\/www.greenpeace.org\\\/static\\\/planet4-mexico-stateless\\\/2023\\\/12\\\/ae56829d-flora-y-fauna-calakmul_greenpeace_robin-canul-43-2045x1366.jpg 2045w, https:\\\/\\\/www.greenpeace.org\\\/static\\\/planet4-mexico-stateless\\\/2023\\\/12\\\/ae56829d-flora-y-fauna-calakmul_greenpeace_robin-canul-43-510x340.jpg 510w&quot;,&quot;image_sizes&quot;:false,&quot;alt_text&quot;:&quot;Mono ara\\u00f1a en la selva maya en M\\u00e9xico&quot;,&quot;caption&quot;:&quot;thrsthrt&quot;,&quot;focus_image&quot;:&quot;&quot;,&quot;credits&quot;:&quot;&quot;},{&quot;image_src&quot;:&quot;https:\\\/\\\/www.greenpeace.org\\\/static\\\/planet4-mexico-stateless\\\/2023\\\/12\\\/a8be14d6-flora-y-fauna-calakmul_greenpeace_robin-canul-2-scaled.jpg&quot;,&quot;image_srcset&quot;:&quot;https:\\\/\\\/www.greenpeace.org\\\/static\\\/planet4-mexico-stateless\\\/2023\\\/12\\\/a8be14d6-flora-y-fauna-calakmul_greenpeace_robin-canul-2-scaled.jpg 2560w, https:\\\/\\\/www.greenpeace.org\\\/static\\\/planet4-mexico-stateless\\\/2023\\\/12\\\/a8be14d6-flora-y-fauna-calakmul_greenpeace_robin-canul-2-300x200.jpg 300w, https:\\\/\\\/www.greenpeace.org\\\/static\\\/planet4-mexico-stateless\\\/2023\\\/12\\\/a8be14d6-flora-y-fauna-calakmul_greenpeace_robin-canul-2-1024x684.jpg 1024w, https:\\\/\\\/www.greenpeace.org\\\/static\\\/planet4-mexico-stateless\\\/2023\\\/12\\\/a8be14d6-flora-y-fauna-calakmul_greenpeace_robin-canul-2-768x513.jpg 768w, https:\\\/\\\/www.greenpeace.org\\\/static\\\/planet4-mexico-stateless\\\/2023\\\/12\\\/a8be14d6-flora-y-fauna-calakmul_greenpeace_robin-canul-2-1536x1026.jpg 1536w, https:\\\/\\\/www.greenpeace.org\\\/static\\\/planet4-mexico-stateless\\\/2023\\\/12\\\/a8be14d6-flora-y-fauna-calakmul_greenpeace_robin-canul-2-2048x1368.jpg 2048w, https:\\\/\\\/www.greenpeace.org\\\/static\\\/planet4-mexico-stateless\\\/2023\\\/12\\\/a8be14d6-flora-y-fauna-calakmul_greenpeace_robin-canul-2-2045x1366.jpg 2045w, https:\\\/\\\/www.greenpeace.org\\\/static\\\/planet4-mexico-stateless\\\/2023\\\/12\\\/a8be14d6-flora-y-fauna-calakmul_greenpeace_robin-canul-2-510x340.jpg 510w&quot;,&quot;image_sizes&quot;:false,&quot;alt_text&quot;:&quot;&quot;,&quot;caption&quot;:&quot;hsrthtsh&quot;,&quot;focus_image&quot;:&quot;&quot;,&quot;credits&quot;:&quot;&quot;}]}}\"><section class=\"block carousel-wrap \"><p class=\"page-section-description\">Fotos capturadas en la Reserva de la Bi\u00f3sfera de Calakmul.<\/p><\/section><\/div>\n<h3 class=\"wp-block-heading\">La urgencia de actuar juntos<\/h3>\n\n<p>Hoy, te instamos a unirte a la lucha. <a href=\"https:\/\/act.gp\/484cDB5\" target=\"_blank\" rel=\"noreferrer noopener\">Tu donaci\u00f3n<\/a> proteger\u00e1 el pulm\u00f3n verde de M\u00e9xico. Comparte esta llamada de emergencia para dar voz a la Selva Maya. Cada acci\u00f3n cuenta en la batalla por preservar este tesoro natural del que tambi\u00e9n depende nuestra propia existencia.<\/p>\n\n<p>Juntos, salvemos la Selva Maya y aseguremos que su verdor siga respirando vida para las futuras generaciones.<\/p>\n\t\t\t<section\n\t\t\tclass=\"boxout  \"\n\t\t\t\n\t\t>\n\t\t\t<a\n\t\t\t\tdata-ga-category=\"Take Action Boxout\"\n\t\t\t\tdata-ga-action=\"Image\"\n\t\t\t\tdata-ga-label=\"n\/a\"\n\t\t\t\tclass=\"cover-card-overlay\"\n\t\t\t\thref=\"https:\/\/act.gp\/484cDB5\" target=\"_blank\"\n\t\t\t><\/a>\n\t\t\t\t\t\t\t<img\n\t\t\t\t\t\tsrc=\"https:\/\/www.greenpeace.org\/static\/planet4-mexico-stateless\/2022\/05\/cf9f080e-gp1sx8d4_web_size_with_credit_line.jpg\"\n\t\t\t\t\t\tsrcset=\"https:\/\/www.greenpeace.org\/static\/planet4-mexico-stateless\/2022\/05\/cf9f080e-gp1sx8d4_web_size_with_credit_line-300x200.jpg 300w, https:\/\/www.greenpeace.org\/static\/planet4-mexico-stateless\/2022\/05\/cf9f080e-gp1sx8d4_web_size_with_credit_line-768x512.jpg 768w, https:\/\/www.greenpeace.org\/static\/planet4-mexico-stateless\/2022\/05\/cf9f080e-gp1sx8d4_web_size_with_credit_line-510x340.jpg 510w, https:\/\/www.greenpeace.org\/static\/planet4-mexico-stateless\/2022\/05\/cf9f080e-gp1sx8d4_web_size_with_credit_line.jpg 800w\"\n\t\t\t\t\t\tsizes=\"(min-width: 1000px) 358px, (min-width: 780px) 313px, 88px\"\n\t\t\t\t\t\talt=\"\" title=\"\"\n\t\t\t\t\/>\n            \t\t\t<div class=\"boxout-content\">\n\t\t\t\t\t\t\t\t\t<a\n\t\t\t\t\t\tclass=\"boxout-heading medium\"\n\t\t\t\t\t\tdata-ga-category=\"Take Action Boxout\"\n\t\t\t\t\t\tdata-ga-action=\"Title\"\n\t\t\t\t\t\tdata-ga-label=\"n\/a\"\n\t\t\t\t\t\thref=\"https:\/\/act.gp\/484cDB5\"\n\t\t\t\t\t\ttarget=\"_blank\"\n\t\t\t\t\t>\n\t\t\t\t\t\tDona por la defensa de la Selva Maya\n\t\t\t\t\t<\/a>\n\t\t\t\t\t\t\t\t\t\t\t\t\t<p class=\"boxout-excerpt\">La conservaci\u00f3n de la selva maya es una responsabilidad de todas y todos.<\/p>\n\t\t\t\t                                    <a\n                        class=\"btn btn-primary\"\n                        data-ga-category=\"Take Action Boxout\"\n                        data-ga-action=\"Call to Action\"\n                        data-ga-label=\"n\/a\"\n                        href=\"https:\/\/act.gp\/484cDB5\"\n                        target=\"_blank\"\n                    >\n                        Dona aqu\u00ed\n                    <\/a>\n                \t\t\t<\/div>\n\t\t\t\t\t<\/section>\n\t","protected":false},"excerpt":{"rendered":"<p>El Tren Maya amenaza la Selva Maya: deforestaci\u00f3n, desplazamiento ind\u00edgena y destrucci\u00f3n ambiental. S\u00famate a la lucha por proteger este pulm\u00f3n verde.<\/p>\n","protected":false},"author":35,"featured_media":53163,"comment_status":"open","ping_status":"open","sticky":false,"template":"","format":"standard","meta":{"ep_exclude_from_search":false,"p4_og_title":"Seguimos luchando por la Selva Maya","p4_og_description":"El Tren Maya amenaza la Selva Maya: deforestaci\u00f3n, desplazamiento ind\u00edgena y destrucci\u00f3n ambiental. S\u00famate a la lucha por proteger este pulm\u00f3n verde.","p4_og_image":"https:\/\/www.greenpeace.org\/static\/planet4-mexico-stateless\/2023\/08\/cf9f080e-gp1sx8d4_web_size_with_credit_line.jpg","p4_og_image_id":"53163","p4_seo_canonical_url":"","p4_campaign_name":"","p4_local_project":"","p4_basket_name":"","p4_department":"","footnotes":""},"categories":[40],"tags":[59,19,61],"p4-page-type":[14],"class_list":["post-53670","post","type-post","status-publish","format-standard","has-post-thumbnail","hentry","category-selva-maya","tag-tren-maya","tag-deforestacion","tag-donacion","p4-page-type-blog"],"_links":{"self":[{"href":"https:\/\/www.greenpeace.org\/mexico\/wp-json\/wp\/v2\/posts\/53670","targetHints":{"allow":["GET"]}}],"collection":[{"href":"https:\/\/www.greenpeace.org\/mexico\/wp-json\/wp\/v2\/posts"}],"about":[{"href":"https:\/\/www.greenpeace.org\/mexico\/wp-json\/wp\/v2\/types\/post"}],"author":[{"embeddable":true,"href":"https:\/\/www.greenpeace.org\/mexico\/wp-json\/wp\/v2\/users\/35"}],"replies":[{"embeddable":true,"href":"https:\/\/www.greenpeace.org\/mexico\/wp-json\/wp\/v2\/comments?post=53670"}],"version-history":[{"count":6,"href":"https:\/\/www.greenpeace.org\/mexico\/wp-json\/wp\/v2\/posts\/53670\/revisions"}],"predecessor-version":[{"id":58103,"href":"https:\/\/www.greenpeace.org\/mexico\/wp-json\/wp\/v2\/posts\/53670\/revisions\/58103"}],"wp:featuredmedia":[{"embeddable":true,"href":"https:\/\/www.greenpeace.org\/mexico\/wp-json\/wp\/v2\/media\/53163"}],"wp:attachment":[{"href":"https:\/\/www.greenpeace.org\/mexico\/wp-json\/wp\/v2\/media?parent=53670"}],"wp:term":[{"taxonomy":"category","embeddable":true,"href":"https:\/\/www.greenpeace.org\/mexico\/wp-json\/wp\/v2\/categories?post=53670"},{"taxonomy":"post_tag","embeddable":true,"href":"https:\/\/www.greenpeace.org\/mexico\/wp-json\/wp\/v2\/tags?post=53670"},{"taxonomy":"p4-page-type","embeddable":true,"href":"https:\/\/www.greenpeace.org\/mexico\/wp-json\/wp\/v2\/p4-page-type?post=53670"}],"curies":[{"name":"wp","href":"https:\/\/api.w.org\/{rel}","templated":true}]}}