{"id":53858,"date":"2024-02-25T15:13:23","date_gmt":"2024-02-25T20:13:23","guid":{"rendered":"https:\/\/www.greenpeace.org\/mexico\/?p=53858"},"modified":"2025-06-25T09:36:45","modified_gmt":"2025-06-25T14:36:45","slug":"oceanos-sin-plasticos-vamos-por-iniciativa-legislativa-antiplasticos","status":"publish","type":"post","link":"https:\/\/www.greenpeace.org\/mexico\/informacion-prensa\/53858\/oceanos-sin-plasticos-vamos-por-iniciativa-legislativa-antiplasticos\/","title":{"rendered":"\u00a1Oc\u00e9anos Sin Pl\u00e1sticos! Vamos por iniciativa legislativa antipl\u00e1sticos"},"content":{"rendered":"\n<ul class=\"wp-block-list\">\n<li>&#8220;Oc\u00e9anos Sin Pl\u00e1sticos&#8221; busca movilizaci\u00f3n masiva por la protecci\u00f3n de los animales marinos, la salud humana y el medioambiente.\u00a0<\/li>\n\n\n\n<li>Plantea una iniciativa ciudadana para reformar la Ley General para la Prevenci\u00f3n y Gesti\u00f3n Integral de los Residuos.<\/li>\n<\/ul>\n\n<figure class=\"wp-block-image size-full\"><img loading=\"lazy\" decoding=\"async\" width=\"1024\" height=\"683\" src=\"https:\/\/www.greenpeace.org\/static\/planet4-mexico-stateless\/2025\/04\/5f00c8f6-oceanos-sin-plasticos-cdmx.jpg\" title=\"Activista de Grrenpeace M\u00e9xico exigen oc\u00e9anos sin pl\u00e1sticos.\" alt=\"Activista de Grrenpeace M\u00e9xico exigen oc\u00e9anos sin pl\u00e1sticos.\" class=\"wp-image-55643\" srcset=\"https:\/\/www.greenpeace.org\/static\/planet4-mexico-stateless\/2025\/04\/5f00c8f6-oceanos-sin-plasticos-cdmx.jpg 1024w, https:\/\/www.greenpeace.org\/static\/planet4-mexico-stateless\/2025\/04\/5f00c8f6-oceanos-sin-plasticos-cdmx-300x200.jpg 300w, https:\/\/www.greenpeace.org\/static\/planet4-mexico-stateless\/2025\/04\/5f00c8f6-oceanos-sin-plasticos-cdmx-768x512.jpg 768w, https:\/\/www.greenpeace.org\/static\/planet4-mexico-stateless\/2025\/04\/5f00c8f6-oceanos-sin-plasticos-cdmx-510x340.jpg 510w\" sizes=\"auto, (max-width: 1024px) 100vw, 1024px\" \/><figcaption><div class=\"credit icon-left\"> \u00a9 Gustavo Graf \/ Greenpeace<\/div><\/figcaption><\/figure>\n\n<p><strong>Ciudad de M\u00e9xico (25 de febrero de 2024)<\/strong>.- Con un posicionamiento p\u00fablico afuera del Senado de la Rep\u00fablica y otras actividades que se replicaron en 15 ciudades del pa\u00eds, Greenpeace M\u00e9xico lanz\u00f3 la campa\u00f1a \u201cOc\u00e9anos sin pl\u00e1sticos. Detengamos a las empresas contaminantes\u201d.<\/p>\n\n<p>El objetivo de esta campa\u00f1a es lograr una movilizaci\u00f3n masiva por la protecci\u00f3n de los oc\u00e9anos a trav\u00e9s del impulso de una iniciativa ciudadana que frene la contaminaci\u00f3n por pl\u00e1sticos en M\u00e9xico.&nbsp;<\/p>\n\n<p>Greenpeace M\u00e9xico invita a la gente a respaldar con su firma una propuesta ciudadana para reformar la Ley General para la Prevenci\u00f3n y Gesti\u00f3n Integral de los Residuos (LGPGIR). Esta iniciativa pone el foco en la responsabilidad de las empresas y en prohibir los productos pl\u00e1sticos de un solo uso que generan residuos.&nbsp;<\/p>\n\n<p>Hasta ahora, la legislaci\u00f3n sobre residuos en el pa\u00eds no cuenta con los elementos necesarios para revertir esta situaci\u00f3n; al contrario, su enfoque se centra en las ganancias econ\u00f3micas y en la gesti\u00f3n de los residuos como una mercanc\u00eda. Esta situaci\u00f3n ha impedido que la LGPGIR sea capaz de atender la emergencia ambiental y de salud p\u00fablica que los desechos pl\u00e1sticos han provocado en nuestro pa\u00eds.&nbsp;<\/p>\n\n<p>Se estima que 55% de las aves marinas, 70% de los mam\u00edferos y 100% de las tortugas marinas han ingerido o se han enredado con pl\u00e1sticos. La contaminaci\u00f3n pl\u00e1stica tambi\u00e9n afecta la salud humana: nuestra agua potable, los alimentos y la sal de mar contienen micropl\u00e1sticos que estamos consumiendo, incluso el aire que respiramos tiene part\u00edculas pl\u00e1sticas que inhalamos. En M\u00e9xico, 75% de las muestras de agua tomadas (bebederos y embotellada) ten\u00edan fibras de pl\u00e1sticos, de acuerdo con un estudio de la Universidad de Minnesota.<\/p>\n\n<p>La iniciativa antipl\u00e1sticos que impulsa Greenpeace est\u00e1 centrada en reforzar el car\u00e1cter preventivo y de reducci\u00f3n de los residuos por encima de un modelo econ\u00f3mico de gesti\u00f3n que incentiva su producci\u00f3n, para lo cual se establece una jerarqu\u00eda en su manejo que prioriza medidas y pol\u00edticas p\u00fablicas orientadas a prevenir su generaci\u00f3n.<\/p>\n\n<p>Entre las medidas que se proponen en la iniciativa est\u00e1 la prohibici\u00f3n de los pl\u00e1sticos de un solo uso en todo el territorio nacional; facultar a las entidades federativas a llevar a cabo acciones de prevenci\u00f3n de residuos, como pueden ser las prohibiciones; establecer la obligaci\u00f3n de generar esquemas de re\u00faso y de reutilizaci\u00f3n de envases y contenedores; y plantear programas que impulsen la venta a granel de los productos alimenticios y de limpieza dom\u00e9stica y de higiene personal.<\/p>\n\n<p>Tambi\u00e9n se propone incluir la figura de Responsabilidad Extendida del Productor (REP) para obligar a que las empresas fabricantes de los productos se responsabilicen de dise\u00f1arlos de tal manera que no se conviertan en residuos contaminantes y se hagan cargo de su gesti\u00f3n sin afectar la salud ni el ambiente. La propuesta tambi\u00e9n plantea quitar de la ley las falsas soluciones para la eliminaci\u00f3n de residuos, como quemarlos para usarlos como combustible, ya que esto solo empeora la crisis ambiental y exacerba la producci\u00f3n de m\u00e1s basura.<\/p>\n\n<p>Las iniciativas ciudadanas son una herramienta democr\u00e1tica que contribuye a que las personas ejerzan su derecho a participar e incidir en los asuntos p\u00fablicos del pa\u00eds m\u00e1s all\u00e1 de las votaciones electorales.<\/p>\n\n<p>\u201cAnte la crisis de basura pl\u00e1stica es inaplazable que la legislaci\u00f3n de residuos ponga en el centro los derechos humanos, la justicia ambiental y la salud, como est\u00e1 establecido en esta Iniciativa ciudadana antipl\u00e1sticos\u201d, explic\u00f3 la campa\u00f1ista de Oc\u00e9anos Sin Pl\u00e1sticos de Greenpeace, Ornela Garelli.<\/p>\n\n<p>\u201cPor a\u00f1os, desde la sociedad civil hemos buscado una reforma a la LGPGIR que no se ha logrado debido a la colusi\u00f3n entre el poder econ\u00f3mico y el poder pol\u00edtico, donde legisladoras y legisladores han priorizado los intereses de la industria pl\u00e1stica por encima del medio ambiente y las personas, es hora de que el poder legislativo haga su trabajo y para eso el poder de la gente, a trav\u00e9s de la iniciativa ciudadana, les reforzar\u00e1 este mandato\u201d, agreg\u00f3.<\/p>\n\n<p>En este llamado se suman a Greenpeace otras organizaciones de la sociedad civil.&nbsp; \u201cEsta iniciativa antipl\u00e1sticos, lanzada por Greenpeace, y que estaremos promoviendo juntas, es hist\u00f3rica, ya que con ella se podr\u00e1 defender, desde un ejercicio ciudadano democr\u00e1tico, un marco regulatorio para el tema de residuos que evite su generaci\u00f3n y que tenga una visi\u00f3n de protecci\u00f3n a la salud, al ambiente y a los derechos humanos, en lugar de que proteja, como hasta ahora, solo los intereses econ\u00f3micos de las empresas, la industria y el mal gobierno\u201d se\u00f1al\u00f3 Marisa Jacott, directora de Fronteras Comunes y parte de la Colectiva Malditos Pl\u00e1sticos.&nbsp;<\/p>\n\n<p>Para presentar esta propuesta ciudadana al Congreso de la Uni\u00f3n, Greenpeace M\u00e9xico necesita reunir al menos <strong>200 mil firmas<\/strong>, las cuales se estar\u00e1n recabando en m\u00f3dulos llamados \u201cpuntos azules\u201d que se instalar\u00e1n en diversos puntos de la Ciudad de M\u00e9xico y otras ciudades al interior de la Rep\u00fablica.&nbsp;<\/p>\n\n<p>En su sitio web greenpeace.mx se pueden consultar las ubicaciones y fechas de eventos para la colecta de firmas.<\/p>\n\n<p><strong><a href=\"https:\/\/www.greenpeace.org\/mexico\/\">M\u00e1s informaci\u00f3n<\/a><\/strong> <\/p>\n\n<p><strong><a href=\"https:\/\/www.greenpeace.org\/mexico\/blog\/53800\/consigamos-200-mil-firmas-por-oceanos-sin-plasticos\/\">Une tu firma a la iniciativa<\/a><\/strong><\/p>\n\n<p><strong><a href=\"https:\/\/actua.greenpeace.org.mx\/carta-abierta-oceanos-sin-plasticos?utm_content=CarruselOceanosSinPlasticos240225073815&amp;utm_medium=home&amp;utm_source=greenpeace.org&amp;utm_campaign=plastic%20pollution&amp;hs_resource__c=Fundraising\">Firma la carta abierta<\/a><\/strong><\/p>\n\n<p><strong>Contacto de prensa:<\/strong><\/p>\n\n<p>Prensa Greenpeace M\u00e9xico<\/p>\n\n<p>Cel: 5540845320<\/p>\n\n<p>Correo: prx@greenpeace.org<\/p>\n\n<p>Ornela Garelli, campa\u00f1ista Oc\u00e9anos Sin Pl\u00e1sticos<\/p>\n\n<p>Cel: 5529604068&nbsp;<\/p>\n\n<p>Correo: <a href=\"mailto:ogarelli@greenpeace.org\">ogarelli@greenpeace.org<\/a><\/p>\n","protected":false},"excerpt":{"rendered":"<p>Greenpeace lanza iniciativa ciudadana para reformar ley y frenar la contaminaci\u00f3n pl\u00e1stica que da\u00f1a oc\u00e9anos, salud humana y medioambiente.<\/p>\n","protected":false},"author":29,"featured_media":55643,"comment_status":"open","ping_status":"open","sticky":false,"template":"","format":"standard","meta":{"ep_exclude_from_search":false,"p4_og_title":"","p4_og_description":"Greenpeace lanza iniciativa ciudadana para reformar ley y frenar la contaminaci\u00f3n pl\u00e1stica que da\u00f1a oc\u00e9anos, salud humana y medioambiente.","p4_og_image":"https:\/\/www.greenpeace.org\/static\/planet4-mexico-stateless\/2025\/04\/5f00c8f6-oceanos-sin-plasticos-cdmx.jpg","p4_og_image_id":"55643","p4_seo_canonical_url":"","p4_campaign_name":"","p4_local_project":"","p4_basket_name":"","p4_department":"","footnotes":""},"categories":[45],"tags":[68,48],"p4-page-type":[16],"class_list":["post-53858","post","type-post","status-publish","format-standard","has-post-thumbnail","hentry","category-plasticos","tag-mexico-sin-plasticos","tag-salud","p4-page-type-informacion-prensa"],"_links":{"self":[{"href":"https:\/\/www.greenpeace.org\/mexico\/wp-json\/wp\/v2\/posts\/53858","targetHints":{"allow":["GET"]}}],"collection":[{"href":"https:\/\/www.greenpeace.org\/mexico\/wp-json\/wp\/v2\/posts"}],"about":[{"href":"https:\/\/www.greenpeace.org\/mexico\/wp-json\/wp\/v2\/types\/post"}],"author":[{"embeddable":true,"href":"https:\/\/www.greenpeace.org\/mexico\/wp-json\/wp\/v2\/users\/29"}],"replies":[{"embeddable":true,"href":"https:\/\/www.greenpeace.org\/mexico\/wp-json\/wp\/v2\/comments?post=53858"}],"version-history":[{"count":4,"href":"https:\/\/www.greenpeace.org\/mexico\/wp-json\/wp\/v2\/posts\/53858\/revisions"}],"predecessor-version":[{"id":58097,"href":"https:\/\/www.greenpeace.org\/mexico\/wp-json\/wp\/v2\/posts\/53858\/revisions\/58097"}],"wp:featuredmedia":[{"embeddable":true,"href":"https:\/\/www.greenpeace.org\/mexico\/wp-json\/wp\/v2\/media\/55643"}],"wp:attachment":[{"href":"https:\/\/www.greenpeace.org\/mexico\/wp-json\/wp\/v2\/media?parent=53858"}],"wp:term":[{"taxonomy":"category","embeddable":true,"href":"https:\/\/www.greenpeace.org\/mexico\/wp-json\/wp\/v2\/categories?post=53858"},{"taxonomy":"post_tag","embeddable":true,"href":"https:\/\/www.greenpeace.org\/mexico\/wp-json\/wp\/v2\/tags?post=53858"},{"taxonomy":"p4-page-type","embeddable":true,"href":"https:\/\/www.greenpeace.org\/mexico\/wp-json\/wp\/v2\/p4-page-type?post=53858"}],"curies":[{"name":"wp","href":"https:\/\/api.w.org\/{rel}","templated":true}]}}