{"id":53909,"date":"2024-03-11T13:29:10","date_gmt":"2024-03-11T18:29:10","guid":{"rendered":"https:\/\/www.greenpeace.org\/mexico\/?p=53909"},"modified":"2025-06-25T09:36:44","modified_gmt":"2025-06-25T14:36:44","slug":"activistas-al-rescate-ante-el-desafio-urgente-de-los-microplasticos","status":"publish","type":"post","link":"https:\/\/www.greenpeace.org\/mexico\/blog\/53909\/activistas-al-rescate-ante-el-desafio-urgente-de-los-microplasticos\/","title":{"rendered":"\u00a1Activistas al rescate ante el desaf\u00edo urgente de los micropl\u00e1sticos!"},"content":{"rendered":"\n<figure class=\"wp-block-image size-full\"><img loading=\"lazy\" decoding=\"async\" width=\"1200\" height=\"900\" src=\"https:\/\/www.greenpeace.org\/static\/planet4-mexico-stateless\/2025\/04\/35f2df02-microplasticos.jpg\" title=\"Mano sosteniendo varios micropl\u00e1sticos recogidos de la arena en una playa de Galicia, visibilizando la contaminaci\u00f3n pl\u00e1stica en el entorno natural.\" alt=\"Restos de micropl\u00e1sticos encontrados en la Costa Gallega.\" class=\"wp-image-55592\" srcset=\"https:\/\/www.greenpeace.org\/static\/planet4-mexico-stateless\/2025\/04\/35f2df02-microplasticos.jpg 1200w, https:\/\/www.greenpeace.org\/static\/planet4-mexico-stateless\/2025\/04\/35f2df02-microplasticos-300x225.jpg 300w, https:\/\/www.greenpeace.org\/static\/planet4-mexico-stateless\/2025\/04\/35f2df02-microplasticos-1024x768.jpg 1024w, https:\/\/www.greenpeace.org\/static\/planet4-mexico-stateless\/2025\/04\/35f2df02-microplasticos-768x576.jpg 768w, https:\/\/www.greenpeace.org\/static\/planet4-mexico-stateless\/2025\/04\/35f2df02-microplasticos-453x340.jpg 453w\" sizes=\"auto, (max-width: 1200px) 100vw, 1200px\" \/><figcaption class=\"wp-element-caption\">Millones de perdigones, peque\u00f1as bolitas blancas de pl\u00e1stico, han inundado las costas gallegas en las \u00faltimas semanas. Varios contenedores del buque liberiano Toconao cayeron al mar en diciembre; uno de ellos estaba cargado con sacos de perdigones. Algunas bolsas pudieron recogerse intactas, pero muchas estaban rotas y ahora hay millones de diminutas bolitas de pl\u00e1stico esparcidas por la costa gallega, causando un desastre ecol\u00f3gico.<div class=\"credit icon-left\">  \u00a9 Greenpeace \/ Manoel Santos<\/div><\/figcaption><\/figure>\n\n<p>Comencemos con las malas noticias, la producci\u00f3n mundial de pl\u00e1stico se ha duplicado en los \u00faltimos 20 a\u00f1os (EARTHDAY.ORC, 2023, p\u00e1g. 18), consecuentemente en la actualidad flotan en los oc\u00e9anos unos 5,25 trillones de estos desechos, lo que equivale aproximadamente a 656 veces m\u00e1s pl\u00e1stico en el oc\u00e9ano que personas en la Tierra (Eriksen et al., 2024). <\/p>\n\n<p>Los \u00faltimos hallazgos cient\u00edficos revelan que la descomposici\u00f3n de pl\u00e1sticos m\u00e1s grandes y la mala gesti\u00f3n de residuos, entre otros factores, contribuyen a la formaci\u00f3n de \u201c<strong>micropl\u00e1sticos<\/strong>\u201d. Diminutos fragmentos de pl\u00e1stico, con un tama\u00f1o de alrededor de 5 mil\u00edmetros (Aldana, 2022), estos pl\u00e1sticos&nbsp; se encuentran ahora en todas partes e incluso dentro de nuestro cuerpo. Esta situaci\u00f3n representa un peligro a nivel mundial, y especialmente para los pa\u00edses de bajos y medianos ingresos que enfrentan una carga significativa de contaminaci\u00f3n pl\u00e1stica.<\/p>\n\n<figure class=\"wp-block-image size-full\"><img loading=\"lazy\" decoding=\"async\" width=\"1200\" height=\"800\" src=\"https:\/\/www.greenpeace.org\/static\/planet4-mexico-stateless\/2025\/04\/c7d453a9-residuos-microplasticos.jpg\" title=\"Imagen de producto de microperlas\/micropl\u00e1sticos que se encontraron en productos cosm\u00e9ticos procedentes de Alemania y que fueron filtrados.\" alt=\"Imagen de producto de microperlas\/micropl\u00e1sticos que se encontraron en productos cosm\u00e9ticos procedentes de Alemania y que fueron filtrados.\" class=\"wp-image-55594\" srcset=\"https:\/\/www.greenpeace.org\/static\/planet4-mexico-stateless\/2025\/04\/c7d453a9-residuos-microplasticos.jpg 1200w, https:\/\/www.greenpeace.org\/static\/planet4-mexico-stateless\/2025\/04\/c7d453a9-residuos-microplasticos-300x200.jpg 300w, https:\/\/www.greenpeace.org\/static\/planet4-mexico-stateless\/2025\/04\/c7d453a9-residuos-microplasticos-1024x683.jpg 1024w, https:\/\/www.greenpeace.org\/static\/planet4-mexico-stateless\/2025\/04\/c7d453a9-residuos-microplasticos-768x512.jpg 768w, https:\/\/www.greenpeace.org\/static\/planet4-mexico-stateless\/2025\/04\/c7d453a9-residuos-microplasticos-510x340.jpg 510w\" sizes=\"auto, (max-width: 1200px) 100vw, 1200px\" \/><figcaption class=\"wp-element-caption\">Im\u00e1genes de estudio de varios productos pl\u00e1sticos, incluyendo microesferas en productos cosm\u00e9ticos alemanes. Muchos productos en todo el mundo contienen pl\u00e1stico. Los micropl\u00e1sticos son demasiado peque\u00f1os para filtrarse de las aguas residuales. <div class=\"credit icon-left\"> \u00a9 Fred Dott \/ Greenpeace<\/div><\/figcaption><\/figure>\n\n<h2 class=\"wp-block-heading\">La campa\u00f1a &#8220;Oc\u00e9anos sin pl\u00e1sticos&#8221; y el rol crucial de los activistas<\/h2>\n\n<p>Este a\u00f1o, Greenpeace M\u00e9xico lanz\u00f3 la campa\u00f1a &#8220;<strong>Oc\u00e9anos sin pl\u00e1sticos<\/strong>&#8221; para movilizar y actuar a favor de una iniciativa ciudadana que entre otras cosas busca: prohibir productos pl\u00e1sticos de un solo uso, promover la prevenci\u00f3n de residuos, fomentar la reutilizaci\u00f3n y reducir la generaci\u00f3n de desechos pl\u00e1sticos.&nbsp;<\/p>\n\n<p>El <strong>papel de los(as) activistas, y el tuyo, es crucial <\/strong>en esta causa<strong>. <\/strong>Aunque al principio puedas desconocer a fondo el tema de los micropl\u00e1sticos, una vez que descubras su impacto y los riesgos asociados a la salud, sabr\u00e1s que se trata de una situaci\u00f3n urgente e inaplazable. Todos(as)&nbsp; podemos ser agentes de cambio e inspirar a m\u00e1s personas en este llamado. Los peligros de los micropl\u00e1sticos, como ahora ver\u00e1s, <strong>requieren de nuestra colaboraci\u00f3n y acci\u00f3n conjunta.<\/strong><\/p>\n\n<figure class=\"wp-block-image size-large\"><img loading=\"lazy\" decoding=\"async\" width=\"1024\" height=\"683\" src=\"https:\/\/www.greenpeace.org\/static\/planet4-mexico-stateless\/2025\/04\/cbf9052a-oceanos-sin-plasticos-mexico-1024x683.jpg\" title=\"Activistas de Greenpeace protestan por oc\u00e9anos sin pl\u00e1sticos con pancartas y una tortuga gigante como s\u00edmbolo de fauna marina afectada.\" alt=\"Lanzamiento de campa\u00f1a Oc\u00e9anos sin Pl\u00e1sticos enfrente del Senado de la Rep\u00fablica en Ciudad de M\u00e9xico. \" class=\"wp-image-55596\" srcset=\"https:\/\/www.greenpeace.org\/static\/planet4-mexico-stateless\/2025\/04\/cbf9052a-oceanos-sin-plasticos-mexico-1024x683.jpg 1024w, https:\/\/www.greenpeace.org\/static\/planet4-mexico-stateless\/2025\/04\/cbf9052a-oceanos-sin-plasticos-mexico-300x200.jpg 300w, https:\/\/www.greenpeace.org\/static\/planet4-mexico-stateless\/2025\/04\/cbf9052a-oceanos-sin-plasticos-mexico-768x513.jpg 768w, https:\/\/www.greenpeace.org\/static\/planet4-mexico-stateless\/2025\/04\/cbf9052a-oceanos-sin-plasticos-mexico-510x340.jpg 510w, https:\/\/www.greenpeace.org\/static\/planet4-mexico-stateless\/2025\/04\/cbf9052a-oceanos-sin-plasticos-mexico.jpg 1536w\" sizes=\"auto, (max-width: 1024px) 100vw, 1024px\" \/><figcaption class=\"wp-element-caption\">Lanzamiento de campa\u00f1a Oc\u00e9anos sin Pl\u00e1sticos enfrente del Senado de la Rep\u00fablica en Ciudad de M\u00e9xico. <\/figcaption><\/figure>\n\n<h2 class=\"wp-block-heading\">Impacto de los micropl\u00e1sticos en la vida marina y en la salud humana<\/h2>\n\n<p>La contaminaci\u00f3n por pl\u00e1sticos tiene graves consecuencias en la <strong>vida marina<\/strong>, afectando a mam\u00edferos marinos, peces y crust\u00e1ceos. Seg\u00fan 156 estudios, 71 de las 123 especies de mam\u00edferos marinos han sufrido interacciones con el pl\u00e1stico (Tekman <em>et al.<\/em>, 2022). Por ejemplo, en un an\u00e1lisis de m\u00e1s de 100 tortugas marinas, se encontraron micropl\u00e1sticos en el est\u00f3mago de cada una de ellas (Schutes, 2022).&nbsp;<\/p>\n\n<p>Desgraciadamente todas las especies marinas corren riesgos de <strong>intoxicaci\u00f3n, trastornos del comportamiento, inanici\u00f3n <\/strong>(falta prolongada de alimento)<strong> y asfixia <\/strong>debido a la contaminaci\u00f3n por pl\u00e1sticos (United Nations Environment Programme, 2021).&nbsp; El da\u00f1o ocurre de diferentes maneras, por ejemplo, cuando un animal consume micropl\u00e1sticos por accidente o porque lo confunde con alimento puede causar obstrucciones intestinales o lesiones, lo que resulta en una disminuci\u00f3n de la absorci\u00f3n de alimentos o incluso la muerte (Tekman <em>et al.<\/em> 2022).&nbsp;<\/p>\n\n<figure class=\"wp-block-image aligncenter size-full is-resized\"><img loading=\"lazy\" decoding=\"async\" width=\"1200\" height=\"800\" src=\"https:\/\/www.greenpeace.org\/static\/planet4-mexico-stateless\/2025\/04\/0ce86d2b-animales-microplasticos.jpg\" title=\"Frailecillos con pl\u00e1sticos en sus picos.\" alt=\"Frailecillos con pl\u00e1sticos en sus picos.\" class=\"wp-image-55590\" style=\"width:557px;height:auto\" srcset=\"https:\/\/www.greenpeace.org\/static\/planet4-mexico-stateless\/2025\/04\/0ce86d2b-animales-microplasticos.jpg 1200w, https:\/\/www.greenpeace.org\/static\/planet4-mexico-stateless\/2025\/04\/0ce86d2b-animales-microplasticos-300x200.jpg 300w, https:\/\/www.greenpeace.org\/static\/planet4-mexico-stateless\/2025\/04\/0ce86d2b-animales-microplasticos-1024x683.jpg 1024w, https:\/\/www.greenpeace.org\/static\/planet4-mexico-stateless\/2025\/04\/0ce86d2b-animales-microplasticos-768x512.jpg 768w, https:\/\/www.greenpeace.org\/static\/planet4-mexico-stateless\/2025\/04\/0ce86d2b-animales-microplasticos-510x340.jpg 510w\" sizes=\"auto, (max-width: 1200px) 100vw, 1200px\" \/><figcaption class=\"wp-element-caption\">Greenpeace ha llevado su barco Beluga II a una expedici\u00f3n de investigaci\u00f3n cient\u00edfica por Escocia, tomando muestras de agua de mar en busca de micropl\u00e1sticos y documentando el impacto del pl\u00e1stico oce\u00e1nico en algunas de las especies marinas. \u00a9 Will Rose \/ Greenpeace<\/figcaption><\/figure>\n\n<p>Si esto es preocupante, te contamos que los <strong>seres humanos<\/strong> tambi\u00e9n corremos riesgos debido a la contaminaci\u00f3n por micropl\u00e1sticos. Para empezar, ya se han encontrado micropl\u00e1sticos en seres humanos vivos (Parker, 2022) por lo que la preocupaci\u00f3n ahora es \u00bfa qu\u00e9 nos enfrentamos al estar contaminados? Lamentablemente los da\u00f1os que corremos son demasiados, estos van desde el aumento a la progresi\u00f3n de <strong>enfermedades <\/strong>como parkinson, TDAH (trastorno por d\u00e9ficit de atenci\u00f3n con hiperactividad), autismo, problemas de comportamiento y desarrollo, alteraciones endocrinas y algunos tipos de c\u00e1ncer, y mucho m\u00e1s (IANS, 2023; EARTHDAY.ORC, 2023, p\u00e1g. 4).<\/p>\n\n<h2 class=\"wp-block-heading\">Activismo y acciones cotidianas: juntos por un cambio real<\/h2>\n\n<p>Como puedes observar, la contaminaci\u00f3n por micropl\u00e1sticos nos afecta a todos(as), queda en nosotros hacer el cambio y demandar a las empresas contaminantes y a los gobiernos que tomen las medidas necesarias para que este problema se acabe. Es por ello que el papel del activista es fundamental en la lucha contra esta problem\u00e1tica. Como activistas realizamos distintas actividades que van desde la <strong>recolecci\u00f3n de datos, publicaci\u00f3n de informes, apoyo en campa\u00f1as, voluntariados, <\/strong>etc. Todo ello con el fin de generar cambios positivos en nuestra vida diaria para fomentar un entorno m\u00e1s sustentable y respetuoso con el medio ambiente.<\/p>\n\n<figure class=\"wp-block-image size-full\"><img loading=\"lazy\" decoding=\"async\" width=\"800\" height=\"534\" src=\"https:\/\/www.greenpeace.org\/static\/planet4-mexico-stateless\/2024\/03\/a6fded74-gp0stxqvt_low_res.jpg\" title=\"Investigaci\u00f3n sobre residuos pl\u00e1sticos en Filipinas.\" alt=\"Investigaci\u00f3n sobre residuos pl\u00e1sticos en Filipinas.\" class=\"wp-image-53912\" srcset=\"https:\/\/www.greenpeace.org\/static\/planet4-mexico-stateless\/2024\/03\/a6fded74-gp0stxqvt_low_res.jpg 800w, https:\/\/www.greenpeace.org\/static\/planet4-mexico-stateless\/2024\/03\/a6fded74-gp0stxqvt_low_res-300x200.jpg 300w, https:\/\/www.greenpeace.org\/static\/planet4-mexico-stateless\/2024\/03\/a6fded74-gp0stxqvt_low_res-768x513.jpg 768w, https:\/\/www.greenpeace.org\/static\/planet4-mexico-stateless\/2024\/03\/a6fded74-gp0stxqvt_low_res-510x340.jpg 510w\" sizes=\"auto, (max-width: 800px) 100vw, 800px\" \/><figcaption class=\"wp-element-caption\">Marian Ledesma, de Greenpeace Filipinas, recoge un trozo de basura pl\u00e1stica de la empresa Dove en los alrededores de Freedom Island, en Las Pi\u00f1as (Filipinas).<div class=\"credit icon-left\"> \u00a9 Jilson Tiu \/ Greenpeace<\/div><\/figcaption><\/figure>\n\n<h3 class=\"wp-block-heading\">\u00bfC\u00f3mo puedes contribuir en tu vida diaria?<\/h3>\n\n<p><strong>\u00a1T\u00fa tienes el poder de marcar la diferencia!<\/strong><\/p>\n\n<p> En tu d\u00eda a d\u00eda, elige opciones m\u00e1s amigables con el medio ambiente, como <strong>reducir el uso de pl\u00e1stico de un solo uso y optar por alternativas reutilizables<\/strong>. La <strong>sensibilizaci\u00f3n y la educaci\u00f3n <\/strong>son armas poderosas; comparte tu conocimiento sobre los riesgos de los micropl\u00e1sticos y motiva a otros a tomar acci\u00f3n. Pero eso no es todo, participa en las consultas y motiva la implementaci\u00f3n de <strong>pol\u00edticas y regulaciones m\u00e1s estrictas<\/strong> para limitar la producci\u00f3n y el uso de pl\u00e1sticos, as\u00ed como para gestionar adecuadamente los desechos pl\u00e1sticos. \u00danete a los esfuerzos de Sociedad Civil y no dudes en<strong> invitar<\/strong> <strong>&nbsp;y firmar las peticiones <\/strong>sobre este tema.<\/p>\n\t\t\t<section\n\t\t\tclass=\"boxout  \"\n\t\t\t\n\t\t>\n\t\t\t<a\n\t\t\t\tdata-ga-category=\"Take Action Boxout\"\n\t\t\t\tdata-ga-action=\"Image\"\n\t\t\t\tdata-ga-label=\"n\/a\"\n\t\t\t\tclass=\"cover-card-overlay\"\n\t\t\t\thref=\"https:\/\/act.gp\/3uVjYok\" \n\t\t\t><\/a>\n\t\t\t\t\t\t\t<img\n\t\t\t\t\t\tsrc=\"https:\/\/www.greenpeace.org\/static\/planet4-mexico-stateless\/2024\/03\/7b452043-diseno-sin-titulo-12-1024x683.png\"\n\t\t\t\t\t\tsrcset=\"https:\/\/www.greenpeace.org\/static\/planet4-mexico-stateless\/2024\/03\/7b452043-diseno-sin-titulo-12-300x200.png 300w, https:\/\/www.greenpeace.org\/static\/planet4-mexico-stateless\/2024\/03\/7b452043-diseno-sin-titulo-12-1024x683.png 1024w, https:\/\/www.greenpeace.org\/static\/planet4-mexico-stateless\/2024\/03\/7b452043-diseno-sin-titulo-12-768x512.png 768w, https:\/\/www.greenpeace.org\/static\/planet4-mexico-stateless\/2024\/03\/7b452043-diseno-sin-titulo-12-1536x1025.png 1536w, https:\/\/www.greenpeace.org\/static\/planet4-mexico-stateless\/2024\/03\/7b452043-diseno-sin-titulo-12-510x340.png 510w, https:\/\/www.greenpeace.org\/static\/planet4-mexico-stateless\/2024\/03\/7b452043-diseno-sin-titulo-12.png 2048w\"\n\t\t\t\t\t\tsizes=\"(min-width: 1000px) 358px, (min-width: 780px) 313px, 88px\"\n\t\t\t\t\t\talt=\"\" title=\"\"\n\t\t\t\t\/>\n            \t\t\t<div class=\"boxout-content\">\n\t\t\t\t\t\t\t\t\t<a\n\t\t\t\t\t\tclass=\"boxout-heading medium\"\n\t\t\t\t\t\tdata-ga-category=\"Take Action Boxout\"\n\t\t\t\t\t\tdata-ga-action=\"Title\"\n\t\t\t\t\t\tdata-ga-label=\"n\/a\"\n\t\t\t\t\t\thref=\"https:\/\/act.gp\/3uVjYok\"\n\t\t\t\t\t\t\n\t\t\t\t\t>\n\t\t\t\t\t\tAlza la voz por los oc\u00e9anos\n\t\t\t\t\t<\/a>\n\t\t\t\t\t\t\t\t\t\t\t\t\t<p class=\"boxout-excerpt\">\u00a1Necesitamos oc\u00e9anos sin pl\u00e1sticos! Firma nuestra carta abierta y pide un alto a los pl\u00e1sticos de un solo uso. <\/p>\n\t\t\t\t                                    <a\n                        class=\"btn btn-primary\"\n                        data-ga-category=\"Take Action Boxout\"\n                        data-ga-action=\"Call to Action\"\n                        data-ga-label=\"n\/a\"\n                        href=\"https:\/\/act.gp\/3uVjYok\"\n                        \n                    >\n                        Firma aqu\u00ed\n                    <\/a>\n                \t\t\t<\/div>\n\t\t\t\t\t<\/section>\n\t","protected":false},"excerpt":{"rendered":"<p>Descubre c\u00f3mo los micropl\u00e1sticos afectan al planeta y la salud, y c\u00f3mo puedes unirte al activismo para combatir esta crisis ambiental urgente.<\/p>\n","protected":false},"author":79,"featured_media":55594,"comment_status":"open","ping_status":"open","sticky":false,"template":"","format":"standard","meta":{"ep_exclude_from_search":false,"p4_og_title":"\u00a1Activistas al rescate ante el desaf\u00edo urgente de los micropl\u00e1sticos!","p4_og_description":"Descubre c\u00f3mo los micropl\u00e1sticos afectan al planeta y la salud, y c\u00f3mo puedes unirte al activismo para combatir esta crisis ambiental urgente.","p4_og_image":"https:\/\/www.greenpeace.org\/static\/planet4-mexico-stateless\/2025\/04\/c7d453a9-residuos-microplasticos.jpg","p4_og_image_id":"55594","p4_seo_canonical_url":"","p4_campaign_name":"Plastic Free Future","p4_local_project":"","p4_basket_name":"Oceans","p4_department":"","footnotes":""},"categories":[45],"tags":[21,68],"p4-page-type":[14],"class_list":["post-53909","post","type-post","status-publish","format-standard","has-post-thumbnail","hentry","category-plasticos","tag-activismo","tag-mexico-sin-plasticos","p4-page-type-blog"],"_links":{"self":[{"href":"https:\/\/www.greenpeace.org\/mexico\/wp-json\/wp\/v2\/posts\/53909","targetHints":{"allow":["GET"]}}],"collection":[{"href":"https:\/\/www.greenpeace.org\/mexico\/wp-json\/wp\/v2\/posts"}],"about":[{"href":"https:\/\/www.greenpeace.org\/mexico\/wp-json\/wp\/v2\/types\/post"}],"author":[{"embeddable":true,"href":"https:\/\/www.greenpeace.org\/mexico\/wp-json\/wp\/v2\/users\/79"}],"replies":[{"embeddable":true,"href":"https:\/\/www.greenpeace.org\/mexico\/wp-json\/wp\/v2\/comments?post=53909"}],"version-history":[{"count":6,"href":"https:\/\/www.greenpeace.org\/mexico\/wp-json\/wp\/v2\/posts\/53909\/revisions"}],"predecessor-version":[{"id":58096,"href":"https:\/\/www.greenpeace.org\/mexico\/wp-json\/wp\/v2\/posts\/53909\/revisions\/58096"}],"wp:featuredmedia":[{"embeddable":true,"href":"https:\/\/www.greenpeace.org\/mexico\/wp-json\/wp\/v2\/media\/55594"}],"wp:attachment":[{"href":"https:\/\/www.greenpeace.org\/mexico\/wp-json\/wp\/v2\/media?parent=53909"}],"wp:term":[{"taxonomy":"category","embeddable":true,"href":"https:\/\/www.greenpeace.org\/mexico\/wp-json\/wp\/v2\/categories?post=53909"},{"taxonomy":"post_tag","embeddable":true,"href":"https:\/\/www.greenpeace.org\/mexico\/wp-json\/wp\/v2\/tags?post=53909"},{"taxonomy":"p4-page-type","embeddable":true,"href":"https:\/\/www.greenpeace.org\/mexico\/wp-json\/wp\/v2\/p4-page-type?post=53909"}],"curies":[{"name":"wp","href":"https:\/\/api.w.org\/{rel}","templated":true}]}}