{"id":53943,"date":"2024-03-25T17:30:29","date_gmt":"2024-03-25T22:30:29","guid":{"rendered":"https:\/\/www.greenpeace.org\/mexico\/?p=53943"},"modified":"2025-04-28T19:00:18","modified_gmt":"2025-04-29T00:00:18","slug":"naru-exige-que-se-retire-a-greenpeace-como-observador-en-la-reunion-de-la-isa-sobre-mineria-submarina","status":"publish","type":"post","link":"https:\/\/www.greenpeace.org\/mexico\/informacion-prensa\/53943\/naru-exige-que-se-retire-a-greenpeace-como-observador-en-la-reunion-de-la-isa-sobre-mineria-submarina\/","title":{"rendered":"Nauru exige que se retire a Greenpeace como observador en la reuni\u00f3n de la ISA sobre miner\u00eda submarina"},"content":{"rendered":"\n<p><strong>Kingston, Jamaica, 25 de marzo de 2024.-<\/strong> Con motivo de la 29\u00aa reuni\u00f3n de la Autoridad Internacional de los Fondos Marinos (ISA, por sus siglas en ingl\u00e9s), que comenz\u00f3 el pasado 18 de marzo en Kingston, Jamaica, y finalizar\u00e1 el pr\u00f3ximo viernes 29, los gobiernos del mundo est\u00e1n reunidos para debatir sobre la explotaci\u00f3n minera de los fondos marinos en medio de un creciente rechazo social a esta pr\u00e1ctica extractivista.&nbsp;<\/p>\n\n<figure class=\"wp-block-image size-large\"><img loading=\"lazy\" decoding=\"async\" width=\"1024\" height=\"683\" src=\"https:\/\/www.greenpeace.org\/static\/planet4-mexico-stateless\/2025\/04\/2bbbc70f-mineria-aguas-profundas-1024x683.jpg\" title=\"Activistas en kayak sostienen una pancarta que dice &quot;Alto a la Miner\u00eda en Aguas Profundas&quot;.\" alt=\"Activistas en kayak sostienen una pancarta que dice &quot;Alto a la Miner\u00eda en Aguas Profundas&quot;.\" class=\"wp-image-55574\" srcset=\"https:\/\/www.greenpeace.org\/static\/planet4-mexico-stateless\/2025\/04\/2bbbc70f-mineria-aguas-profundas-1024x683.jpg 1024w, https:\/\/www.greenpeace.org\/static\/planet4-mexico-stateless\/2025\/04\/2bbbc70f-mineria-aguas-profundas-300x200.jpg 300w, https:\/\/www.greenpeace.org\/static\/planet4-mexico-stateless\/2025\/04\/2bbbc70f-mineria-aguas-profundas-768x512.jpg 768w, https:\/\/www.greenpeace.org\/static\/planet4-mexico-stateless\/2025\/04\/2bbbc70f-mineria-aguas-profundas-510x340.jpg 510w, https:\/\/www.greenpeace.org\/static\/planet4-mexico-stateless\/2025\/04\/2bbbc70f-mineria-aguas-profundas.jpg 1200w\" sizes=\"auto, (max-width: 1024px) 100vw, 1024px\" \/><figcaption class=\"wp-element-caption\">Activistas de Greenpeace de Nueva Zelanda y M\u00e9xico confrontan al buque minero de aguas profundas &#8220;Hidden Gem&#8221; frente a la costa de Manzanillo, M\u00e9xico, a su regreso a puerto del Pac\u00edfico. \u00a9 Gustavo Graf \/ Greenpeace<\/figcaption><\/figure>\n\n<p>Esta reuni\u00f3n representa un momento cr\u00edtico para el futuro de los oc\u00e9anos, ya que las empresas dedicadas a la miner\u00eda en aguas profundas siguen presionando a los gobiernos para que acuerden una normativa o \u201cc\u00f3digo minero\u201d que legitime la miner\u00eda submarina. No s\u00f3lo eso, algunas posturas incluso buscaron \u2013sin \u00e9xito hasta ahora\u2013 obstaculizar el derecho a la protesta que ha encabezado Greenpeace Internacional.<\/p>\n\n<p>El pasado viernes 22 de marzo, el Consejo de la ISA abord\u00f3 durante tres horas la protesta pac\u00edfica que realiz\u00f3 Greenpeace en diciembre pasado contra NORI\/The Metals Company [1] para evitar que iniciaran sus exploraciones en aguas profundas. Como parte de ese debate, Nauru \u2014uno de los gobiernos patrocinadores de The Metals Company\u2013 propuso medidas que crear\u00edan una prohibici\u00f3n general de las protestas en el mar en torno a los buques mineros de aguas profundas, mediante la propuesta de crear \u201czonas seguras\u201d de al menos 500 metros alrededor de estas embarcaciones, y exigi\u00f3 que se retirara a Greenpeace su condici\u00f3n de observador en la ISA.&nbsp;<\/p>\n\n<p>Nauru, as\u00ed como Michael Lodge, Secretario General de la ISA, recibieron muchas cr\u00edticas de otros gobiernos por su intento de limitar la protesta de Greenpeace, por lo que estas propuestas ya no est\u00e1n a discusi\u00f3n por ahora y no se aprobaron medidas para limitar las protestas en el mar o la participaci\u00f3n de Greenpeace en la ISA. Sin embargo, pa\u00edses como M\u00e9xico y Espa\u00f1a apoyaron parcialmente las propuestas de Nauru durante sus intervenciones.<\/p>\n\n<p>Con respecto a M\u00e9xico, llam\u00f3 la atenci\u00f3n que el Embajador Juan Jos\u00e9 G\u00f3nzalez Mijares, representante de nuestro pa\u00eds ante la ISA, plante\u00f3 una postura ambivalente en la que, por un lado, reconoce que no es competencia de la ISA sino de otras instancias, como la Organizaci\u00f3n Mar\u00edtima Internacional, definir medidas para prevenir riesgos en torno a los buques mineros, mientras que por otro lado respald\u00f3 la postura de Nauru y se puso a su disposici\u00f3n para trabajar dichas medidas.&nbsp;&nbsp;<\/p>\n\n<p>El apoyo a la propuesta de Nauru por parte del representante de M\u00e9xico es preocupante dado que muestra una postura a favor de establecer l\u00edmites al derecho a la protesta de organizaciones como Greenpeace que luchamos por la protecci\u00f3n de los oc\u00e9anos y la biodiversidad marina. Frente a ello, pedimos a la Secretar\u00eda de Relaciones Exteriores \u2013quien en noviembre pasado comunic\u00f3 p\u00fablicamente que apoyaba la moratoria para retrasar la miner\u00eda submarina\u2013 que clarifique su postura y env\u00ede un mensaje congruente y contundente a nivel internacional sobre si est\u00e1 a favor o en contra de la protecci\u00f3n de los oc\u00e9anos ante pr\u00e1cticas extractivistas de cuyos impactos sabemos poco o nada.&nbsp;<\/p>\n\n<p>Tambi\u00e9n es relevante que, como parte de los continuos intentos de la industria y de un pu\u00f1ado de gobiernos por apresurar la adopci\u00f3n de una normativa sobre miner\u00eda submarina o \u201cc\u00f3digo minero\u201d, la ISA public\u00f3 un &#8220;texto consolidado&#8221; de 225 p\u00e1ginas del proyecto de normativa minera pero que carec\u00eda de transparencia e incorporaba varias propuestas de la industria&nbsp; sin el acuerdo de los gobiernos o una atribuci\u00f3n clara de cada una de dichas propuestas, incluidos los esfuerzos para debilitar el lenguaje de conservaci\u00f3n y acelerar el inicio de la miner\u00eda.&nbsp;<\/p>\n\n<p>Frente a ello, varias delegaciones de Am\u00e9rica Latina, el Pac\u00edfico y Europa criticaron el texto consolidado del \u201cc\u00f3digo minero\u201d por la falta de claridad sobre por qu\u00e9 se hab\u00edan incluido algunas propuestas de texto y otras no.&nbsp;<\/p>\n\n<p>Los gobiernos se opusieron con \u00e9xito a los intentos de llevar a cabo las negociaciones sobre el \u201cc\u00f3digo minero\u201d a puerta cerrada y los avances siguen siendo lentos, ya que los gobiernos est\u00e1n m\u00e1s lejos que antes de llegar a un acuerdo sobre el proyecto de esta normativa.<\/p>\n\n<p>Sobre la petici\u00f3n de moratoria, hasta hace un a\u00f1o s\u00f3lo un pu\u00f1ado de gobiernos la ped\u00eda y la industria de la miner\u00eda de aguas profundas estaba segura de que obtendr\u00eda luz verde para iniciar la explotaci\u00f3n en 2024. Pero su apuesta les sali\u00f3 mal, ya que la petici\u00f3n de una moratoria ha crecido exponencialmente entre los gobiernos, con 24 naciones que ahora argumentan que tenemos que escuchar a la ciencia y salvaguardar nuestros oc\u00e9anos. La semana pasada Dinamarca anunci\u00f3 su apoyo a una pausa cautelar. El n\u00famero de pa\u00edses que apoyan una pausa \/ moratoria \/ prohibici\u00f3n de la miner\u00eda de aguas profundas es ahora de 25.&nbsp;<\/p>\n\n<p>Un movimiento mundial de m\u00e1s de 2 millones de personas est\u00e1n pidiendo a los gobiernos que hagan historia votando a favor de una moratoria contra la explotaci\u00f3n minera de los fondos marinos. Los debates al respecto tendr\u00e1n lugar en julio en la pr\u00f3xima Asamblea de la AIS, formada por 167 Estados m\u00e1s la Uni\u00f3n Europea.&nbsp;<\/p>\n\n<p><strong>Materiales multimedia<\/strong><\/p>\n\n<p><a href=\"https:\/\/media.greenpeace.org\/Detail\/27MZIFJFRTWNU\">https:\/\/media.greenpeace.org\/Detail\/27MZIFJFRTWNU<\/a><\/p>\n\n<p><strong>Notas<\/strong><\/p>\n\n<p>[1] M\u00e1s informaci\u00f3n sobre la protesta de Greenpeace puede encontrarse aqu\u00ed <a href=\"https:\/\/www.theguardian.com\/environment\/2023\/dec\/02\/deep-sea-miners-turn-water-hoses-on-greenpeace-activists-in-the-pacific#:~:text=Greenpeace%20activists%20from%20Mexico%2C%20Argentina,Coco's%20crew%20from%20deploying%20equipment\">https:\/\/www.theguardian.com\/environment\/2023\/dec\/02\/deep-sea-miners-turn-water-hoses-on-greenpeace-activists-in-the-pacific#:~:text=Greenpeace%20activists%20from%20Mexico%2C%20Argentina,Coco&#8217;s%20crew%20from%20deploying%20equipment<\/a>.&nbsp;<\/p>\n","protected":false},"excerpt":{"rendered":"<p>Nauru exige expulsar a Greenpeace de la ISA por protestas contra la miner\u00eda submarina; crece la demanda global de moratoria para proteger los oc\u00e9anos.<\/p>\n","protected":false},"author":29,"featured_media":55574,"comment_status":"open","ping_status":"open","sticky":false,"template":"","format":"standard","meta":{"ep_exclude_from_search":false,"p4_og_title":"Nauru exige que se retire a Greenpeace como observador en la reuni\u00f3n de la ISA sobre miner\u00eda submarina","p4_og_description":"Nauru exige expulsar a Greenpeace de la ISA por protestas contra la miner\u00eda submarina; crece la demanda global de moratoria para proteger los oc\u00e9anos.","p4_og_image":"https:\/\/www.greenpeace.org\/static\/planet4-mexico-stateless\/2025\/04\/2bbbc70f-mineria-aguas-profundas.jpg","p4_og_image_id":"55574","p4_seo_canonical_url":"","p4_campaign_name":"","p4_local_project":"","p4_basket_name":"","p4_department":"","footnotes":""},"categories":[44],"tags":[65],"p4-page-type":[16],"class_list":["post-53943","post","type-post","status-publish","format-standard","has-post-thumbnail","hentry","category-oceanos","tag-mineria-submarina","p4-page-type-informacion-prensa"],"_links":{"self":[{"href":"https:\/\/www.greenpeace.org\/mexico\/wp-json\/wp\/v2\/posts\/53943","targetHints":{"allow":["GET"]}}],"collection":[{"href":"https:\/\/www.greenpeace.org\/mexico\/wp-json\/wp\/v2\/posts"}],"about":[{"href":"https:\/\/www.greenpeace.org\/mexico\/wp-json\/wp\/v2\/types\/post"}],"author":[{"embeddable":true,"href":"https:\/\/www.greenpeace.org\/mexico\/wp-json\/wp\/v2\/users\/29"}],"replies":[{"embeddable":true,"href":"https:\/\/www.greenpeace.org\/mexico\/wp-json\/wp\/v2\/comments?post=53943"}],"version-history":[{"count":3,"href":"https:\/\/www.greenpeace.org\/mexico\/wp-json\/wp\/v2\/posts\/53943\/revisions"}],"predecessor-version":[{"id":55575,"href":"https:\/\/www.greenpeace.org\/mexico\/wp-json\/wp\/v2\/posts\/53943\/revisions\/55575"}],"wp:featuredmedia":[{"embeddable":true,"href":"https:\/\/www.greenpeace.org\/mexico\/wp-json\/wp\/v2\/media\/55574"}],"wp:attachment":[{"href":"https:\/\/www.greenpeace.org\/mexico\/wp-json\/wp\/v2\/media?parent=53943"}],"wp:term":[{"taxonomy":"category","embeddable":true,"href":"https:\/\/www.greenpeace.org\/mexico\/wp-json\/wp\/v2\/categories?post=53943"},{"taxonomy":"post_tag","embeddable":true,"href":"https:\/\/www.greenpeace.org\/mexico\/wp-json\/wp\/v2\/tags?post=53943"},{"taxonomy":"p4-page-type","embeddable":true,"href":"https:\/\/www.greenpeace.org\/mexico\/wp-json\/wp\/v2\/p4-page-type?post=53943"}],"curies":[{"name":"wp","href":"https:\/\/api.w.org\/{rel}","templated":true}]}}