{"id":54250,"date":"2024-06-21T14:57:54","date_gmt":"2024-06-21T19:57:54","guid":{"rendered":"https:\/\/www.greenpeace.org\/mexico\/?p=54250"},"modified":"2025-04-23T10:11:30","modified_gmt":"2025-04-23T15:11:30","slug":"los-huracanes-tienen-relacion-con-el-cambio-climatico","status":"publish","type":"post","link":"https:\/\/www.greenpeace.org\/mexico\/blog\/54250\/los-huracanes-tienen-relacion-con-el-cambio-climatico\/","title":{"rendered":"\u00bfLos huracanes tienen relaci\u00f3n con el cambio clim\u00e1tico?"},"content":{"rendered":"\n<figure class=\"wp-block-image size-large\"><img loading=\"lazy\" decoding=\"async\" width=\"1024\" height=\"682\" src=\"https:\/\/www.greenpeace.org\/static\/planet4-mexico-stateless\/2024\/06\/ed7ff90d-gp0stttld_pressmedia-2500px-1024x682.jpg\" title=\"Fotograf\u00eda del Hurac\u00e1n Dorian, 2019, desde la Estaci\u00f3n Espacial Internacional.\" alt=\"Fotograf\u00eda del Hurac\u00e1n Dorian, 2019, desde la Estaci\u00f3n Espacial Internacional.\" class=\"wp-image-54251\" srcset=\"https:\/\/www.greenpeace.org\/static\/planet4-mexico-stateless\/2024\/06\/ed7ff90d-gp0stttld_pressmedia-2500px-1024x682.jpg 1024w, https:\/\/www.greenpeace.org\/static\/planet4-mexico-stateless\/2024\/06\/ed7ff90d-gp0stttld_pressmedia-2500px-300x200.jpg 300w, https:\/\/www.greenpeace.org\/static\/planet4-mexico-stateless\/2024\/06\/ed7ff90d-gp0stttld_pressmedia-2500px-768x511.jpg 768w, https:\/\/www.greenpeace.org\/static\/planet4-mexico-stateless\/2024\/06\/ed7ff90d-gp0stttld_pressmedia-2500px-1536x1023.jpg 1536w, https:\/\/www.greenpeace.org\/static\/planet4-mexico-stateless\/2024\/06\/ed7ff90d-gp0stttld_pressmedia-2500px-2048x1364.jpg 2048w, https:\/\/www.greenpeace.org\/static\/planet4-mexico-stateless\/2024\/06\/ed7ff90d-gp0stttld_pressmedia-2500px-510x340.jpg 510w\" sizes=\"auto, (max-width: 1024px) 100vw, 1024px\" \/><figcaption class=\"wp-element-caption\">El astronauta Nick Hague, a bordo de la Estaci\u00f3n Espacial Internacional hizo esta imagen del hurac\u00e1n Dorian el 2 de septiembre de 2019. La estaci\u00f3n espacial orbita a m\u00e1s de 200 millas sobre la Tierra.<div class=\"credit icon-left\"> \u00a9 NASA<\/div><\/figcaption><\/figure>\n\n<h2 class=\"wp-block-heading\"><strong>\u00bfQu\u00e9 son los huracanes?<\/strong><\/h2>\n\n<p><strong>Los huracanes son tormentas masivas que se arremolinan r\u00e1pidamente alrededor de un centro de aire caliente.<\/strong> Conocidos tambi\u00e9n como tifones o ciclones tropicales en diferentes partes del mundo, necesitan cuatro ingredientes clave para formarse:<\/p>\n\n<ol class=\"wp-block-list\">\n<li><strong>Calor en la capa superior del oc\u00e9ano<\/strong><\/li>\n\n\n\n<li><strong>Un alto grado de humedad en el aire<\/strong><\/li>\n\n\n\n<li><strong>Vientos favorables<\/strong><\/li>\n\n\n\n<li><strong>Rotaci\u00f3n<\/strong><\/li>\n<\/ol>\n\n<p><strong>El calor del oc\u00e9ano act\u00faa como el combustible del hurac\u00e1n, a medida que el aire h\u00famedo se eleva por la temperatura de la superficie del oc\u00e9ano y se encuentra con aire m\u00e1s fr\u00edo en la atm\u00f3sfera superior, se forman y crecen tormentas y nubes.<\/strong> Si los vientos son lo suficientemente d\u00e9biles como para no desintegrar la tormenta, \u00e9sta contin\u00faa creciendo gracias a la rotaci\u00f3n que aglutina las tormentas el\u00e9ctricas dispersas en una tormenta m\u00e1s grande y cada vez m\u00e1s r\u00e1pida formando el cicl\u00f3n tropical o hurac\u00e1n.<\/p>\n\n<figure class=\"wp-block-image size-large\"><img loading=\"lazy\" decoding=\"async\" width=\"1024\" height=\"576\" src=\"https:\/\/www.greenpeace.org\/static\/planet4-mexico-stateless\/2024\/06\/d767ae16-gp0stpdub_pressmedia-2500px-1024x576.jpg\" title=\"Fotograf\u00eda del Hurac\u00e1n Patricia tomada por GOES East a las 1445Z del 23 de octubre de 2015.\" alt=\"Fotograf\u00eda del Hurac\u00e1n Patricia tomada por GOES East a las 1445Z del 23 de octubre de 2015.\" class=\"wp-image-54252\" srcset=\"https:\/\/www.greenpeace.org\/static\/planet4-mexico-stateless\/2024\/06\/d767ae16-gp0stpdub_pressmedia-2500px-1024x576.jpg 1024w, https:\/\/www.greenpeace.org\/static\/planet4-mexico-stateless\/2024\/06\/d767ae16-gp0stpdub_pressmedia-2500px-300x169.jpg 300w, https:\/\/www.greenpeace.org\/static\/planet4-mexico-stateless\/2024\/06\/d767ae16-gp0stpdub_pressmedia-2500px-768x432.jpg 768w, https:\/\/www.greenpeace.org\/static\/planet4-mexico-stateless\/2024\/06\/d767ae16-gp0stpdub_pressmedia-2500px-1536x864.jpg 1536w, https:\/\/www.greenpeace.org\/static\/planet4-mexico-stateless\/2024\/06\/d767ae16-gp0stpdub_pressmedia-2500px-510x287.jpg 510w, https:\/\/www.greenpeace.org\/static\/planet4-mexico-stateless\/2024\/06\/d767ae16-gp0stpdub_pressmedia-2500px.jpg 2048w\" sizes=\"auto, (max-width: 1024px) 100vw, 1024px\" \/><figcaption class=\"wp-element-caption\">Hurac\u00e1n Patricia\nEl hist\u00f3rico hurac\u00e1n Patricia se abate sobre la costa mexicana del Pac\u00edfico\n\nEsta imagen fue tomada por GOES East a las 1445Z del 23 de octubre de 2015.<\/figcaption><figcaption><div class=\"credit icon-left\"> \u00a9 NASA\/NOAA via NOAA Environmental Visualization Laboratory<\/div><\/figcaption><\/figure>\n\n<h2 class=\"wp-block-heading\"><strong>\u00bfTienen relaci\u00f3n con el cambio clim\u00e1tico?<\/strong><\/h2>\n\n<p><strong>Los ciclones tropicales no son producto del cambio clim\u00e1tico; estas tormentas han existido mucho antes de la acumulaci\u00f3n de emisiones antropog\u00e9nicas. Sin embargo, lo que ha cambiado es su intensidad y el impacto que tienen.<\/strong> La ciencia ha avanzado mucho en entender esta relaci\u00f3n, y existe consenso en que el cambio clim\u00e1tico est\u00e1 intensificando ciertos factores que hacen que los huracanes sean m\u00e1s destructivos.<\/p>\n\n<p>En el Sexto Informe de Evaluaci\u00f3n del IPCC (AR6), espec\u00edficamente en el cap\u00edtulo 11, <strong>se analiza c\u00f3mo los fen\u00f3menos meteorol\u00f3gicos extremos, como los huracanes, est\u00e1n siendo afectados por el cambio clim\u00e1tico:<\/strong><\/p>\n\n<ul class=\"wp-block-list\">\n<li><strong>Observaciones y Cambios Recientes<\/strong>: Se ha observado un aumento en la intensidad de los ciclones tropicales, <strong>especialmente en las categor\u00edas m\u00e1s altas<\/strong> (Categor\u00edas 4 y 5).<\/li>\n\n\n\n<li><strong>Proyecciones Futuras<\/strong>: Con el calentamiento global, se espera que la intensidad de los ciclones tropicales contin\u00fae aumentando. Se proyecta <strong>un incremento del 7% en la intensidad por cada grado Celsius adicional.<\/strong><\/li>\n\n\n\n<li><strong>Factores Contribuyentes<\/strong>: El aumento de la temperatura de la superficie del oc\u00e9ano es un factor clave. <strong>Las temperaturas m\u00e1s altas proporcionan m\u00e1s energ\u00eda para la formaci\u00f3n y fortalecimiento de estos sistemas.<\/strong><\/li>\n\n\n\n<li><strong>Variabilidad Regional<\/strong>: Aunque se proyecta un aumento general, la frecuencia y magnitud de estos cambios var\u00edan regionalmente.<\/li>\n\n\n\n<li><strong>Impactos de ENSO<\/strong>: Fen\u00f3menos como El Ni\u00f1o y La Ni\u00f1a tambi\u00e9n influyen en la actividad de los ciclones tropicales.<\/li>\n<\/ul>\n\n<figure class=\"wp-block-image size-large\"><img loading=\"lazy\" decoding=\"async\" width=\"1024\" height=\"647\" src=\"https:\/\/www.greenpeace.org\/static\/planet4-mexico-stateless\/2024\/06\/225c310c-gp0stpdud_pressmedia-2500px-1024x647.jpg\" title=\"Imagen infrarroja del hurac\u00e1n Patricia Cuando el sat\u00e9lite Suomi NPP de la NASA-NOAA pas\u00f3 sobre el hurac\u00e1n Patricia el 23 de octubre a las 5:20 a.m. EDT, el instrumento VIIRS que vuela a bordo del Suomi NPP observ\u00f3 la tormenta en luz infrarroja. Las temperaturas de la parte superior de las nubes de las tormentas alrededor de la pared del ojo estaban entre 180K (-135.7F\/ -93.1C) y 190 Kelvin (-117.7F\/ -83.1C).\" alt=\"Imagen infrarroja del hurac\u00e1n Patricia\nCuando el sat\u00e9lite Suomi NPP de la NASA-NOAA pas\u00f3 sobre el hurac\u00e1n Patricia el 23 de octubre a las 5:20 a.m. EDT, el instrumento VIIRS que vuela a bordo del Suomi NPP observ\u00f3 la tormenta en luz infrarroja. Las temperaturas de la parte superior de las nubes de las tormentas alrededor de la pared del ojo estaban entre 180K (-135.7F\/ -93.1C) y 190 Kelvin (-117.7F\/ -83.1C).\" class=\"wp-image-54253\" srcset=\"https:\/\/www.greenpeace.org\/static\/planet4-mexico-stateless\/2024\/06\/225c310c-gp0stpdud_pressmedia-2500px-1024x647.jpg 1024w, https:\/\/www.greenpeace.org\/static\/planet4-mexico-stateless\/2024\/06\/225c310c-gp0stpdud_pressmedia-2500px-300x190.jpg 300w, https:\/\/www.greenpeace.org\/static\/planet4-mexico-stateless\/2024\/06\/225c310c-gp0stpdud_pressmedia-2500px-768x485.jpg 768w, https:\/\/www.greenpeace.org\/static\/planet4-mexico-stateless\/2024\/06\/225c310c-gp0stpdud_pressmedia-2500px-510x322.jpg 510w, https:\/\/www.greenpeace.org\/static\/planet4-mexico-stateless\/2024\/06\/225c310c-gp0stpdud_pressmedia-2500px.jpg 1412w\" sizes=\"auto, (max-width: 1024px) 100vw, 1024px\" \/><figcaption class=\"wp-element-caption\">Imagen infrarroja del hurac\u00e1n Patricia\nCuando el sat\u00e9lite Suomi NPP de la NASA-NOAA pas\u00f3 sobre el hurac\u00e1n Patricia el 23 de octubre a las 5:20 a.m. EDT, el instrumento VIIRS que vuela a bordo del Suomi NPP observ\u00f3 la tormenta en luz infrarroja. Las temperaturas de la parte superior de las nubes de las tormentas alrededor de la pared del ojo estaban entre 180K (-135.7F\/ -93.1C) y 190 Kelvin (-117.7F\/ -83.1C).<\/figcaption><figcaption><div class=\"credit icon-left\"> \u00a9 NASA\/UW\/CIMSS\/William Straka III<\/div><\/figcaption><\/figure>\n\n<h3 class=\"wp-block-heading\"><strong>\u00bfQu\u00e9 hacer ante este escenario?<\/strong><\/h3>\n\n<p>En nuestro pa\u00eds, el cambio clim\u00e1tico ya es una realidad tangible. <strong>Miles de personas enfrentan a\u00f1o con a\u00f1o el incremento en la frecuencia y magnitud de incendios forestales, sequ\u00edas, inundaciones, erosi\u00f3n costera, y fen\u00f3menos meteorol\u00f3gicos extremos como huracanes. <\/strong>Un caso concreto es la comunidad de El Bosque en Tabasco, la primera reconocida como desplazada por cambio clim\u00e1tico en nuestro pa\u00eds. La acelerada erosi\u00f3n costera, agravada por huracanes y nortes cada vez m\u00e1s intensos, ha destruido su territorio. La temporada de huracanes representa un riesgo elevado para esta comunidad que a\u00fan no ha sido reubicada.<\/p>\n\n<p>El mes pasado, dos miembros de esta comunidad expusieron su caso ante la Corte Interamericana de Derechos Humanos, resaltando la urgencia de la acci\u00f3n clim\u00e1tica para evitar que el problema siga creciendo y para enfrentar los impactos actuales. <strong>El cambio clim\u00e1tico no es un problema del futuro; como dijo Aurea S\u00e1nchez: &#8220;Ese miedo del futuro que ustedes sienten cuando escuchan sobre cambio clim\u00e1tico, nosotras lo estamos viviendo&#8221;.<\/strong><\/p>\n\n<p><strong>Es urgente exigir a nuestros gobiernos que cumplan con sus obligaciones para garantizar los derechos humanos de su gente.<\/strong> Esto solo ser\u00e1 posible poniendo a las personas y comunidades, especialmente las m\u00e1s vulnerables, en el centro de las pol\u00edticas clim\u00e1ticas. Debemos hacer nuestra parte para limitar el aumento de la temperatura por debajo de 1.5 grados cent\u00edgrados y desarrollar pol\u00edticas p\u00fablicas que atiendan a las personas ya afectadas, como las comunidades desplazadas de El Bosque.<\/p>\n\n<p>La pr\u00f3xima administraci\u00f3n tendr\u00e1 a su cargo los \u00faltimos seis a\u00f1os de esta d\u00e9cada crucial para la acci\u00f3n clim\u00e1tica. Esperamos que est\u00e9 a la altura y tome las decisiones necesarias para hacer justicia a los cientos de miles de personas que sufren por el cambio clim\u00e1tico.<\/p>\n\n<figure class=\"wp-block-image size-large\"><img loading=\"lazy\" decoding=\"async\" width=\"1024\" height=\"576\" src=\"https:\/\/www.greenpeace.org\/static\/planet4-mexico-stateless\/2024\/06\/90ee068e-gp0su0agb_pressmedia-2500px-1-1024x576.jpg\" title=\"Toma a\u00e9rea de la Comunidad de El Bosque afectada por los impactos del cambio clim\u00e1tico en M\u00e9xico.\" alt=\"Toma a\u00e9rea de la Comunidad de El Bosque afectada por los impactos del cambio clim\u00e1tico en M\u00e9xico.\" class=\"wp-image-54254\" srcset=\"https:\/\/www.greenpeace.org\/static\/planet4-mexico-stateless\/2024\/06\/90ee068e-gp0su0agb_pressmedia-2500px-1-1024x576.jpg 1024w, https:\/\/www.greenpeace.org\/static\/planet4-mexico-stateless\/2024\/06\/90ee068e-gp0su0agb_pressmedia-2500px-1-300x169.jpg 300w, https:\/\/www.greenpeace.org\/static\/planet4-mexico-stateless\/2024\/06\/90ee068e-gp0su0agb_pressmedia-2500px-1-768x432.jpg 768w, https:\/\/www.greenpeace.org\/static\/planet4-mexico-stateless\/2024\/06\/90ee068e-gp0su0agb_pressmedia-2500px-1-1536x864.jpg 1536w, https:\/\/www.greenpeace.org\/static\/planet4-mexico-stateless\/2024\/06\/90ee068e-gp0su0agb_pressmedia-2500px-1-2048x1152.jpg 2048w, https:\/\/www.greenpeace.org\/static\/planet4-mexico-stateless\/2024\/06\/90ee068e-gp0su0agb_pressmedia-2500px-1-510x287.jpg 510w\" sizes=\"auto, (max-width: 1024px) 100vw, 1024px\" \/><figcaption class=\"wp-element-caption\">Comunidad de El Bosque afectada por los impactos del cambio clim\u00e1tico en M\u00e9xico\nEl Pueblo de El Bosque, en el Estado de Tabasco, es un claro ejemplo de c\u00f3mo el cambio clim\u00e1tico afecta de manera desproporcionada e injusta a las personas y comunidades en situaci\u00f3n de mayor vulnerabilidad en M\u00e9xico.\nM\u00e9xico es un pa\u00eds altamente vulnerable a la crisis clim\u00e1tica; sus impactos son cada vez m\u00e1s severos y frecuentes. Particularmente, Tabasco se encuentra en una situaci\u00f3n de alta vulnerabilidad debido a su ubicaci\u00f3n geogr\u00e1fica y factores de inequidad<\/figcaption><figcaption><div class=\"credit icon-left\"> \u00a9 Gustavo Graf \/ Greenpeace<\/div><\/figcaption><\/figure>\n\n<h2 class=\"wp-block-heading\">\u00bfQuieres saber m\u00e1s?<\/h2>\n\n<p>Para saber m\u00e1s sobre huracanes y cambio clim\u00e1tico puedes ver este video de Planeteando:<\/p>\n\n<figure class=\"wp-block-embed is-type-video is-provider-youtube wp-block-embed-youtube wp-embed-aspect-16-9 wp-has-aspect-ratio\"><div class=\"wp-block-embed__wrapper\">\n<iframe loading=\"lazy\" title=\"Todo sobre huracanes | Meteorolove: cr\u00f3nicas de la atm\u00f3sfera | con Idalia Ledesma\" width=\"500\" height=\"281\" src=\"https:\/\/www.youtube.com\/embed\/1bpbzXwG2bE?feature=oembed\" frameborder=\"0\" allow=\"accelerometer; autoplay; clipboard-write; encrypted-media; gyroscope; picture-in-picture; web-share\" referrerpolicy=\"strict-origin-when-cross-origin\" allowfullscreen><\/iframe>\n<\/div><\/figure>\n\n<h2 class=\"wp-block-heading\">\u00a1Alza la voz!<\/h2>\n\t\t\t<section\n\t\t\tclass=\"boxout  \"\n\t\t\t\n\t\t>\n\t\t\t<a\n\t\t\t\tdata-ga-category=\"Take Action Boxout\"\n\t\t\t\tdata-ga-action=\"Image\"\n\t\t\t\tdata-ga-label=\"n\/a\"\n\t\t\t\tclass=\"cover-card-overlay\"\n\t\t\t\thref=\"https:\/\/act.gp\/3xpwDRB\" \n\t\t\t><\/a>\n\t\t\t\t\t\t\t<img\n\t\t\t\t\t\tsrc=\"https:\/\/www.greenpeace.org\/static\/planet4-mexico-stateless\/2024\/05\/da3c4ea8-gp0su0af8_medium-res-with-credit-line-1200px-1024x683.jpg\"\n\t\t\t\t\t\tsrcset=\"https:\/\/www.greenpeace.org\/static\/planet4-mexico-stateless\/2024\/05\/da3c4ea8-gp0su0af8_medium-res-with-credit-line-1200px-300x200.jpg 300w, https:\/\/www.greenpeace.org\/static\/planet4-mexico-stateless\/2024\/05\/da3c4ea8-gp0su0af8_medium-res-with-credit-line-1200px-1024x683.jpg 1024w, https:\/\/www.greenpeace.org\/static\/planet4-mexico-stateless\/2024\/05\/da3c4ea8-gp0su0af8_medium-res-with-credit-line-1200px-768x512.jpg 768w, https:\/\/www.greenpeace.org\/static\/planet4-mexico-stateless\/2024\/05\/da3c4ea8-gp0su0af8_medium-res-with-credit-line-1200px-510x340.jpg 510w, https:\/\/www.greenpeace.org\/static\/planet4-mexico-stateless\/2024\/05\/da3c4ea8-gp0su0af8_medium-res-with-credit-line-1200px.jpg 1200w\"\n\t\t\t\t\t\tsizes=\"(min-width: 1000px) 358px, (min-width: 780px) 313px, 88px\"\n\t\t\t\t\t\talt=\"\" title=\"\"\n\t\t\t\t\/>\n            \t\t\t<div class=\"boxout-content\">\n\t\t\t\t\t\t\t\t\t<a\n\t\t\t\t\t\tclass=\"boxout-heading medium\"\n\t\t\t\t\t\tdata-ga-category=\"Take Action Boxout\"\n\t\t\t\t\t\tdata-ga-action=\"Title\"\n\t\t\t\t\t\tdata-ga-label=\"n\/a\"\n\t\t\t\t\t\thref=\"https:\/\/act.gp\/3xpwDRB\"\n\t\t\t\t\t\t\n\t\t\t\t\t>\n\t\t\t\t\t\tPide una reubicaci\u00f3n justa y digna para El Bosque\n\t\t\t\t\t<\/a>\n\t\t\t\t\t\t\t\t\t\t\t\t\t<p class=\"boxout-excerpt\">La comunidad de El Bosque es vulnerable ante los efectos de huracanes y tormentas tropicales, alza la voz y pide una reubicaci\u00f3n urgente.<\/p>\n\t\t\t\t                                    <a\n                        class=\"btn btn-primary\"\n                        data-ga-category=\"Take Action Boxout\"\n                        data-ga-action=\"Call to Action\"\n                        data-ga-label=\"n\/a\"\n                        href=\"https:\/\/act.gp\/3xpwDRB\"\n                        \n                    >\n                        FIRMA AQU\u00cd\n                    <\/a>\n                \t\t\t<\/div>\n\t\t\t\t\t<\/section>\n\t\n<p>Notas: <\/p>\n\n<ol class=\"wp-block-list\">\n<li>NASA. (n.d.). Cinco preguntas para ayudarte a entender los huracanes y el cambio clim\u00e1tico. Retrieved from<a href=\"https:\/\/www.nasa.gov\/es\/cinco-preguntas-para-ayudarte-a-entender-los-huracanes-y-el-cambio-clim%C3%A1tico\/\"> https:\/\/www.nasa.gov\/es\/cinco-preguntas-para-ayudarte-a-entender-los-huracanes-y-el-cambio-clim%C3%A1tico\/<\/a> \u200b<\/li>\n\n\n\n<li>IPCC. (2021). <em>Climate Change 2021: The Physical Science Basis. Contribution of Working Group I to the Sixth Assessment Report of the Intergovernmental Panel on Climate Change<\/em> [Masson-Delmotte, V., Zhai, P., Pirani, A., Connors, S. L., P\u00e9an, C., Berger, S., Caud, N., Chen, Y., Goldfarb, L., Gomis, M. I., Huang, M., Leitzell, K., Lonnoy, E., Matthews, J. B. R., Maycock, T. K., Waterfield, T., Yelek\u00e7i, O., Yu, R., &amp; Zhou, B. (Eds.)]. Cambridge University Press. Disponible en<a href=\"https:\/\/www.ipcc.ch\/report\/ar6\/wg1\/chapter\/chapter-11\/\"> https:\/\/www.ipcc.ch\/report\/ar6\/wg1\/chapter\/chapter-11\/<\/a><\/li>\n<\/ol>\n","protected":false},"excerpt":{"rendered":"<p>Los ciclones tropicales no son producto del cambio clim\u00e1tico; estas tormentas han existido mucho antes de la acumulaci\u00f3n de emisiones antropog\u00e9nicas. Sin embargo, lo que ha cambiado es su intensidad y el impacto que tienen.<\/p>\n","protected":false},"author":79,"featured_media":54251,"comment_status":"open","ping_status":"open","sticky":false,"template":"","format":"standard","meta":{"ep_exclude_from_search":false,"p4_og_title":"\u00bfLos huracanes tienen relaci\u00f3n con el cambio clim\u00e1tico?","p4_og_description":"Los huracanes son tormentas masivas que se arremolinan r\u00e1pidamente alrededor de un centro de aire caliente. \n\nPero \u00bfCu\u00e1l es su relaci\u00f3n con el cambio clim\u00e1tico?","p4_og_image":"https:\/\/www.greenpeace.org\/static\/planet4-mexico-stateless\/2024\/06\/ed7ff90d-gp0stttld_pressmedia-2500px.jpg","p4_og_image_id":"54251","p4_seo_canonical_url":"","p4_campaign_name":"Climate and Justice","p4_local_project":"","p4_basket_name":"Climate &amp; Energy","p4_department":"","footnotes":""},"categories":[2],"tags":[],"p4-page-type":[14],"class_list":["post-54250","post","type-post","status-publish","format-standard","has-post-thumbnail","hentry","category-cambio-climatico","p4-page-type-blog"],"_links":{"self":[{"href":"https:\/\/www.greenpeace.org\/mexico\/wp-json\/wp\/v2\/posts\/54250","targetHints":{"allow":["GET"]}}],"collection":[{"href":"https:\/\/www.greenpeace.org\/mexico\/wp-json\/wp\/v2\/posts"}],"about":[{"href":"https:\/\/www.greenpeace.org\/mexico\/wp-json\/wp\/v2\/types\/post"}],"author":[{"embeddable":true,"href":"https:\/\/www.greenpeace.org\/mexico\/wp-json\/wp\/v2\/users\/79"}],"replies":[{"embeddable":true,"href":"https:\/\/www.greenpeace.org\/mexico\/wp-json\/wp\/v2\/comments?post=54250"}],"version-history":[{"count":3,"href":"https:\/\/www.greenpeace.org\/mexico\/wp-json\/wp\/v2\/posts\/54250\/revisions"}],"predecessor-version":[{"id":55357,"href":"https:\/\/www.greenpeace.org\/mexico\/wp-json\/wp\/v2\/posts\/54250\/revisions\/55357"}],"wp:featuredmedia":[{"embeddable":true,"href":"https:\/\/www.greenpeace.org\/mexico\/wp-json\/wp\/v2\/media\/54251"}],"wp:attachment":[{"href":"https:\/\/www.greenpeace.org\/mexico\/wp-json\/wp\/v2\/media?parent=54250"}],"wp:term":[{"taxonomy":"category","embeddable":true,"href":"https:\/\/www.greenpeace.org\/mexico\/wp-json\/wp\/v2\/categories?post=54250"},{"taxonomy":"post_tag","embeddable":true,"href":"https:\/\/www.greenpeace.org\/mexico\/wp-json\/wp\/v2\/tags?post=54250"},{"taxonomy":"p4-page-type","embeddable":true,"href":"https:\/\/www.greenpeace.org\/mexico\/wp-json\/wp\/v2\/p4-page-type?post=54250"}],"curies":[{"name":"wp","href":"https:\/\/api.w.org\/{rel}","templated":true}]}}