{"id":54383,"date":"2024-07-23T08:00:00","date_gmt":"2024-07-23T13:00:00","guid":{"rendered":"https:\/\/www.greenpeace.org\/mexico\/?p=54383"},"modified":"2025-04-22T14:31:26","modified_gmt":"2025-04-22T19:31:26","slug":"un-gran-megaproyecto-hotelero-de-grupo-xcaret-amenaza-la-selva-maya","status":"publish","type":"post","link":"https:\/\/www.greenpeace.org\/mexico\/informacion-prensa\/54383\/un-gran-megaproyecto-hotelero-de-grupo-xcaret-amenaza-la-selva-maya\/","title":{"rendered":"Un gran megaproyecto hotelero de Grupo Xcaret amenaza la Selva Maya"},"content":{"rendered":"\n<ul class=\"wp-block-list\">\n<li>Grupo Xcaret solicit\u00f3 una autorizaci\u00f3n de cambio de uso de suelo forestal.&nbsp;<\/li>\n\n\n\n<li>De lograrse, iniciar\u00eda un proceso de deforestaci\u00f3n de m\u00e1s de 150 hect\u00e1reas de selva.<\/li>\n\n\n\n<li>Los requerimientos de agua para la operaci\u00f3n del proyecto superan 22 veces el volumen anual para todo el municipio de Santa Elena, Yucat\u00e1n.<\/li>\n<\/ul>\n\n<p><strong>Ciudad de M\u00e9xico, a 23 de julio de 2024.- <\/strong>Greenpeace M\u00e9xico present\u00f3 el 19 de julio pasado a la SEMARNAT una serie de comentarios y alertas respecto a la Manifestaci\u00f3n de Impacto Ambiental de un megaproyecto de infraestructura tur\u00edstica en Santa Elena, Yucat\u00e1n.&nbsp;<\/p>\n\n<p>Dicho proyecto pretende construir un megadesarrollo tur\u00edstico en plena selva maya y contempla, entre distintas obras, 9 hoteles de 18 pisos cada uno. La empresa contempla albergar una capacidad m\u00e1xima de 16 mil 200 hu\u00e9spedes, cuatro veces la cantidad de la poblaci\u00f3n actual de la localidad de Santa Elena, cercana a la Zona Arqueol\u00f3gica de Uxmal.<\/p>\n\n<p>El lugar en el que se pretende construir est\u00e1 dentro de una zona de influencia del \u00c1rea Natural Protegida denominada \u201cReserva Estatal Biocultural del Puuc\u201d.&nbsp;<\/p>\n\n<p>De acuerdo a la informaci\u00f3n presentada por la empresa que quiere construir ese proyecto, tambi\u00e9n se contempla el desarrollo de macrolotes en diversas secciones del terreno, en los que pretenden desarrollar m\u00e1s proyectos tur\u00edsticos y espacios residenciales<strong>, <\/strong>lo cual ampliar\u00e1 a\u00fan m\u00e1s los impactos ambientales durante los pr\u00f3ximos a\u00f1os.<\/p>\n\n<p>Este no es el primer proyecto que Xcaret pretende levantar en Yucat\u00e1n. Sigue en puerta&nbsp; el parque Xibalb\u00e1 en Valladolid, el cual fue clausurado en 2022 por la Procuradur\u00eda Federal de Protecci\u00f3n al Ambiente (Profepa) por el impacto negativo que generaba a los cenotes y r\u00edos subterr\u00e1neos.<\/p>\n\n<figure class=\"wp-block-image size-full\"><img loading=\"lazy\" decoding=\"async\" width=\"1024\" height=\"683\" src=\"https:\/\/www.greenpeace.org\/static\/planet4-mexico-stateless\/2024\/07\/41822e53-pl_selva-maya_m.jpg\" title=\"Vista a\u00e9rea de la Selva Maya\" alt=\"Vista a\u00e9rea de la Selva Maya\" class=\"wp-image-54384\" srcset=\"https:\/\/www.greenpeace.org\/static\/planet4-mexico-stateless\/2024\/07\/41822e53-pl_selva-maya_m.jpg 1024w, https:\/\/www.greenpeace.org\/static\/planet4-mexico-stateless\/2024\/07\/41822e53-pl_selva-maya_m-300x200.jpg 300w, https:\/\/www.greenpeace.org\/static\/planet4-mexico-stateless\/2024\/07\/41822e53-pl_selva-maya_m-768x512.jpg 768w, https:\/\/www.greenpeace.org\/static\/planet4-mexico-stateless\/2024\/07\/41822e53-pl_selva-maya_m-510x340.jpg 510w\" sizes=\"auto, (max-width: 1024px) 100vw, 1024px\" \/><figcaption class=\"wp-element-caption\">Vista a\u00e9rea de la Selva Maya (Foto: Prometeo Lucero)<\/figcaption><\/figure>\n\n<h2 class=\"wp-block-heading\">Consecuencias negativas para el h\u00e1bitat<\/h2>\n\n<p>Un proyecto de esta magnitud significa la deforestaci\u00f3n de casi 160 hect\u00e1reas, lo que implicar\u00eda talar alrededor de 165 mil \u00e1rboles. Esa intenci\u00f3n de deforestaci\u00f3n responde a la necesidad de excavar el predio hasta&nbsp; 36 metros de profundidad para introducir elementos ajenos al escenario natural de la zona, entre ellos, cascadas y r\u00edos artificiales.&nbsp;<\/p>\n\n<p>Los requerimientos de agua para la operaci\u00f3n del proyecto ascienden a un volumen de 6,500 m<sup>3<\/sup> al d\u00eda, lo cual suma 2,372,500 m<sup>3<\/sup> al a\u00f1o. Este consumo supera 22 veces al volumen anual concesionado para el uso urbano de todo el municipio de Santa Elena. En contraste, actualmente solo la mitad de la poblaci\u00f3n local tiene acceso al agua potable, seg\u00fan el censo del INEGI de 2020.&nbsp;<\/p>\n\n<p>En el predio del proyecto se encontraron especies de aves sujetas a protecci\u00f3n especial seg\u00fan la NOM-059-SEMARNAT-2010. Estas son el pavo ocelado (<em>Meleagris ocellata<\/em>), el b\u00faho virginiano (<em>Bubo virginianus spp. mayensis<\/em>), el loro de frente blanca (<em>Amazona albifrons<\/em>) y el loro yucateco (<em>Amazona xantholora<\/em>). Lejos de proponer una verdadera prevenci\u00f3n para evitar desplazar a las aves con el proyecto, la empresa se limita a realizar \u201cactividades de ahuyamiento, rescate y desmonte gradual\u201d.<\/p>\n\n<p>Greenpeace dice NO a la urbanizaci\u00f3n de la Selva Maya, el pulm\u00f3n verde mexicano. Este proyecto es incompatible con una pol\u00edtica de largo aliento que busque asegurar la preservaci\u00f3n y conservaci\u00f3n en zonas de valor ambiental en el marco de la crisis clim\u00e1tica.<\/p>\n\n<p>Exhortamos a la SEMARNAT a que niegue la autorizaci\u00f3n de cambio de suelo solicitada por Grupo Xcaret, ya que m\u00e1s all\u00e1 de los riesgos e impactos enunciados en la respectiva Manifestaci\u00f3n de Impacto Ambiental, en el mediano y largo plazo su implementaci\u00f3n conducir\u00eda a un escenario de creciente urbanizaci\u00f3n y especulaci\u00f3n inmobiliaria que contribuir\u00edan a grandes afectaciones a la cultura y biodiversidad de la selva maya.<\/p>\n\n<p>A la misma instituci\u00f3n, exhortamos a fortalecer y ampliar los pol\u00edgonos de protecci\u00f3n en reservas y \u00c1reas Naturales Protegidas existentes, como es el caso de la Reserva Estatal Biocultural El Puuc, en colaboraci\u00f3n con las autoridades ambientales y las comunidades locales del estado de Yucat\u00e1n.<\/p>\n\n<p>\u2014<\/p>\n\n<p>FIN<\/p>\n\n<p><strong>Contacto para prensa:&nbsp;<\/strong><\/p>\n\n<p>Carlos Samayoa, campa\u00f1ista de Selva Maya, Greenpeace M\u00e9xico | <a href=\"mailto:csamayoa@greenpeace.org\">csamayoa@greenpeace.org<\/a> |&nbsp; +52 9671259105 |&nbsp; <br><br>Prometeo Rodr\u00edguez, coordinador de Comunicaci\u00f3n y Prensa de Greenpeace M\u00e9xico |&nbsp;<a href=\"mailto:prometeo.rodriguez@greenpeace.org\">prometeo.rodriguez@greenpeace.org<\/a> | +52 55 4084 5320<\/p>\n\n<p><\/p>\n","protected":false},"excerpt":{"rendered":"<p>Megaproyecto hotelero de Xcaret amenaza con deforestar 160 ha de selva maya y agotar recursos h\u00eddricos en Santa Elena, Yucat\u00e1n. <\/p>\n","protected":false},"author":29,"featured_media":54384,"comment_status":"open","ping_status":"open","sticky":false,"template":"","format":"standard","meta":{"ep_exclude_from_search":false,"p4_og_title":"Un gran megaproyecto hotelero de Grupo Xcaret amenaza la Selva Maya","p4_og_description":"Megaproyecto hotelero de Xcaret amenaza con deforestar 160 ha de selva maya y agotar recursos h\u00eddricos en Santa Elena, Yucat\u00e1n. ","p4_og_image":"https:\/\/www.greenpeace.org\/static\/planet4-mexico-stateless\/2024\/07\/41822e53-pl_selva-maya_m.jpg","p4_og_image_id":"54384","p4_seo_canonical_url":"","p4_campaign_name":"Local Campaign","p4_local_project":"","p4_basket_name":"Forests","p4_department":"","footnotes":""},"categories":[40],"tags":[19],"p4-page-type":[16],"class_list":["post-54383","post","type-post","status-publish","format-standard","has-post-thumbnail","hentry","category-selva-maya","tag-deforestacion","p4-page-type-informacion-prensa"],"_links":{"self":[{"href":"https:\/\/www.greenpeace.org\/mexico\/wp-json\/wp\/v2\/posts\/54383","targetHints":{"allow":["GET"]}}],"collection":[{"href":"https:\/\/www.greenpeace.org\/mexico\/wp-json\/wp\/v2\/posts"}],"about":[{"href":"https:\/\/www.greenpeace.org\/mexico\/wp-json\/wp\/v2\/types\/post"}],"author":[{"embeddable":true,"href":"https:\/\/www.greenpeace.org\/mexico\/wp-json\/wp\/v2\/users\/29"}],"replies":[{"embeddable":true,"href":"https:\/\/www.greenpeace.org\/mexico\/wp-json\/wp\/v2\/comments?post=54383"}],"version-history":[{"count":5,"href":"https:\/\/www.greenpeace.org\/mexico\/wp-json\/wp\/v2\/posts\/54383\/revisions"}],"predecessor-version":[{"id":55301,"href":"https:\/\/www.greenpeace.org\/mexico\/wp-json\/wp\/v2\/posts\/54383\/revisions\/55301"}],"wp:featuredmedia":[{"embeddable":true,"href":"https:\/\/www.greenpeace.org\/mexico\/wp-json\/wp\/v2\/media\/54384"}],"wp:attachment":[{"href":"https:\/\/www.greenpeace.org\/mexico\/wp-json\/wp\/v2\/media?parent=54383"}],"wp:term":[{"taxonomy":"category","embeddable":true,"href":"https:\/\/www.greenpeace.org\/mexico\/wp-json\/wp\/v2\/categories?post=54383"},{"taxonomy":"post_tag","embeddable":true,"href":"https:\/\/www.greenpeace.org\/mexico\/wp-json\/wp\/v2\/tags?post=54383"},{"taxonomy":"p4-page-type","embeddable":true,"href":"https:\/\/www.greenpeace.org\/mexico\/wp-json\/wp\/v2\/p4-page-type?post=54383"}],"curies":[{"name":"wp","href":"https:\/\/api.w.org\/{rel}","templated":true}]}}